{"id":43,"date":"2013-11-25T09:10:59","date_gmt":"2013-11-25T08:10:59","guid":{"rendered":"http:\/\/lungo800.it\/?p=43"},"modified":"2014-01-08T13:55:54","modified_gmt":"2014-01-08T12:55:54","slug":"votare-per-immagini-il-momento-elettorale-nella-cultura-visuale-europea-fra-sette-e-ottocento","status":"publish","type":"post","link":"https:\/\/lungo800.it\/?p=43","title":{"rendered":"Votare per immagini.<br\/> Il momento elettorale nella cultura visuale europea<br\/> fra Sette e Ottocento"},"content":{"rendered":"<p style=\"text-align: right;\">di Gian Luca Fruci<\/p>\n<p>La storia dell\u2019iconografia elettorale europea ha inizio nella Gran Bretagna del XVIII secolo con un paradigmatico addensamento sul \u00abpopolo elettore\u00bb che ne fissa i caratteri originali, dando luogo al contempo a uno specifico e duraturo genere sulla teatralit\u00e0 del voto inglese. In Francia e, con alcune eccezioni, sull\u2019intero continente, invece, i codici allegorici e satirici detengono a lungo un\u2019egemonia che, durante e dopo il periodo rivoluzionario e napoleonico, delimita l\u2019uniformazione dei linguaggi al tema della corruzione elettorale e alle connesse aspettative di riforma. A partire dal 1848, la grande trasformazione mediatica, che precede e accompagna il ritorno della rivoluzione, eleva la progressiva sperimentazione del suffragio universale maschile a soggetto iconografico privilegiato, favorendo un percorso di condivisione degli sguardi che nella seconda met\u00e0 del XIX secolo delinea il profilo di una cultura visuale europea del voto, centrata sulla consacrazione dell\u2019atto elettorale individuale.<\/p>\n<div style=\"margin: 0 11%;\"><!-- index.php -->\n<div\n\tclass=\"ngg-galleryoverview\"\n\tid=\"ngg-gallery-112-1\">\n\n    \t\t<!-- Thumbnails -->\n\t\t\t\t<div id=\"ngg-image-0\" class=\"ngg-gallery-thumbnail-box\" >\n\t\t\t\t        <div class=\"ngg-gallery-thumbnail\">\n            <a href=\"https:\/\/lungo800.it\/wp-content\/uploads\/2013\/11\/A1\/A1_Fruci_01.jpg\"\n               title=\"Fig. 1. Kentish Election 1734, 1734-1735, acquaforte (British Museum, London)\"\n               data-src=\"https:\/\/lungo800.it\/wp-content\/uploads\/2013\/11\/A1\/A1_Fruci_01.jpg\"\n               data-thumbnail=\"https:\/\/lungo800.it\/wp-content\/uploads\/2013\/11\/A1\/thumbs\/thumbs_A1_Fruci_01.jpg\"\n               data-image-id=\"743\"\n               data-title=\"Fig. 01. Kentish Election 1734, 1734-1735, acquaforte (British Museum, London)\"\n               data-description=\"Fig. 1. Kentish Election 1734, 1734-1735, acquaforte (British Museum, London)\"\n               data-image-slug=\"fig-01-kentish-election-1734-1734-1735-acquaforte-british-museum-london\"\n               class=\"ngg-fancybox\" rel=\"112\">\n                <img\n                    title=\"Fig. 01. Kentish Election 1734, 1734-1735, acquaforte (British Museum, London)\"\n                    alt=\"Fig. 01. Kentish Election 1734, 1734-1735, acquaforte (British Museum, London)\"\n                    src=\"https:\/\/lungo800.it\/wp-content\/uploads\/2013\/11\/A1\/cache\/A1_Fruci_01-nggid03743-ngg0dyn-150x150x100-00f0w010c011r110f110r010t010.jpg\"\n                    width=\"150\"\n                    height=\"150\"\n                    style=\"max-width:100%;\"\n                \/>\n            <\/a>\n        <\/div>\n\t\t\t\t\t\t\t<\/div> \n\t\t\t\n        \n\t\t\t\t<div id=\"ngg-image-1\" class=\"ngg-gallery-thumbnail-box\" >\n\t\t\t\t        <div class=\"ngg-gallery-thumbnail\">\n            <a href=\"https:\/\/lungo800.it\/wp-content\/uploads\/2013\/11\/A1\/A1_Fruci_02.jpg\"\n               title=\"Fig. 2. Frontispiece to J. Roberts, \u00abThe Humours of a Country Election\u00bb, London 1734, acquaforte.\"\n               data-src=\"https:\/\/lungo800.it\/wp-content\/uploads\/2013\/11\/A1\/A1_Fruci_02.jpg\"\n               data-thumbnail=\"https:\/\/lungo800.it\/wp-content\/uploads\/2013\/11\/A1\/thumbs\/thumbs_A1_Fruci_02.jpg\"\n               data-image-id=\"744\"\n               data-title=\"Fig. 02. Frontispiece to J. Roberts, \u00abThe Humours of a Country Election\u00bb, London 1734, acquaforte.\"\n               data-description=\"Fig. 2. Frontispiece to J. Roberts, \u00abThe Humours of a Country Election\u00bb, London 1734, acquaforte.\"\n               data-image-slug=\"fig-02-frontispiece-to-j-roberts-the-humours-of-a-country-election-london-1734-acquaforte\"\n               class=\"ngg-fancybox\" rel=\"112\">\n                <img\n                    title=\"Fig. 02. Frontispiece to J. Roberts, \u00abThe Humours of a Country Election\u00bb, London 1734, acquaforte.\"\n                    alt=\"Fig. 02. Frontispiece to J. Roberts, \u00abThe Humours of a Country Election\u00bb, London 1734, acquaforte.\"\n                    src=\"https:\/\/lungo800.it\/wp-content\/uploads\/2013\/11\/A1\/cache\/A1_Fruci_02-nggid03744-ngg0dyn-150x150x100-00f0w010c011r110f110r010t010.jpg\"\n                    width=\"150\"\n                    height=\"150\"\n                    style=\"max-width:100%;\"\n                \/>\n            <\/a>\n        <\/div>\n\t\t\t\t\t\t\t<\/div> \n\t\t\t\n        \n\t\t\t\t<div id=\"ngg-image-2\" class=\"ngg-gallery-thumbnail-box\" >\n\t\t\t\t        <div class=\"ngg-gallery-thumbnail\">\n            <a href=\"https:\/\/lungo800.it\/wp-content\/uploads\/2013\/11\/A1\/A1_Fruci_03a.jpg\"\n               title=\"Fig. 03a. William Hogarth, \u00abAn Election Entertainment\u00bb,1754, olio su tela (Sir John Soane\u2019s Museum, London)\"\n               data-src=\"https:\/\/lungo800.it\/wp-content\/uploads\/2013\/11\/A1\/A1_Fruci_03a.jpg\"\n               data-thumbnail=\"https:\/\/lungo800.it\/wp-content\/uploads\/2013\/11\/A1\/thumbs\/thumbs_A1_Fruci_03a.jpg\"\n               data-image-id=\"233\"\n               data-title=\"Fig. 03a. William Hogarth, \u00abAn Election Entertainment\u00bb,1754, olio su tela (Sir John Soane\u2019s Museum, London)\"\n               data-description=\"Fig. 03a. William Hogarth, \u00abAn Election Entertainment\u00bb,1754, olio su tela (Sir John Soane\u2019s Museum, London)\"\n               data-image-slug=\"fig-03a-william-hogarth-an-election-entertainment1754-olio-su-tela-sir-john-soanes-museum-london\"\n               class=\"ngg-fancybox\" rel=\"112\">\n                <img\n                    title=\"Fig. 03a. William Hogarth, \u00abAn Election Entertainment\u00bb,1754, olio su tela (Sir John Soane\u2019s Museum, London)\"\n                    alt=\"Fig. 03a. William Hogarth, \u00abAn Election Entertainment\u00bb,1754, olio su tela (Sir John Soane\u2019s Museum, London)\"\n                    src=\"https:\/\/lungo800.it\/wp-content\/uploads\/2013\/11\/A1\/cache\/A1_Fruci_03a-nggid03233-ngg0dyn-150x150x100-00f0w010c011r110f110r010t010.jpg\"\n                    width=\"150\"\n                    height=\"150\"\n                    style=\"max-width:100%;\"\n                \/>\n            <\/a>\n        <\/div>\n\t\t\t\t\t\t\t<\/div> \n\t\t\t\n        \n\t\t\t\t<div id=\"ngg-image-3\" class=\"ngg-gallery-thumbnail-box\" >\n\t\t\t\t        <div class=\"ngg-gallery-thumbnail\">\n            <a href=\"https:\/\/lungo800.it\/wp-content\/uploads\/2013\/11\/A1\/A1_Fruci_03b.jpg\"\n               title=\"Fig. 03b. William Hogarth, \u00abCanvassing for Votes\u00bb, 1754, olio su tela (Sir John Soane\u2019s Museum, London)\"\n               data-src=\"https:\/\/lungo800.it\/wp-content\/uploads\/2013\/11\/A1\/A1_Fruci_03b.jpg\"\n               data-thumbnail=\"https:\/\/lungo800.it\/wp-content\/uploads\/2013\/11\/A1\/thumbs\/thumbs_A1_Fruci_03b.jpg\"\n               data-image-id=\"234\"\n               data-title=\"Fig. 03b. William Hogarth, \u00abCanvassing for Votes\u00bb, 1754, olio su tela (Sir John Soane\u2019s Museum, London)\"\n               data-description=\"Fig. 03b. William Hogarth, \u00abCanvassing for Votes\u00bb, 1754, olio su tela (Sir John Soane\u2019s Museum, London)\"\n               data-image-slug=\"fig-03b-william-hogarth-canvassing-for-votes-1754-olio-su-tela-sir-john-soanes-museum-london\"\n               class=\"ngg-fancybox\" rel=\"112\">\n                <img\n                    title=\"Fig. 03b. William Hogarth, \u00abCanvassing for Votes\u00bb, 1754, olio su tela (Sir John Soane\u2019s Museum, London)\"\n                    alt=\"Fig. 03b. William Hogarth, \u00abCanvassing for Votes\u00bb, 1754, olio su tela (Sir John Soane\u2019s Museum, London)\"\n                    src=\"https:\/\/lungo800.it\/wp-content\/uploads\/2013\/11\/A1\/cache\/A1_Fruci_03b-nggid03234-ngg0dyn-150x150x100-00f0w010c011r110f110r010t010.jpg\"\n                    width=\"150\"\n                    height=\"150\"\n                    style=\"max-width:100%;\"\n                \/>\n            <\/a>\n        <\/div>\n\t\t\t\t\t\t\t<\/div> \n\t\t\t\n        \n\t\t\t\t<div id=\"ngg-image-4\" class=\"ngg-gallery-thumbnail-box\" >\n\t\t\t\t        <div class=\"ngg-gallery-thumbnail\">\n            <a href=\"https:\/\/lungo800.it\/wp-content\/uploads\/2013\/11\/A1\/A1_Fruci_03c.jpg\"\n               title=\"Fig. 03c. William Hogarth, \u00abThe Polling\u00bb, 1754, olio su tela (Sir John Soane\u2019s Museum, London)\"\n               data-src=\"https:\/\/lungo800.it\/wp-content\/uploads\/2013\/11\/A1\/A1_Fruci_03c.jpg\"\n               data-thumbnail=\"https:\/\/lungo800.it\/wp-content\/uploads\/2013\/11\/A1\/thumbs\/thumbs_A1_Fruci_03c.jpg\"\n               data-image-id=\"235\"\n               data-title=\"Fig. 03c. William Hogarth, \u00abThe Polling\u00bb, 1754, olio su tela (Sir John Soane\u2019s Museum, London)\"\n               data-description=\"Fig. 03c. William Hogarth, \u00abThe Polling\u00bb, 1754, olio su tela (Sir John Soane\u2019s Museum, London)\"\n               data-image-slug=\"fig-03c-william-hogarth-the-polling-1754-olio-su-tela-sir-john-soanes-museum-london\"\n               class=\"ngg-fancybox\" rel=\"112\">\n                <img\n                    title=\"Fig. 03c. William Hogarth, \u00abThe Polling\u00bb, 1754, olio su tela (Sir John Soane\u2019s Museum, London)\"\n                    alt=\"Fig. 03c. William Hogarth, \u00abThe Polling\u00bb, 1754, olio su tela (Sir John Soane\u2019s Museum, London)\"\n                    src=\"https:\/\/lungo800.it\/wp-content\/uploads\/2013\/11\/A1\/cache\/A1_Fruci_03c-nggid03235-ngg0dyn-150x150x100-00f0w010c011r110f110r010t010.jpg\"\n                    width=\"150\"\n                    height=\"150\"\n                    style=\"max-width:100%;\"\n                \/>\n            <\/a>\n        <\/div>\n\t\t\t\t\t\t\t<\/div> \n\t\t\t\n        \n\t\t\t\t<div id=\"ngg-image-5\" class=\"ngg-gallery-thumbnail-box\" >\n\t\t\t\t        <div class=\"ngg-gallery-thumbnail\">\n            <a href=\"https:\/\/lungo800.it\/wp-content\/uploads\/2013\/11\/A1\/A1_Fruci_03d.jpg\"\n               title=\"Fig. 03d. William Hogarth, \u00abChairing the Member\u00bb, 1754, olio su tela (Sir John Soane\u2019s Museum, London)\"\n               data-src=\"https:\/\/lungo800.it\/wp-content\/uploads\/2013\/11\/A1\/A1_Fruci_03d.jpg\"\n               data-thumbnail=\"https:\/\/lungo800.it\/wp-content\/uploads\/2013\/11\/A1\/thumbs\/thumbs_A1_Fruci_03d.jpg\"\n               data-image-id=\"236\"\n               data-title=\"Fig. 03d. William Hogarth, \u00abChairing the Member\u00bb, 1754, olio su tela (Sir John Soane\u2019s Museum, London)\"\n               data-description=\"Fig. 03d. William Hogarth, \u00abChairing the Member\u00bb, 1754, olio su tela (Sir John Soane\u2019s Museum, London)\"\n               data-image-slug=\"fig-03d-william-hogarth-chairing-the-member-1754-olio-su-tela-sir-john-soanes-museum-london\"\n               class=\"ngg-fancybox\" rel=\"112\">\n                <img\n                    title=\"Fig. 03d. William Hogarth, \u00abChairing the Member\u00bb, 1754, olio su tela (Sir John Soane\u2019s Museum, London)\"\n                    alt=\"Fig. 03d. William Hogarth, \u00abChairing the Member\u00bb, 1754, olio su tela (Sir John Soane\u2019s Museum, London)\"\n                    src=\"https:\/\/lungo800.it\/wp-content\/uploads\/2013\/11\/A1\/cache\/A1_Fruci_03d-nggid03236-ngg0dyn-150x150x100-00f0w010c011r110f110r010t010.jpg\"\n                    width=\"150\"\n                    height=\"150\"\n                    style=\"max-width:100%;\"\n                \/>\n            <\/a>\n        <\/div>\n\t\t\t\t\t\t\t<\/div> \n\t\t\t\n        \n\t\t\t\t<div id=\"ngg-image-6\" class=\"ngg-gallery-thumbnail-box\" >\n\t\t\t\t        <div class=\"ngg-gallery-thumbnail\">\n            <a href=\"https:\/\/lungo800.it\/wp-content\/uploads\/2013\/11\/A1\/A1_Fruci_04.jpg\"\n               title=\"Fig. 04. John Sartain, \u00abThe County Election\u00bb, 1854, incisione a mezzatinta colorata a mano (da George Caleb Bingham, \u00abThe County Election\u00bb, 1852, olio su tela; Hood Museum of Art, Hanover, New Hampshire)\"\n               data-src=\"https:\/\/lungo800.it\/wp-content\/uploads\/2013\/11\/A1\/A1_Fruci_04.jpg\"\n               data-thumbnail=\"https:\/\/lungo800.it\/wp-content\/uploads\/2013\/11\/A1\/thumbs\/thumbs_A1_Fruci_04.jpg\"\n               data-image-id=\"381\"\n               data-title=\"Fig. 04. John Sartain, \u00abThe County Election\u00bb, 1854, incisione a mezzatinta colorata a mano (da George Caleb Bingham, \u00abThe County Election\u00bb, 1852, olio su tela; Hood Museum of Art, Hanover, New Hampshire)\"\n               data-description=\"Fig. 04. John Sartain, \u00abThe County Election\u00bb, 1854, incisione a mezzatinta colorata a mano (da George Caleb Bingham, \u00abThe County Election\u00bb, 1852, olio su tela; Hood Museum of Art, Hanover, New Hampshire)\"\n               data-image-slug=\"fig-04-john-sartain-the-county-election-1854-incisione-a-mezzatinta-colorata-a-mano-da-george-caleb-bingham-the-county-election-1852-olio-su-tela-hood-museum-of-art\"\n               class=\"ngg-fancybox\" rel=\"112\">\n                <img\n                    title=\"Fig. 04. John Sartain, \u00abThe County Election\u00bb, 1854, incisione a mezzatinta colorata a mano (da George Caleb Bingham, \u00abThe County Election\u00bb, 1852, olio su tela; Hood Museum of Art, Hanover, New Hampshire)\"\n                    alt=\"Fig. 04. John Sartain, \u00abThe County Election\u00bb, 1854, incisione a mezzatinta colorata a mano (da George Caleb Bingham, \u00abThe County Election\u00bb, 1852, olio su tela; Hood Museum of Art, Hanover, New Hampshire)\"\n                    src=\"https:\/\/lungo800.it\/wp-content\/uploads\/2013\/11\/A1\/cache\/A1_Fruci_04-nggid03381-ngg0dyn-150x150x100-00f0w010c011r110f110r010t010.jpg\"\n                    width=\"150\"\n                    height=\"150\"\n                    style=\"max-width:100%;\"\n                \/>\n            <\/a>\n        <\/div>\n\t\t\t\t\t\t\t<\/div> \n\t\t\t\n        \n\t\t\t\t<div id=\"ngg-image-7\" class=\"ngg-gallery-thumbnail-box\" >\n\t\t\t\t        <div class=\"ngg-gallery-thumbnail\">\n            <a href=\"https:\/\/lungo800.it\/wp-content\/uploads\/2013\/11\/A1\/A1_Fruci_05.jpg\"\n               title=\"Fig. 05. \u00abThe Chairing of Fox\u00bb, W. Wall, London 1784, acquaforte (British Museum, London)\"\n               data-src=\"https:\/\/lungo800.it\/wp-content\/uploads\/2013\/11\/A1\/A1_Fruci_05.jpg\"\n               data-thumbnail=\"https:\/\/lungo800.it\/wp-content\/uploads\/2013\/11\/A1\/thumbs\/thumbs_A1_Fruci_05.jpg\"\n               data-image-id=\"382\"\n               data-title=\"Fig. 05. \u00abThe Chairing of Fox\u00bb, W. Wall, London 1784, acquaforte (British Museum, London)\"\n               data-description=\"Fig. 05. \u00abThe Chairing of Fox\u00bb, W. Wall, London 1784, acquaforte (British Museum, London)\"\n               data-image-slug=\"fig-05-the-chairing-of-fox-w-wall-london-1784-acquaforte-british-museum-london\"\n               class=\"ngg-fancybox\" rel=\"112\">\n                <img\n                    title=\"Fig. 05. \u00abThe Chairing of Fox\u00bb, W. Wall, London 1784, acquaforte (British Museum, London)\"\n                    alt=\"Fig. 05. \u00abThe Chairing of Fox\u00bb, W. Wall, London 1784, acquaforte (British Museum, London)\"\n                    src=\"https:\/\/lungo800.it\/wp-content\/uploads\/2013\/11\/A1\/cache\/A1_Fruci_05-nggid03382-ngg0dyn-150x150x100-00f0w010c011r110f110r010t010.jpg\"\n                    width=\"150\"\n                    height=\"150\"\n                    style=\"max-width:100%;\"\n                \/>\n            <\/a>\n        <\/div>\n\t\t\t\t\t\t\t<\/div> \n\t\t\t\n        \n\t\t\t\t<div id=\"ngg-image-8\" class=\"ngg-gallery-thumbnail-box\" >\n\t\t\t\t        <div class=\"ngg-gallery-thumbnail\">\n            <a href=\"https:\/\/lungo800.it\/wp-content\/uploads\/2013\/11\/A1\/A1_Fruci_06.jpg\"\n               title=\"Fig. 06. \u00abThe Election Tate \u00e1 Tate\u00bb, Hannah Humphrey, London 1784, acquaforte (British Museum, London)\"\n               data-src=\"https:\/\/lungo800.it\/wp-content\/uploads\/2013\/11\/A1\/A1_Fruci_06.jpg\"\n               data-thumbnail=\"https:\/\/lungo800.it\/wp-content\/uploads\/2013\/11\/A1\/thumbs\/thumbs_A1_Fruci_06.jpg\"\n               data-image-id=\"383\"\n               data-title=\"Fig. 06. \u00abThe Election Tate \u00e1 Tate\u00bb, Hannah Humphrey, London 1784, acquaforte (British Museum, London)\"\n               data-description=\"Fig. 06. \u00abThe Election Tate \u00e1 Tate\u00bb, Hannah Humphrey, London 1784, acquaforte (British Museum, London)\"\n               data-image-slug=\"fig-06-the-election-tate-a-tate-hannah-humphrey-london-1784-acquaforte-british-museum-london\"\n               class=\"ngg-fancybox\" rel=\"112\">\n                <img\n                    title=\"Fig. 06. \u00abThe Election Tate \u00e1 Tate\u00bb, Hannah Humphrey, London 1784, acquaforte (British Museum, London)\"\n                    alt=\"Fig. 06. \u00abThe Election Tate \u00e1 Tate\u00bb, Hannah Humphrey, London 1784, acquaforte (British Museum, London)\"\n                    src=\"https:\/\/lungo800.it\/wp-content\/uploads\/2013\/11\/A1\/cache\/A1_Fruci_06-nggid03383-ngg0dyn-150x150x100-00f0w010c011r110f110r010t010.jpg\"\n                    width=\"150\"\n                    height=\"150\"\n                    style=\"max-width:100%;\"\n                \/>\n            <\/a>\n        <\/div>\n\t\t\t\t\t\t\t<\/div> \n\t\t\t\n        \n\t\t\t\t<div id=\"ngg-image-9\" class=\"ngg-gallery-thumbnail-box\" >\n\t\t\t\t        <div class=\"ngg-gallery-thumbnail\">\n            <a href=\"https:\/\/lungo800.it\/wp-content\/uploads\/2013\/11\/A1\/A1_Fruci_07.jpg\"\n               title=\"Fig. 7. Thomas Rowlandson, \u00abWit\u2019s Last Stake or the the Cobling Voters and Abject Canvassers\u00bb, 1784, acquaforte (British Museum, London)\"\n               data-src=\"https:\/\/lungo800.it\/wp-content\/uploads\/2013\/11\/A1\/A1_Fruci_07.jpg\"\n               data-thumbnail=\"https:\/\/lungo800.it\/wp-content\/uploads\/2013\/11\/A1\/thumbs\/thumbs_A1_Fruci_07.jpg\"\n               data-image-id=\"745\"\n               data-title=\"Fig. 07. Thomas Rowlandson, \u00abWit\u2019s Last Stake or the the Cobling Voters and Abject Canvassers\u00bb, 1784, acquaforte (British Museum, London)\"\n               data-description=\"Fig. 7. Thomas Rowlandson, \u00abWit\u2019s Last Stake or the the Cobling Voters and Abject Canvassers\u00bb, 1784, acquaforte (British Museum, London)\"\n               data-image-slug=\"fig-07-thomas-rowlandson-wits-last-stake-or-the-the-cobling-voters-and-abject-canvassers-1784-acquaforte-british-museum-london\"\n               class=\"ngg-fancybox\" rel=\"112\">\n                <img\n                    title=\"Fig. 07. Thomas Rowlandson, \u00abWit\u2019s Last Stake or the the Cobling Voters and Abject Canvassers\u00bb, 1784, acquaforte (British Museum, London)\"\n                    alt=\"Fig. 07. Thomas Rowlandson, \u00abWit\u2019s Last Stake or the the Cobling Voters and Abject Canvassers\u00bb, 1784, acquaforte (British Museum, London)\"\n                    src=\"https:\/\/lungo800.it\/wp-content\/uploads\/2013\/11\/A1\/cache\/A1_Fruci_07-nggid03745-ngg0dyn-150x150x100-00f0w010c011r110f110r010t010.jpg\"\n                    width=\"150\"\n                    height=\"150\"\n                    style=\"max-width:100%;\"\n                \/>\n            <\/a>\n        <\/div>\n\t\t\t\t\t\t\t<\/div> \n\t\t\t\n        \n\t\t\t\t<div id=\"ngg-image-10\" class=\"ngg-gallery-thumbnail-box\" >\n\t\t\t\t        <div class=\"ngg-gallery-thumbnail\">\n            <a href=\"https:\/\/lungo800.it\/wp-content\/uploads\/2013\/11\/A1\/A1_Fruci_08.jpg\"\n               title=\"Fig. 08. Robert Dighton, \u00abAn Election Scene in Covent Garden, 1796\u00bb, incisione colorata di M. B. Bate, 1800 ca. (British Museum, London)\"\n               data-src=\"https:\/\/lungo800.it\/wp-content\/uploads\/2013\/11\/A1\/A1_Fruci_08.jpg\"\n               data-thumbnail=\"https:\/\/lungo800.it\/wp-content\/uploads\/2013\/11\/A1\/thumbs\/thumbs_A1_Fruci_08.jpg\"\n               data-image-id=\"385\"\n               data-title=\"Fig. 08. Robert Dighton, \u00abAn Election Scene in Covent Garden, 1796\u00bb, incisione colorata di M. B. Bate, 1800 ca. (British Museum, London)\"\n               data-description=\"Fig. 08. Robert Dighton, \u00abAn Election Scene in Covent Garden, 1796\u00bb, incisione colorata di M. B. Bate, 1800 ca. (British Museum, London)\"\n               data-image-slug=\"fig-08-robert-dighton-an-election-scene-in-covent-garden-1796-incisione-colorata-di-m-b-bate-1800-ca-british-museum-london\"\n               class=\"ngg-fancybox\" rel=\"112\">\n                <img\n                    title=\"Fig. 08. Robert Dighton, \u00abAn Election Scene in Covent Garden, 1796\u00bb, incisione colorata di M. B. Bate, 1800 ca. (British Museum, London)\"\n                    alt=\"Fig. 08. Robert Dighton, \u00abAn Election Scene in Covent Garden, 1796\u00bb, incisione colorata di M. B. Bate, 1800 ca. (British Museum, London)\"\n                    src=\"https:\/\/lungo800.it\/wp-content\/uploads\/2013\/11\/A1\/cache\/A1_Fruci_08-nggid03385-ngg0dyn-150x150x100-00f0w010c011r110f110r010t010.jpg\"\n                    width=\"150\"\n                    height=\"150\"\n                    style=\"max-width:100%;\"\n                \/>\n            <\/a>\n        <\/div>\n\t\t\t\t\t\t\t<\/div> \n\t\t\t\n        \n\t\t\t\t<div id=\"ngg-image-11\" class=\"ngg-gallery-thumbnail-box\" >\n\t\t\t\t        <div class=\"ngg-gallery-thumbnail\">\n            <a href=\"https:\/\/lungo800.it\/wp-content\/uploads\/2013\/11\/A1\/A1_Fruci_09.jpg\"\n               title=\"Fig. 09. Thomas Rowlandson, \u00abCovent Garden Market Westminster Election\u00bb, acquatinta, in \u201cMicrocosm of London, or London in miniature\u201d, I, Ackerman, London 1808, p. 209 tav. 26.\"\n               data-src=\"https:\/\/lungo800.it\/wp-content\/uploads\/2013\/11\/A1\/A1_Fruci_09.jpg\"\n               data-thumbnail=\"https:\/\/lungo800.it\/wp-content\/uploads\/2013\/11\/A1\/thumbs\/thumbs_A1_Fruci_09.jpg\"\n               data-image-id=\"386\"\n               data-title=\"Fig. 09. Thomas Rowlandson, \u00abCovent Garden Market Westminster Election\u00bb, acquatinta, in \u201cMicrocosm of London, or London in miniature\u201d, I, Ackerman, London 1808, p. 209 tav. 26.\"\n               data-description=\"Fig. 09. Thomas Rowlandson, \u00abCovent Garden Market Westminster Election\u00bb, acquatinta, in \u201cMicrocosm of London, or London in miniature\u201d, I, Ackerman, London 1808, p. 209 tav. 26.\"\n               data-image-slug=\"fig-09-thomas-rowlandson-covent-garden-market-westminster-election-acquatinta-in-microcosm-of-london-or-london-in-miniature-i-ackerman-london-1808-p-209-tav-2\"\n               class=\"ngg-fancybox\" rel=\"112\">\n                <img\n                    title=\"Fig. 09. Thomas Rowlandson, \u00abCovent Garden Market Westminster Election\u00bb, acquatinta, in \u201cMicrocosm of London, or London in miniature\u201d, I, Ackerman, London 1808, p. 209 tav. 26.\"\n                    alt=\"Fig. 09. Thomas Rowlandson, \u00abCovent Garden Market Westminster Election\u00bb, acquatinta, in \u201cMicrocosm of London, or London in miniature\u201d, I, Ackerman, London 1808, p. 209 tav. 26.\"\n                    src=\"https:\/\/lungo800.it\/wp-content\/uploads\/2013\/11\/A1\/cache\/A1_Fruci_09-nggid03386-ngg0dyn-150x150x100-00f0w010c011r110f110r010t010.jpg\"\n                    width=\"150\"\n                    height=\"150\"\n                    style=\"max-width:100%;\"\n                \/>\n            <\/a>\n        <\/div>\n\t\t\t\t\t\t\t<\/div> \n\t\t\t\n        \n\t\t\t\t<div id=\"ngg-image-12\" class=\"ngg-gallery-thumbnail-box\" >\n\t\t\t\t        <div class=\"ngg-gallery-thumbnail\">\n            <a href=\"https:\/\/lungo800.it\/wp-content\/uploads\/2013\/11\/A1\/A1_Fruci_10.jpg\"\n               title=\"Fig. 10. George Scharf, \u00abRepresentation of the Election of Members of Parliament for Westminster 1818 \/ Repr\u00e9sentation des \u00c9lections des Membres de Parlement pour Westminster 1818\u00bb, Colnaghi, London 1818, acquatinta colorata a mano (British Museum, London)\"\n               data-src=\"https:\/\/lungo800.it\/wp-content\/uploads\/2013\/11\/A1\/A1_Fruci_10.jpg\"\n               data-thumbnail=\"https:\/\/lungo800.it\/wp-content\/uploads\/2013\/11\/A1\/thumbs\/thumbs_A1_Fruci_10.jpg\"\n               data-image-id=\"387\"\n               data-title=\"Fig. 10. George Scharf, \u00abRepresentation of the Election of Members of Parliament for Westminster 1818 \/ Repr\u00e9sentation des \u00c9lections des Membres de Parlement pour Westminster 1818\u00bb, Colnaghi, London 1818, acquatinta colorata a mano (British Museum, London)\"\n               data-description=\"Fig. 10. George Scharf, \u00abRepresentation of the Election of Members of Parliament for Westminster 1818 \/ Repr\u00e9sentation des \u00c9lections des Membres de Parlement pour Westminster 1818\u00bb, Colnaghi, London 1818, acquatinta colorata a mano (British Museum, London)\"\n               data-image-slug=\"fig-10-george-scharf-representation-of-the-election-of-members-of-parliament-for-westminster-1818-representation-des-elections-des-membres-de-parlement-pour-westminster-1818-colnaghi\"\n               class=\"ngg-fancybox\" rel=\"112\">\n                <img\n                    title=\"Fig. 10. George Scharf, \u00abRepresentation of the Election of Members of Parliament for Westminster 1818 \/ Repr\u00e9sentation des \u00c9lections des Membres de Parlement pour Westminster 1818\u00bb, Colnaghi, London 1818, acquatinta colorata a mano (British Museum, London)\"\n                    alt=\"Fig. 10. George Scharf, \u00abRepresentation of the Election of Members of Parliament for Westminster 1818 \/ Repr\u00e9sentation des \u00c9lections des Membres de Parlement pour Westminster 1818\u00bb, Colnaghi, London 1818, acquatinta colorata a mano (British Museum, London)\"\n                    src=\"https:\/\/lungo800.it\/wp-content\/uploads\/2013\/11\/A1\/cache\/A1_Fruci_10-nggid03387-ngg0dyn-150x150x100-00f0w010c011r110f110r010t010.jpg\"\n                    width=\"150\"\n                    height=\"150\"\n                    style=\"max-width:100%;\"\n                \/>\n            <\/a>\n        <\/div>\n\t\t\t\t\t\t\t<\/div> \n\t\t\t\n        \n\t\t\t\t<div id=\"ngg-image-13\" class=\"ngg-gallery-thumbnail-box\" >\n\t\t\t\t        <div class=\"ngg-gallery-thumbnail\">\n            <a href=\"https:\/\/lungo800.it\/wp-content\/uploads\/2013\/11\/A1\/A1_Fruci_11.jpg\"\n               title=\"Fig. 11. \u00abAn Election Scene at Kilkenny \u2013 From a Drawing by Fitzpatrick\u00bb, in \u00abThe Illustrated London News\u00bb, May 14, 1859, p. 447.\"\n               data-src=\"https:\/\/lungo800.it\/wp-content\/uploads\/2013\/11\/A1\/A1_Fruci_11.jpg\"\n               data-thumbnail=\"https:\/\/lungo800.it\/wp-content\/uploads\/2013\/11\/A1\/thumbs\/thumbs_A1_Fruci_11.jpg\"\n               data-image-id=\"746\"\n               data-title=\"Fig. 11. \u00abAn Election Scene at Kilkenny \u2013 From a Drawing by Fitzpatrick\u00bb, in \u00abThe Illustrated London News\u00bb, May 14, 1859, p. 447.\"\n               data-description=\"Fig. 11. \u00abAn Election Scene at Kilkenny \u2013 From a Drawing by Fitzpatrick\u00bb, in \u00abThe Illustrated London News\u00bb, May 14, 1859, p. 447.\"\n               data-image-slug=\"fig-11-an-election-scene-at-kilkenny-from-a-drawing-by-fitzpatrick-in-the-illustrated-london-news-may-14-1859-p-447-2\"\n               class=\"ngg-fancybox\" rel=\"112\">\n                <img\n                    title=\"Fig. 11. \u00abAn Election Scene at Kilkenny \u2013 From a Drawing by Fitzpatrick\u00bb, in \u00abThe Illustrated London News\u00bb, May 14, 1859, p. 447.\"\n                    alt=\"Fig. 11. \u00abAn Election Scene at Kilkenny \u2013 From a Drawing by Fitzpatrick\u00bb, in \u00abThe Illustrated London News\u00bb, May 14, 1859, p. 447.\"\n                    src=\"https:\/\/lungo800.it\/wp-content\/uploads\/2013\/11\/A1\/cache\/A1_Fruci_11-nggid03746-ngg0dyn-150x150x100-00f0w010c011r110f110r010t010.jpg\"\n                    width=\"150\"\n                    height=\"150\"\n                    style=\"max-width:100%;\"\n                \/>\n            <\/a>\n        <\/div>\n\t\t\t\t\t\t\t<\/div> \n\t\t\t\n        \n\t\t\t\t<div id=\"ngg-image-14\" class=\"ngg-gallery-thumbnail-box\" >\n\t\t\t\t        <div class=\"ngg-gallery-thumbnail\">\n            <a href=\"https:\/\/lungo800.it\/wp-content\/uploads\/2013\/11\/A1\/A1_Fruci_12.jpg\"\n               title=\"Fig. 12. \u00abLe elezioni in Bulgaria. \u2013 Una scena della lotta elettorale a Sciumala, sulla piazza principale\u00bb, in \u00abL\u2019Illustrazione popolare\u00bb, 14 novembre 1886, p. 725.\"\n               data-src=\"https:\/\/lungo800.it\/wp-content\/uploads\/2013\/11\/A1\/A1_Fruci_12.jpg\"\n               data-thumbnail=\"https:\/\/lungo800.it\/wp-content\/uploads\/2013\/11\/A1\/thumbs\/thumbs_A1_Fruci_12.jpg\"\n               data-image-id=\"389\"\n               data-title=\"Fig. 12. \u00abLe elezioni in Bulgaria. \u2013 Una scena della lotta elettorale a Sciumala, sulla piazza principale\u00bb, in \u00abL\u2019Illustrazione popolare\u00bb, 14 novembre 1886, p. 725.\"\n               data-description=\"Fig. 12. \u00abLe elezioni in Bulgaria. \u2013 Una scena della lotta elettorale a Sciumala, sulla piazza principale\u00bb, in \u00abL\u2019Illustrazione popolare\u00bb, 14 novembre 1886, p. 725.\"\n               data-image-slug=\"fig-12-le-elezioni-in-bulgaria-una-scena-della-lotta-elettorale-a-sciumala-sulla-piazza-principale-in-lillustrazione-popolare-14-novembre-1886-p-725\"\n               class=\"ngg-fancybox\" rel=\"112\">\n                <img\n                    title=\"Fig. 12. \u00abLe elezioni in Bulgaria. \u2013 Una scena della lotta elettorale a Sciumala, sulla piazza principale\u00bb, in \u00abL\u2019Illustrazione popolare\u00bb, 14 novembre 1886, p. 725.\"\n                    alt=\"Fig. 12. \u00abLe elezioni in Bulgaria. \u2013 Una scena della lotta elettorale a Sciumala, sulla piazza principale\u00bb, in \u00abL\u2019Illustrazione popolare\u00bb, 14 novembre 1886, p. 725.\"\n                    src=\"https:\/\/lungo800.it\/wp-content\/uploads\/2013\/11\/A1\/cache\/A1_Fruci_12-nggid03389-ngg0dyn-150x150x100-00f0w010c011r110f110r010t010.jpg\"\n                    width=\"150\"\n                    height=\"150\"\n                    style=\"max-width:100%;\"\n                \/>\n            <\/a>\n        <\/div>\n\t\t\t\t\t\t\t<\/div> \n\t\t\t\n        \n\t\t\t\t<div id=\"ngg-image-15\" class=\"ngg-gallery-thumbnail-box\" >\n\t\t\t\t        <div class=\"ngg-gallery-thumbnail\">\n            <a href=\"https:\/\/lungo800.it\/wp-content\/uploads\/2013\/11\/A1\/A1_Fruci_13.jpg\"\n               title=\"Fig. 13. Anonimo, \u00abThe Bedford Town Election of 1832\u00bb, 1835, olio su tela (Cecil Higgins Art Gallery, Bedford)\"\n               data-src=\"https:\/\/lungo800.it\/wp-content\/uploads\/2013\/11\/A1\/A1_Fruci_13.jpg\"\n               data-thumbnail=\"https:\/\/lungo800.it\/wp-content\/uploads\/2013\/11\/A1\/thumbs\/thumbs_A1_Fruci_13.jpg\"\n               data-image-id=\"237\"\n               data-title=\"Fig. 13. Anonimo, \u00abThe Bedford Town Election of 1832\u00bb, 1835, olio su tela (Cecil Higgins Art Gallery, Bedford)\"\n               data-description=\"Fig. 13. Anonimo, \u00abThe Bedford Town Election of 1832\u00bb, 1835, olio su tela (Cecil Higgins Art Gallery, Bedford)\"\n               data-image-slug=\"fig-13-anonimo-the-bedford-town-election-of-1832-1835-olio-su-tela-cecil-higgins-art-gallery-bedford\"\n               class=\"ngg-fancybox\" rel=\"112\">\n                <img\n                    title=\"Fig. 13. Anonimo, \u00abThe Bedford Town Election of 1832\u00bb, 1835, olio su tela (Cecil Higgins Art Gallery, Bedford)\"\n                    alt=\"Fig. 13. Anonimo, \u00abThe Bedford Town Election of 1832\u00bb, 1835, olio su tela (Cecil Higgins Art Gallery, Bedford)\"\n                    src=\"https:\/\/lungo800.it\/wp-content\/uploads\/2013\/11\/A1\/cache\/A1_Fruci_13-nggid03237-ngg0dyn-150x150x100-00f0w010c011r110f110r010t010.jpg\"\n                    width=\"150\"\n                    height=\"150\"\n                    style=\"max-width:100%;\"\n                \/>\n            <\/a>\n        <\/div>\n\t\t\t\t\t\t\t<\/div> \n\t\t\t\n        \n\t\t\t\t<div id=\"ngg-image-16\" class=\"ngg-gallery-thumbnail-box\" >\n\t\t\t\t        <div class=\"ngg-gallery-thumbnail\">\n            <a href=\"https:\/\/lungo800.it\/wp-content\/uploads\/2013\/11\/A1\/A1_Fruci_14.jpg\"\n               title=\"Fig. 14. \u00abThe Hustings at Bury St Edmunds outside the Angel Hotel\u00bb, July 1865, fotografia (Suffolk County Council, Librairies and Heritage)\"\n               data-src=\"https:\/\/lungo800.it\/wp-content\/uploads\/2013\/11\/A1\/A1_Fruci_14.jpg\"\n               data-thumbnail=\"https:\/\/lungo800.it\/wp-content\/uploads\/2013\/11\/A1\/thumbs\/thumbs_A1_Fruci_14.jpg\"\n               data-image-id=\"391\"\n               data-title=\"Fig. 14. \u00abThe Hustings at Bury St Edmunds outside the Angel Hotel\u00bb, July 1865, fotografia (Suffolk County Council, Librairies and Heritage)\"\n               data-description=\"Fig. 14. \u00abThe Hustings at Bury St Edmunds outside the Angel Hotel\u00bb, July 1865, fotografia (Suffolk County Council, Librairies and Heritage)\"\n               data-image-slug=\"fig-14-the-hustings-at-bury-st-edmunds-outside-the-angel-hotel-july-1865-fotografia-suffolk-county-council-librairies-and-heritage\"\n               class=\"ngg-fancybox\" rel=\"112\">\n                <img\n                    title=\"Fig. 14. \u00abThe Hustings at Bury St Edmunds outside the Angel Hotel\u00bb, July 1865, fotografia (Suffolk County Council, Librairies and Heritage)\"\n                    alt=\"Fig. 14. \u00abThe Hustings at Bury St Edmunds outside the Angel Hotel\u00bb, July 1865, fotografia (Suffolk County Council, Librairies and Heritage)\"\n                    src=\"https:\/\/lungo800.it\/wp-content\/uploads\/2013\/11\/A1\/cache\/A1_Fruci_14-nggid03391-ngg0dyn-150x150x100-00f0w010c011r110f110r010t010.jpg\"\n                    width=\"150\"\n                    height=\"150\"\n                    style=\"max-width:100%;\"\n                \/>\n            <\/a>\n        <\/div>\n\t\t\t\t\t\t\t<\/div> \n\t\t\t\n        \n\t\t\t\t<div id=\"ngg-image-17\" class=\"ngg-gallery-thumbnail-box\" >\n\t\t\t\t        <div class=\"ngg-gallery-thumbnail\">\n            <a href=\"https:\/\/lungo800.it\/wp-content\/uploads\/2013\/11\/A1\/A1_Fruci_15.jpg\"\n               title=\"Fig. 15. Johann Jakob Mock, \u00abDie Landsgemeinde in Trogen Canton Appenzell V.R. am 24. Aprill 1814\u00bb, 1814, acquatinta (Schweizerische Landesbibliothek, Bern)\"\n               data-src=\"https:\/\/lungo800.it\/wp-content\/uploads\/2013\/11\/A1\/A1_Fruci_15.jpg\"\n               data-thumbnail=\"https:\/\/lungo800.it\/wp-content\/uploads\/2013\/11\/A1\/thumbs\/thumbs_A1_Fruci_15.jpg\"\n               data-image-id=\"392\"\n               data-title=\"Fig. 15. Johann Jakob Mock, \u00abDie Landsgemeinde in Trogen Canton Appenzell V.R. am 24. Aprill 1814\u00bb, 1814, acquatinta (Schweizerische Landesbibliothek, Bern)\"\n               data-description=\"Fig. 15. Johann Jakob Mock, \u00abDie Landsgemeinde in Trogen Canton Appenzell V.R. am 24. Aprill 1814\u00bb, 1814, acquatinta (Schweizerische Landesbibliothek, Bern)\"\n               data-image-slug=\"fig-15-johann-jakob-mock-die-landsgemeinde-in-trogen-canton-appenzell-v-r-am-24-aprill-1814-1814-acquatinta-schweizerische-landesbibliothek-bern\"\n               class=\"ngg-fancybox\" rel=\"112\">\n                <img\n                    title=\"Fig. 15. Johann Jakob Mock, \u00abDie Landsgemeinde in Trogen Canton Appenzell V.R. am 24. Aprill 1814\u00bb, 1814, acquatinta (Schweizerische Landesbibliothek, Bern)\"\n                    alt=\"Fig. 15. Johann Jakob Mock, \u00abDie Landsgemeinde in Trogen Canton Appenzell V.R. am 24. Aprill 1814\u00bb, 1814, acquatinta (Schweizerische Landesbibliothek, Bern)\"\n                    src=\"https:\/\/lungo800.it\/wp-content\/uploads\/2013\/11\/A1\/cache\/A1_Fruci_15-nggid03392-ngg0dyn-150x150x100-00f0w010c011r110f110r010t010.jpg\"\n                    width=\"150\"\n                    height=\"150\"\n                    style=\"max-width:100%;\"\n                \/>\n            <\/a>\n        <\/div>\n\t\t\t\t\t\t\t<\/div> \n\t\t\t\n        \n\t\t\t\t<div id=\"ngg-image-18\" class=\"ngg-gallery-thumbnail-box\" >\n\t\t\t\t        <div class=\"ngg-gallery-thumbnail\">\n            <a href=\"https:\/\/lungo800.it\/wp-content\/uploads\/2013\/11\/A1\/A1_Fruci_16.jpg\"\n               title=\"Fig. 16. \u00abM\u0153urs politiques de la Suisse - Landsgemeinde dans le canton de Schwitz - Dessin de M. Lix d&#039;apr\u00e8s le croquis de M. Henri Ganiez\u00bb, in \u00abLe Monde Illustr\u00e9\u00bb, 26 avril 1873.\"\n               data-src=\"https:\/\/lungo800.it\/wp-content\/uploads\/2013\/11\/A1\/A1_Fruci_16.jpg\"\n               data-thumbnail=\"https:\/\/lungo800.it\/wp-content\/uploads\/2013\/11\/A1\/thumbs\/thumbs_A1_Fruci_16.jpg\"\n               data-image-id=\"393\"\n               data-title=\"Fig. 16. \u00abM\u0153urs politiques de la Suisse - Landsgemeinde dans le canton de Schwitz - Dessin de M. Lix d&#039;apr\u00e8s le croquis de M. Henri Ganiez\u00bb, in \u00abLe Monde Illustr\u00e9\u00bb, 26 avril 1873.\"\n               data-description=\"Fig. 16. \u00abM\u0153urs politiques de la Suisse - Landsgemeinde dans le canton de Schwitz - Dessin de M. Lix d&#039;apr\u00e8s le croquis de M. Henri Ganiez\u00bb, in \u00abLe Monde Illustr\u00e9\u00bb, 26 avril 1873.\"\n               data-image-slug=\"fig-16-moeurs-politiques-de-la-suisse-landsgemeinde-dans-le-canton-de-schwitz-dessin-de-m-lix-dapres-le-croquis-de-m-henri-ganiez-in-le-monde-illustre-26-avril-1873\"\n               class=\"ngg-fancybox\" rel=\"112\">\n                <img\n                    title=\"Fig. 16. \u00abM\u0153urs politiques de la Suisse - Landsgemeinde dans le canton de Schwitz - Dessin de M. Lix d&#039;apr\u00e8s le croquis de M. Henri Ganiez\u00bb, in \u00abLe Monde Illustr\u00e9\u00bb, 26 avril 1873.\"\n                    alt=\"Fig. 16. \u00abM\u0153urs politiques de la Suisse - Landsgemeinde dans le canton de Schwitz - Dessin de M. Lix d&#039;apr\u00e8s le croquis de M. Henri Ganiez\u00bb, in \u00abLe Monde Illustr\u00e9\u00bb, 26 avril 1873.\"\n                    src=\"https:\/\/lungo800.it\/wp-content\/uploads\/2013\/11\/A1\/cache\/A1_Fruci_16-nggid03393-ngg0dyn-150x150x100-00f0w010c011r110f110r010t010.jpg\"\n                    width=\"150\"\n                    height=\"150\"\n                    style=\"max-width:100%;\"\n                \/>\n            <\/a>\n        <\/div>\n\t\t\t\t\t\t\t<\/div> \n\t\t\t\n        \n\t\t\t\t<div id=\"ngg-image-19\" class=\"ngg-gallery-thumbnail-box\" >\n\t\t\t\t        <div class=\"ngg-gallery-thumbnail\">\n            <a href=\"https:\/\/lungo800.it\/wp-content\/uploads\/2013\/11\/A1\/A1_Fruci_17.jpg\"\n               title=\"Fig. 17. \u00abGlaris, Landsgemeinde\u00bb, stampa fotografica, fine XIX secolo (Collection du Prince Roland Bonaparte, Schweizerische Landesbibliothek, Bern)\"\n               data-src=\"https:\/\/lungo800.it\/wp-content\/uploads\/2013\/11\/A1\/A1_Fruci_17.jpg\"\n               data-thumbnail=\"https:\/\/lungo800.it\/wp-content\/uploads\/2013\/11\/A1\/thumbs\/thumbs_A1_Fruci_17.jpg\"\n               data-image-id=\"394\"\n               data-title=\"Fig. 17. \u00abGlaris, Landsgemeinde\u00bb, stampa fotografica, fine XIX secolo (Collection du Prince Roland Bonaparte, Schweizerische Landesbibliothek, Bern)\"\n               data-description=\"Fig. 17. \u00abGlaris, Landsgemeinde\u00bb, stampa fotografica, fine XIX secolo (Collection du Prince Roland Bonaparte, Schweizerische Landesbibliothek, Bern)\"\n               data-image-slug=\"fig-17-glaris-landsgemeinde-stampa-fotografica-fine-xix-secolo-collection-du-prince-roland-bonaparte-schweizerische-landesbibliothek-bern\"\n               class=\"ngg-fancybox\" rel=\"112\">\n                <img\n                    title=\"Fig. 17. \u00abGlaris, Landsgemeinde\u00bb, stampa fotografica, fine XIX secolo (Collection du Prince Roland Bonaparte, Schweizerische Landesbibliothek, Bern)\"\n                    alt=\"Fig. 17. \u00abGlaris, Landsgemeinde\u00bb, stampa fotografica, fine XIX secolo (Collection du Prince Roland Bonaparte, Schweizerische Landesbibliothek, Bern)\"\n                    src=\"https:\/\/lungo800.it\/wp-content\/uploads\/2013\/11\/A1\/cache\/A1_Fruci_17-nggid03394-ngg0dyn-150x150x100-00f0w010c011r110f110r010t010.jpg\"\n                    width=\"150\"\n                    height=\"150\"\n                    style=\"max-width:100%;\"\n                \/>\n            <\/a>\n        <\/div>\n\t\t\t\t\t\t\t<\/div> \n\t\t\t\n        \n\t\t\t\t<div id=\"ngg-image-20\" class=\"ngg-gallery-thumbnail-box\" >\n\t\t\t\t        <div class=\"ngg-gallery-thumbnail\">\n            <a href=\"https:\/\/lungo800.it\/wp-content\/uploads\/2013\/11\/A1\/A1_Fruci_18.jpg\"\n               title=\"Fig. 18. Jacques-Fran\u00e7ois Swebach-Desfontaines, \u00abAcceptation de la Constitution r\u00e9publicaine, le 10 Aoust 1793, ou 23 Thermidor, An 1er de la R\u00e9publique\u00bb, 1802, incisione al bulino di Pierre-Gabriel Berthault (Biblioth\u00e8que nationale de France, Paris, D\u00e9partement Estampes et photographie, Collection De Vinck).\"\n               data-src=\"https:\/\/lungo800.it\/wp-content\/uploads\/2013\/11\/A1\/A1_Fruci_18.jpg\"\n               data-thumbnail=\"https:\/\/lungo800.it\/wp-content\/uploads\/2013\/11\/A1\/thumbs\/thumbs_A1_Fruci_18.jpg\"\n               data-image-id=\"747\"\n               data-title=\"Fig. 18. Jacques-Fran\u00e7ois Swebach-Desfontaines, \u00abAcceptation de la Constitution r\u00e9publicaine, le 10 Aoust 1793, ou 23 Thermidor, An 1er de la R\u00e9publique\u00bb, 1802, incisione al bulino di Pierre-Gabriel Berthault (Biblioth\u00e8que nationale de France, Paris, D\u00e9partement Estampes et photographie, Collection De Vinck).\"\n               data-description=\"Fig. 18. Jacques-Fran\u00e7ois Swebach-Desfontaines, \u00abAcceptation de la Constitution r\u00e9publicaine, le 10 Aoust 1793, ou 23 Thermidor, An 1er de la R\u00e9publique\u00bb, 1802, incisione al bulino di Pierre-Gabriel Berthault (Biblioth\u00e8que nationale de France, Paris, D\u00e9partement Estampes et photographie, Collection De Vinck).\"\n               data-image-slug=\"fig-18-jacques-francois-swebach-desfontaines-acceptation-de-la-constitution-republicaine-le-10-aoust-1793-ou-23-thermidor-an-1er-de-la-republique-1802-incisione-al-bulino-di-pierre\"\n               class=\"ngg-fancybox\" rel=\"112\">\n                <img\n                    title=\"Fig. 18. Jacques-Fran\u00e7ois Swebach-Desfontaines, \u00abAcceptation de la Constitution r\u00e9publicaine, le 10 Aoust 1793, ou 23 Thermidor, An 1er de la R\u00e9publique\u00bb, 1802, incisione al bulino di Pierre-Gabriel Berthault (Biblioth\u00e8que nationale de France, Paris, D\u00e9partement Estampes et photographie, Collection De Vinck).\"\n                    alt=\"Fig. 18. Jacques-Fran\u00e7ois Swebach-Desfontaines, \u00abAcceptation de la Constitution r\u00e9publicaine, le 10 Aoust 1793, ou 23 Thermidor, An 1er de la R\u00e9publique\u00bb, 1802, incisione al bulino di Pierre-Gabriel Berthault (Biblioth\u00e8que nationale de France, Paris, D\u00e9partement Estampes et photographie, Collection De Vinck).\"\n                    src=\"https:\/\/lungo800.it\/wp-content\/uploads\/2013\/11\/A1\/cache\/A1_Fruci_18-nggid03747-ngg0dyn-150x150x100-00f0w010c011r110f110r010t010.jpg\"\n                    width=\"150\"\n                    height=\"150\"\n                    style=\"max-width:100%;\"\n                \/>\n            <\/a>\n        <\/div>\n\t\t\t\t\t\t\t<\/div> \n\t\t\t\n        \n\t\t\t\t<div id=\"ngg-image-21\" class=\"ngg-gallery-thumbnail-box\" >\n\t\t\t\t        <div class=\"ngg-gallery-thumbnail\">\n            <a href=\"https:\/\/lungo800.it\/wp-content\/uploads\/2013\/11\/A1\/A1_Fruci_19.jpg\"\n               title=\"Fig. 19. Felice Giani, \u00abLa festa delle Federazione a piazza San Pietro\u00bb, 1798, olio su tavola (Museo di Roma)\"\n               data-src=\"https:\/\/lungo800.it\/wp-content\/uploads\/2013\/11\/A1\/A1_Fruci_19.jpg\"\n               data-thumbnail=\"https:\/\/lungo800.it\/wp-content\/uploads\/2013\/11\/A1\/thumbs\/thumbs_A1_Fruci_19.jpg\"\n               data-image-id=\"238\"\n               data-title=\"Fig. 19. Felice Giani, \u00abLa festa delle Federazione a piazza San Pietro\u00bb, 1798, olio su tavola (Museo di Roma)\"\n               data-description=\"Fig. 19. Felice Giani, \u00abLa festa delle Federazione a piazza San Pietro\u00bb, 1798, olio su tavola (Museo di Roma)\"\n               data-image-slug=\"fig-19-felice-giani-la-festa-delle-federazione-a-piazza-san-pietro-1798-olio-su-tavola-museo-di-roma\"\n               class=\"ngg-fancybox\" rel=\"112\">\n                <img\n                    title=\"Fig. 19. Felice Giani, \u00abLa festa delle Federazione a piazza San Pietro\u00bb, 1798, olio su tavola (Museo di Roma)\"\n                    alt=\"Fig. 19. Felice Giani, \u00abLa festa delle Federazione a piazza San Pietro\u00bb, 1798, olio su tavola (Museo di Roma)\"\n                    src=\"https:\/\/lungo800.it\/wp-content\/uploads\/2013\/11\/A1\/cache\/A1_Fruci_19-nggid03238-ngg0dyn-150x150x100-00f0w010c011r110f110r010t010.jpg\"\n                    width=\"150\"\n                    height=\"150\"\n                    style=\"max-width:100%;\"\n                \/>\n            <\/a>\n        <\/div>\n\t\t\t\t\t\t\t<\/div> \n\t\t\t\n        \n\t\t\t\t<div id=\"ngg-image-22\" class=\"ngg-gallery-thumbnail-box\" >\n\t\t\t\t        <div class=\"ngg-gallery-thumbnail\">\n            <a href=\"https:\/\/lungo800.it\/wp-content\/uploads\/2013\/11\/A1\/A1_Fruci_20.jpg\"\n               title=\"Fig. 20. \u00abDen 8. Augustus 1797. 3. J.d.B.V. in Nederland\u00bb, 1797, stampa anonima (Lexikon der Revolutions-Iconographie, Historisches Institut, Justus-Liebig-Universit\u00e4t Gie\u00dfen)\"\n               data-src=\"https:\/\/lungo800.it\/wp-content\/uploads\/2013\/11\/A1\/A1_Fruci_20.jpg\"\n               data-thumbnail=\"https:\/\/lungo800.it\/wp-content\/uploads\/2013\/11\/A1\/thumbs\/thumbs_A1_Fruci_20.jpg\"\n               data-image-id=\"748\"\n               data-title=\"Fig. 20. \u00abDen 8. Augustus 1797. 3. J.d.B.V. in Nederland\u00bb, 1797, stampa anonima (Lexikon der Revolutions-Iconographie, Historisches Institut, Justus-Liebig-Universit\u00e4t Gie\u00dfen)\"\n               data-description=\"Fig. 20. \u00abDen 8. Augustus 1797. 3. J.d.B.V. in Nederland\u00bb, 1797, stampa anonima (Lexikon der Revolutions-Iconographie, Historisches Institut, Justus-Liebig-Universit\u00e4t Gie\u00dfen)\"\n               data-image-slug=\"fig-20-den-8-augustus-1797-3-j-d-b-v-in-nederland-1797-stampa-anonima-lexikon-der-revolutions-iconographie-historisches-institut-justus-liebig-universitat-giesen\"\n               class=\"ngg-fancybox\" rel=\"112\">\n                <img\n                    title=\"Fig. 20. \u00abDen 8. Augustus 1797. 3. J.d.B.V. in Nederland\u00bb, 1797, stampa anonima (Lexikon der Revolutions-Iconographie, Historisches Institut, Justus-Liebig-Universit\u00e4t Gie\u00dfen)\"\n                    alt=\"Fig. 20. \u00abDen 8. Augustus 1797. 3. J.d.B.V. in Nederland\u00bb, 1797, stampa anonima (Lexikon der Revolutions-Iconographie, Historisches Institut, Justus-Liebig-Universit\u00e4t Gie\u00dfen)\"\n                    src=\"https:\/\/lungo800.it\/wp-content\/uploads\/2013\/11\/A1\/cache\/A1_Fruci_20-nggid03748-ngg0dyn-150x150x100-00f0w010c011r110f110r010t010.jpg\"\n                    width=\"150\"\n                    height=\"150\"\n                    style=\"max-width:100%;\"\n                \/>\n            <\/a>\n        <\/div>\n\t\t\t\t\t\t\t<\/div> \n\t\t\t\n        \n\t\t\t\t<div id=\"ngg-image-23\" class=\"ngg-gallery-thumbnail-box\" >\n\t\t\t\t        <div class=\"ngg-gallery-thumbnail\">\n            <a href=\"https:\/\/lungo800.it\/wp-content\/uploads\/2013\/11\/A1\/A1_Fruci_21.jpg\"\n               title=\"Fig. 21. \u00abBalance Eligible du Marc d&#039;Argent\u00bb, 1791, acquaforte colorata (Biblioth\u00e8que nationale de France, Paris, D\u00e9partement Estampes et photographie, Collection De Vinck)\"\n               data-src=\"https:\/\/lungo800.it\/wp-content\/uploads\/2013\/11\/A1\/A1_Fruci_21.jpg\"\n               data-thumbnail=\"https:\/\/lungo800.it\/wp-content\/uploads\/2013\/11\/A1\/thumbs\/thumbs_A1_Fruci_21.jpg\"\n               data-image-id=\"749\"\n               data-title=\"Fig. 21. \u00abBalance Eligible du Marc d&#039;Argent\u00bb, 1791, acquaforte colorata (Biblioth\u00e8que nationale de France, Paris, D\u00e9partement Estampes et photographie, Collection De Vinck)\"\n               data-description=\"Fig. 21. \u00abBalance Eligible du Marc d&#039;Argent\u00bb, 1791, acquaforte colorata (Biblioth\u00e8que nationale de France, Paris, D\u00e9partement Estampes et photographie, Collection De Vinck)\"\n               data-image-slug=\"fig-21-balance-eligible-du-marc-dargent-1791-acquaforte-colorata-bibliotheque-nationale-de-france-paris-departement-estampes-et-photographie-collection-de-vinck\"\n               class=\"ngg-fancybox\" rel=\"112\">\n                <img\n                    title=\"Fig. 21. \u00abBalance Eligible du Marc d&#039;Argent\u00bb, 1791, acquaforte colorata (Biblioth\u00e8que nationale de France, Paris, D\u00e9partement Estampes et photographie, Collection De Vinck)\"\n                    alt=\"Fig. 21. \u00abBalance Eligible du Marc d&#039;Argent\u00bb, 1791, acquaforte colorata (Biblioth\u00e8que nationale de France, Paris, D\u00e9partement Estampes et photographie, Collection De Vinck)\"\n                    src=\"https:\/\/lungo800.it\/wp-content\/uploads\/2013\/11\/A1\/cache\/A1_Fruci_21-nggid03749-ngg0dyn-150x150x100-00f0w010c011r110f110r010t010.jpg\"\n                    width=\"150\"\n                    height=\"150\"\n                    style=\"max-width:100%;\"\n                \/>\n            <\/a>\n        <\/div>\n\t\t\t\t\t\t\t<\/div> \n\t\t\t\n        \n\t\t\t\t<div id=\"ngg-image-24\" class=\"ngg-gallery-thumbnail-box\" >\n\t\t\t\t        <div class=\"ngg-gallery-thumbnail\">\n            <a href=\"https:\/\/lungo800.it\/wp-content\/uploads\/2013\/11\/A1\/A1_Fruci_22.jpg\"\n               title=\"Fig. 22. \u00abPolitische Zeitbilder. Die 3 Wahlabtheilungen nach der Natur gezeichnet\u00bb, 1849 (Lexikon der Revolutions-Iconographie, Historisches Institut, Justus-Liebig-Universit\u00e4t Gie\u00dfen)\"\n               data-src=\"https:\/\/lungo800.it\/wp-content\/uploads\/2013\/11\/A1\/A1_Fruci_22.jpg\"\n               data-thumbnail=\"https:\/\/lungo800.it\/wp-content\/uploads\/2013\/11\/A1\/thumbs\/thumbs_A1_Fruci_22.jpg\"\n               data-image-id=\"750\"\n               data-title=\"Fig. 22. \u00abPolitische Zeitbilder. Die 3 Wahlabtheilungen nach der Natur gezeichnet\u00bb, 1849 (Lexikon der Revolutions-Iconographie, Historisches Institut, Justus-Liebig-Universit\u00e4t Gie\u00dfen)\"\n               data-description=\"Fig. 22. \u00abPolitische Zeitbilder. Die 3 Wahlabtheilungen nach der Natur gezeichnet\u00bb, 1849 (Lexikon der Revolutions-Iconographie, Historisches Institut, Justus-Liebig-Universit\u00e4t Gie\u00dfen)\"\n               data-image-slug=\"fig-22-politische-zeitbilder-die-3-wahlabtheilungen-nach-der-natur-gezeichnet-1849-lexikon-der-revolutions-iconographie-historisches-institut-justus-liebig-universitat-giesen\"\n               class=\"ngg-fancybox\" rel=\"112\">\n                <img\n                    title=\"Fig. 22. \u00abPolitische Zeitbilder. Die 3 Wahlabtheilungen nach der Natur gezeichnet\u00bb, 1849 (Lexikon der Revolutions-Iconographie, Historisches Institut, Justus-Liebig-Universit\u00e4t Gie\u00dfen)\"\n                    alt=\"Fig. 22. \u00abPolitische Zeitbilder. Die 3 Wahlabtheilungen nach der Natur gezeichnet\u00bb, 1849 (Lexikon der Revolutions-Iconographie, Historisches Institut, Justus-Liebig-Universit\u00e4t Gie\u00dfen)\"\n                    src=\"https:\/\/lungo800.it\/wp-content\/uploads\/2013\/11\/A1\/cache\/A1_Fruci_22-nggid03750-ngg0dyn-150x150x100-00f0w010c011r110f110r010t010.jpg\"\n                    width=\"150\"\n                    height=\"150\"\n                    style=\"max-width:100%;\"\n                \/>\n            <\/a>\n        <\/div>\n\t\t\t\t\t\t\t<\/div> \n\t\t\t\n        \n\t\t\t\t<div id=\"ngg-image-25\" class=\"ngg-gallery-thumbnail-box\" >\n\t\t\t\t        <div class=\"ngg-gallery-thumbnail\">\n            <a href=\"https:\/\/lungo800.it\/wp-content\/uploads\/2013\/11\/A1\/A1_Fruci_23.jpg\"\n               title=\"Fig. 23. Louis-L\u00e9opold Boilly, \u00abL\u2019Ultra\u00bb, No\u00ebl, Paris 1819, incisione al bulino di Caroline Hulot (Biblioth\u00e8que nationale de France, Paris, D\u00e9partement Estampes et photographie, Collection De Vinck)\"\n               data-src=\"https:\/\/lungo800.it\/wp-content\/uploads\/2013\/11\/A1\/A1_Fruci_23.jpg\"\n               data-thumbnail=\"https:\/\/lungo800.it\/wp-content\/uploads\/2013\/11\/A1\/thumbs\/thumbs_A1_Fruci_23.jpg\"\n               data-image-id=\"751\"\n               data-title=\"Fig. 23. Louis-L\u00e9opold Boilly, \u00abL\u2019Ultra\u00bb, No\u00ebl, Paris 1819, incisione al bulino di Caroline Hulot (Biblioth\u00e8que nationale de France, Paris, D\u00e9partement Estampes et photographie, Collection De Vinck)\"\n               data-description=\"Fig. 23. Louis-L\u00e9opold Boilly, \u00abL\u2019Ultra\u00bb, No\u00ebl, Paris 1819, incisione al bulino di Caroline Hulot (Biblioth\u00e8que nationale de France, Paris, D\u00e9partement Estampes et photographie, Collection De Vinck)\"\n               data-image-slug=\"fig-23-louis-leopold-boilly-lultra-noel-paris-1819-incisione-al-bulino-di-caroline-hulot-bibliotheque-nationale-de-france-paris-departement-estampes-et-photographie-coll\"\n               class=\"ngg-fancybox\" rel=\"112\">\n                <img\n                    title=\"Fig. 23. Louis-L\u00e9opold Boilly, \u00abL\u2019Ultra\u00bb, No\u00ebl, Paris 1819, incisione al bulino di Caroline Hulot (Biblioth\u00e8que nationale de France, Paris, D\u00e9partement Estampes et photographie, Collection De Vinck)\"\n                    alt=\"Fig. 23. Louis-L\u00e9opold Boilly, \u00abL\u2019Ultra\u00bb, No\u00ebl, Paris 1819, incisione al bulino di Caroline Hulot (Biblioth\u00e8que nationale de France, Paris, D\u00e9partement Estampes et photographie, Collection De Vinck)\"\n                    src=\"https:\/\/lungo800.it\/wp-content\/uploads\/2013\/11\/A1\/cache\/A1_Fruci_23-nggid03751-ngg0dyn-150x150x100-00f0w010c011r110f110r010t010.jpg\"\n                    width=\"150\"\n                    height=\"150\"\n                    style=\"max-width:100%;\"\n                \/>\n            <\/a>\n        <\/div>\n\t\t\t\t\t\t\t<\/div> \n\t\t\t\n        \n\t\t\t\t<div id=\"ngg-image-26\" class=\"ngg-gallery-thumbnail-box\" >\n\t\t\t\t        <div class=\"ngg-gallery-thumbnail\">\n            <a href=\"https:\/\/lungo800.it\/wp-content\/uploads\/2013\/11\/A1\/A1_Fruci_24.jpg\"\n               title=\"Fig. 24. \u00ab\u00c9lections de 1819. Le Minist\u00e9riel Blous\u00e9\u00bb, 1819, acquaforte colorata di H. Main (Biblioth\u00e8que nationale de France, Paris, D\u00e9partement Estampes et photographie, Collection De Vinck)\"\n               data-src=\"https:\/\/lungo800.it\/wp-content\/uploads\/2013\/11\/A1\/A1_Fruci_24.jpg\"\n               data-thumbnail=\"https:\/\/lungo800.it\/wp-content\/uploads\/2013\/11\/A1\/thumbs\/thumbs_A1_Fruci_24.jpg\"\n               data-image-id=\"752\"\n               data-title=\"Fig. 24. \u00ab\u00c9lections de 1819. Le Minist\u00e9riel Blous\u00e9\u00bb, 1819, acquaforte colorata di H. Main (Biblioth\u00e8que nationale de France, Paris, D\u00e9partement Estampes et photographie, Collection De Vinck)\"\n               data-description=\"Fig. 24. \u00ab\u00c9lections de 1819. Le Minist\u00e9riel Blous\u00e9\u00bb, 1819, acquaforte colorata di H. Main (Biblioth\u00e8que nationale de France, Paris, D\u00e9partement Estampes et photographie, Collection De Vinck)\"\n               data-image-slug=\"fig-24-elections-de-1819-le-ministeriel-blouse-1819-acquaforte-colorata-di-h-main-bibliotheque-nationale-de-france-paris-departement-estampes-et-photographie-collection-de-vinck\"\n               class=\"ngg-fancybox\" rel=\"112\">\n                <img\n                    title=\"Fig. 24. \u00ab\u00c9lections de 1819. Le Minist\u00e9riel Blous\u00e9\u00bb, 1819, acquaforte colorata di H. Main (Biblioth\u00e8que nationale de France, Paris, D\u00e9partement Estampes et photographie, Collection De Vinck)\"\n                    alt=\"Fig. 24. \u00ab\u00c9lections de 1819. Le Minist\u00e9riel Blous\u00e9\u00bb, 1819, acquaforte colorata di H. Main (Biblioth\u00e8que nationale de France, Paris, D\u00e9partement Estampes et photographie, Collection De Vinck)\"\n                    src=\"https:\/\/lungo800.it\/wp-content\/uploads\/2013\/11\/A1\/cache\/A1_Fruci_24-nggid03752-ngg0dyn-150x150x100-00f0w010c011r110f110r010t010.jpg\"\n                    width=\"150\"\n                    height=\"150\"\n                    style=\"max-width:100%;\"\n                \/>\n            <\/a>\n        <\/div>\n\t\t\t\t\t\t\t<\/div> \n\t\t\t\n        \n\t\t\t\t<div id=\"ngg-image-27\" class=\"ngg-gallery-thumbnail-box\" >\n\t\t\t\t        <div class=\"ngg-gallery-thumbnail\">\n            <a href=\"https:\/\/lungo800.it\/wp-content\/uploads\/2013\/11\/A1\/A1_Fruci_25.jpg\"\n               title=\"Fig. 25. Honor\u00e9 Daumier, \u00abR\u00e9compense honn\u00eate aux \u00e9lecteurs ob\u00e9issans\u00bb, in \u00abLa Caricature\u00bb, 17 juillet 1834.\"\n               data-src=\"https:\/\/lungo800.it\/wp-content\/uploads\/2013\/11\/A1\/A1_Fruci_25.jpg\"\n               data-thumbnail=\"https:\/\/lungo800.it\/wp-content\/uploads\/2013\/11\/A1\/thumbs\/thumbs_A1_Fruci_25.jpg\"\n               data-image-id=\"753\"\n               data-title=\"Fig. 25. Honor\u00e9 Daumier, \u00abR\u00e9compense honn\u00eate aux \u00e9lecteurs ob\u00e9issans\u00bb, in \u00abLa Caricature\u00bb, 17 juillet 1834.\"\n               data-description=\"Fig. 25. Honor\u00e9 Daumier, \u00abR\u00e9compense honn\u00eate aux \u00e9lecteurs ob\u00e9issans\u00bb, in \u00abLa Caricature\u00bb, 17 juillet 1834.\"\n               data-image-slug=\"fig-25-honore-daumier-recompense-honnete-aux-electeurs-obeissans-in-la-caricature-17-juillet-1834-2\"\n               class=\"ngg-fancybox\" rel=\"112\">\n                <img\n                    title=\"Fig. 25. Honor\u00e9 Daumier, \u00abR\u00e9compense honn\u00eate aux \u00e9lecteurs ob\u00e9issans\u00bb, in \u00abLa Caricature\u00bb, 17 juillet 1834.\"\n                    alt=\"Fig. 25. Honor\u00e9 Daumier, \u00abR\u00e9compense honn\u00eate aux \u00e9lecteurs ob\u00e9issans\u00bb, in \u00abLa Caricature\u00bb, 17 juillet 1834.\"\n                    src=\"https:\/\/lungo800.it\/wp-content\/uploads\/2013\/11\/A1\/cache\/A1_Fruci_25-nggid03753-ngg0dyn-150x150x100-00f0w010c011r110f110r010t010.jpg\"\n                    width=\"150\"\n                    height=\"150\"\n                    style=\"max-width:100%;\"\n                \/>\n            <\/a>\n        <\/div>\n\t\t\t\t\t\t\t<\/div> \n\t\t\t\n        \n\t\t\t\t<div id=\"ngg-image-28\" class=\"ngg-gallery-thumbnail-box\" >\n\t\t\t\t        <div class=\"ngg-gallery-thumbnail\">\n            <a href=\"https:\/\/lungo800.it\/wp-content\/uploads\/2013\/11\/A1\/A1_Fruci_26.jpg\"\n               title=\"Fig. 26. William Hogarth, \u00abThe Country Inn Yard at the Election Time\u00bb, 1747, acquaforte (British Museum, London)\"\n               data-src=\"https:\/\/lungo800.it\/wp-content\/uploads\/2013\/11\/A1\/A1_Fruci_26.jpg\"\n               data-thumbnail=\"https:\/\/lungo800.it\/wp-content\/uploads\/2013\/11\/A1\/thumbs\/thumbs_A1_Fruci_26.jpg\"\n               data-image-id=\"754\"\n               data-title=\"Fig. 26. William Hogarth, \u00abThe Country Inn Yard at the Election Time\u00bb, 1747, acquaforte (British Museum, London)\"\n               data-description=\"Fig. 26. William Hogarth, \u00abThe Country Inn Yard at the Election Time\u00bb, 1747, acquaforte (British Museum, London)\"\n               data-image-slug=\"fig-26-william-hogarth-the-country-inn-yard-at-the-election-time-1747-acquaforte-british-museum-london-2\"\n               class=\"ngg-fancybox\" rel=\"112\">\n                <img\n                    title=\"Fig. 26. William Hogarth, \u00abThe Country Inn Yard at the Election Time\u00bb, 1747, acquaforte (British Museum, London)\"\n                    alt=\"Fig. 26. William Hogarth, \u00abThe Country Inn Yard at the Election Time\u00bb, 1747, acquaforte (British Museum, London)\"\n                    src=\"https:\/\/lungo800.it\/wp-content\/uploads\/2013\/11\/A1\/cache\/A1_Fruci_26-nggid03754-ngg0dyn-150x150x100-00f0w010c011r110f110r010t010.jpg\"\n                    width=\"150\"\n                    height=\"150\"\n                    style=\"max-width:100%;\"\n                \/>\n            <\/a>\n        <\/div>\n\t\t\t\t\t\t\t<\/div> \n\t\t\t\n        \n\t\t\t\t<div id=\"ngg-image-29\" class=\"ngg-gallery-thumbnail-box\" >\n\t\t\t\t        <div class=\"ngg-gallery-thumbnail\">\n            <a href=\"https:\/\/lungo800.it\/wp-content\/uploads\/2013\/11\/A1\/A1_Fruci_27.jpg\"\n               title=\"Fig. 27. Jozef Geirnaert, \u00abLes \u00e9lections en Belgique (1831) Belgische Kienzingen\u00bb, Dewasme, Bruxelles, 1831, litografia (Bibliot\u00e8que Royale de Belgique, Bruxelles)\"\n               data-src=\"https:\/\/lungo800.it\/wp-content\/uploads\/2013\/11\/A1\/A1_Fruci_27.jpg\"\n               data-thumbnail=\"https:\/\/lungo800.it\/wp-content\/uploads\/2013\/11\/A1\/thumbs\/thumbs_A1_Fruci_27.jpg\"\n               data-image-id=\"755\"\n               data-title=\"Fig. 27. Jozef Geirnaert, \u00abLes \u00e9lections en Belgique (1831) Belgische Kienzingen\u00bb, Dewasme, Bruxelles, 1831, litografia (Bibliot\u00e8que Royale de Belgique, Bruxelles)\"\n               data-description=\"Fig. 27. Jozef Geirnaert, \u00abLes \u00e9lections en Belgique (1831) Belgische Kienzingen\u00bb, Dewasme, Bruxelles, 1831, litografia (Bibliot\u00e8que Royale de Belgique, Bruxelles)\"\n               data-image-slug=\"fig-27-jozef-geirnaert-les-elections-en-belgique-1831-belgische-kienzingen-dewasme-bruxelles-1831-litografia-biblioteque-royale-de-belgique-bruxelles\"\n               class=\"ngg-fancybox\" rel=\"112\">\n                <img\n                    title=\"Fig. 27. Jozef Geirnaert, \u00abLes \u00e9lections en Belgique (1831) Belgische Kienzingen\u00bb, Dewasme, Bruxelles, 1831, litografia (Bibliot\u00e8que Royale de Belgique, Bruxelles)\"\n                    alt=\"Fig. 27. Jozef Geirnaert, \u00abLes \u00e9lections en Belgique (1831) Belgische Kienzingen\u00bb, Dewasme, Bruxelles, 1831, litografia (Bibliot\u00e8que Royale de Belgique, Bruxelles)\"\n                    src=\"https:\/\/lungo800.it\/wp-content\/uploads\/2013\/11\/A1\/cache\/A1_Fruci_27-nggid03755-ngg0dyn-150x150x100-00f0w010c011r110f110r010t010.jpg\"\n                    width=\"150\"\n                    height=\"150\"\n                    style=\"max-width:100%;\"\n                \/>\n            <\/a>\n        <\/div>\n\t\t\t\t\t\t\t<\/div> \n\t\t\t\n        \n\t\t\t\t<div id=\"ngg-image-30\" class=\"ngg-gallery-thumbnail-box\" >\n\t\t\t\t        <div class=\"ngg-gallery-thumbnail\">\n            <a href=\"https:\/\/lungo800.it\/wp-content\/uploads\/2013\/11\/A1\/A1_Fruci_28.jpg\"\n               title=\"Fig. 28. \u00abLes \u00e9lections en Belgique, sur la place de l\u2019h\u00f4tel de ville, \u00e0 Bruxelles\u00bb, in \u00abL\u2019Illustration. Journal Universel\u00bb, 19 d\u00e9cembre 1857\"\n               data-src=\"https:\/\/lungo800.it\/wp-content\/uploads\/2013\/11\/A1\/A1_Fruci_28.jpg\"\n               data-thumbnail=\"https:\/\/lungo800.it\/wp-content\/uploads\/2013\/11\/A1\/thumbs\/thumbs_A1_Fruci_28.jpg\"\n               data-image-id=\"405\"\n               data-title=\"Fig. 28. \u00abLes \u00e9lections en Belgique, sur la place de l\u2019h\u00f4tel de ville, \u00e0 Bruxelles\u00bb, in \u00abL\u2019Illustration. Journal Universel\u00bb, 19 d\u00e9cembre 1857\"\n               data-description=\"Fig. 28. \u00abLes \u00e9lections en Belgique, sur la place de l\u2019h\u00f4tel de ville, \u00e0 Bruxelles\u00bb, in \u00abL\u2019Illustration. Journal Universel\u00bb, 19 d\u00e9cembre 1857\"\n               data-image-slug=\"fig-28-les-elections-en-belgique-sur-la-place-de-lhotel-de-ville-a-bruxelles-in-lillustration-journal-universel-19-decembre-1857\"\n               class=\"ngg-fancybox\" rel=\"112\">\n                <img\n                    title=\"Fig. 28. \u00abLes \u00e9lections en Belgique, sur la place de l\u2019h\u00f4tel de ville, \u00e0 Bruxelles\u00bb, in \u00abL\u2019Illustration. Journal Universel\u00bb, 19 d\u00e9cembre 1857\"\n                    alt=\"Fig. 28. \u00abLes \u00e9lections en Belgique, sur la place de l\u2019h\u00f4tel de ville, \u00e0 Bruxelles\u00bb, in \u00abL\u2019Illustration. Journal Universel\u00bb, 19 d\u00e9cembre 1857\"\n                    src=\"https:\/\/lungo800.it\/wp-content\/uploads\/2013\/11\/A1\/cache\/A1_Fruci_28-nggid03405-ngg0dyn-150x150x100-00f0w010c011r110f110r010t010.jpg\"\n                    width=\"150\"\n                    height=\"150\"\n                    style=\"max-width:100%;\"\n                \/>\n            <\/a>\n        <\/div>\n\t\t\t\t\t\t\t<\/div> \n\t\t\t\n        \n\t\t\t\t<div id=\"ngg-image-31\" class=\"ngg-gallery-thumbnail-box\" >\n\t\t\t\t        <div class=\"ngg-gallery-thumbnail\">\n            <a href=\"https:\/\/lungo800.it\/wp-content\/uploads\/2013\/11\/A1\/A1_Fruci_29.jpg\"\n               title=\"Fig. 29. Franz Weiss, \u00abKossuth Pesti k\u00f6vett\u00e9 v\u00e1laszt\u00e1sa \/ Folla elettorale per Kossuth a Pest\u00bb, 1847, litografia acquerellata (Budapesti T\u00f6rt\u00e9neti M\u00fazeum \/ Museo Storico di Budapest)\"\n               data-src=\"https:\/\/lungo800.it\/wp-content\/uploads\/2013\/11\/A1\/A1_Fruci_29.jpg\"\n               data-thumbnail=\"https:\/\/lungo800.it\/wp-content\/uploads\/2013\/11\/A1\/thumbs\/thumbs_A1_Fruci_29.jpg\"\n               data-image-id=\"406\"\n               data-title=\"Fig. 29. Franz Weiss, \u00abKossuth Pesti k\u00f6vett\u00e9 v\u00e1laszt\u00e1sa \/ Folla elettorale per Kossuth a Pest\u00bb, 1847, litografia acquerellata (Budapesti T\u00f6rt\u00e9neti M\u00fazeum \/ Museo Storico di Budapest)\"\n               data-description=\"Fig. 29. Franz Weiss, \u00abKossuth Pesti k\u00f6vett\u00e9 v\u00e1laszt\u00e1sa \/ Folla elettorale per Kossuth a Pest\u00bb, 1847, litografia acquerellata (Budapesti T\u00f6rt\u00e9neti M\u00fazeum \/ Museo Storico di Budapest)\"\n               data-image-slug=\"fig-29-franz-weiss-kossuth-pesti-kovette-valasztasa-folla-elettorale-per-kossuth-a-pest-1847-litografia-acquerellata-budapesti-torteneti-muzeum-museo-storico-di-budapest\"\n               class=\"ngg-fancybox\" rel=\"112\">\n                <img\n                    title=\"Fig. 29. Franz Weiss, \u00abKossuth Pesti k\u00f6vett\u00e9 v\u00e1laszt\u00e1sa \/ Folla elettorale per Kossuth a Pest\u00bb, 1847, litografia acquerellata (Budapesti T\u00f6rt\u00e9neti M\u00fazeum \/ Museo Storico di Budapest)\"\n                    alt=\"Fig. 29. Franz Weiss, \u00abKossuth Pesti k\u00f6vett\u00e9 v\u00e1laszt\u00e1sa \/ Folla elettorale per Kossuth a Pest\u00bb, 1847, litografia acquerellata (Budapesti T\u00f6rt\u00e9neti M\u00fazeum \/ Museo Storico di Budapest)\"\n                    src=\"https:\/\/lungo800.it\/wp-content\/uploads\/2013\/11\/A1\/cache\/A1_Fruci_29-nggid03406-ngg0dyn-150x150x100-00f0w010c011r110f110r010t010.jpg\"\n                    width=\"150\"\n                    height=\"150\"\n                    style=\"max-width:100%;\"\n                \/>\n            <\/a>\n        <\/div>\n\t\t\t\t\t\t\t<\/div> \n\t\t\t\n        \n\t\t\t\t<div id=\"ngg-image-32\" class=\"ngg-gallery-thumbnail-box\" >\n\t\t\t\t        <div class=\"ngg-gallery-thumbnail\">\n            <a href=\"https:\/\/lungo800.it\/wp-content\/uploads\/2013\/11\/A1\/A1_Fruci_30.jpg\"\n               title=\"Fig. 30. Cham, \u00abIls monteront!... Ne monteront pas!... Monteront!... Monteront pas!...\u00bb, in \u00abL\u2019Illustration. Journal Universel\u00bb, 8 ao\u00fbt 1846, p. 364\"\n               data-src=\"https:\/\/lungo800.it\/wp-content\/uploads\/2013\/11\/A1\/A1_Fruci_30.jpg\"\n               data-thumbnail=\"https:\/\/lungo800.it\/wp-content\/uploads\/2013\/11\/A1\/thumbs\/thumbs_A1_Fruci_30.jpg\"\n               data-image-id=\"756\"\n               data-title=\"Fig. 30. Cham, \u00abIls monteront!... Ne monteront pas!... Monteront!... Monteront pas!...\u00bb, in \u00abL\u2019Illustration. Journal Universel\u00bb, 8 ao\u00fbt 1846, p. 364\"\n               data-description=\"Fig. 30. Cham, \u00abIls monteront!... Ne monteront pas!... Monteront!... Monteront pas!...\u00bb, in \u00abL\u2019Illustration. Journal Universel\u00bb, 8 ao\u00fbt 1846, p. 364\"\n               data-image-slug=\"fig-30-cham-ils-monteront-ne-monteront-pas-monteront-monteront-pas-in-lillustration-journal-universel-8-aout-1846-p-364-2\"\n               class=\"ngg-fancybox\" rel=\"112\">\n                <img\n                    title=\"Fig. 30. Cham, \u00abIls monteront!... Ne monteront pas!... Monteront!... Monteront pas!...\u00bb, in \u00abL\u2019Illustration. Journal Universel\u00bb, 8 ao\u00fbt 1846, p. 364\"\n                    alt=\"Fig. 30. Cham, \u00abIls monteront!... Ne monteront pas!... Monteront!... Monteront pas!...\u00bb, in \u00abL\u2019Illustration. Journal Universel\u00bb, 8 ao\u00fbt 1846, p. 364\"\n                    src=\"https:\/\/lungo800.it\/wp-content\/uploads\/2013\/11\/A1\/cache\/A1_Fruci_30-nggid03756-ngg0dyn-150x150x100-00f0w010c011r110f110r010t010.jpg\"\n                    width=\"150\"\n                    height=\"150\"\n                    style=\"max-width:100%;\"\n                \/>\n            <\/a>\n        <\/div>\n\t\t\t\t\t\t\t<\/div> \n\t\t\t\n        \n\t\t\t\t<div id=\"ngg-image-33\" class=\"ngg-gallery-thumbnail-box\" >\n\t\t\t\t        <div class=\"ngg-gallery-thumbnail\">\n            <a href=\"https:\/\/lungo800.it\/wp-content\/uploads\/2013\/11\/A1\/A1_Fruci_31.jpg\"\n               title=\"Fig. 31. Cham, \u00abL\u2019Illustration. Journal Universel\u00bb, 8 ao\u00fbt 1846, p. 365.\"\n               data-src=\"https:\/\/lungo800.it\/wp-content\/uploads\/2013\/11\/A1\/A1_Fruci_31.jpg\"\n               data-thumbnail=\"https:\/\/lungo800.it\/wp-content\/uploads\/2013\/11\/A1\/thumbs\/thumbs_A1_Fruci_31.jpg\"\n               data-image-id=\"757\"\n               data-title=\"Fig. 31. Cham, \u00abL\u2019Illustration. Journal Universel\u00bb, 8 ao\u00fbt 1846, p. 365.\"\n               data-description=\"Fig. 31. Cham, \u00abL\u2019Illustration. Journal Universel\u00bb, 8 ao\u00fbt 1846, p. 365.\"\n               data-image-slug=\"fig-31-cham-lillustration-journal-universel-8-aout-1846-p-365-2\"\n               class=\"ngg-fancybox\" rel=\"112\">\n                <img\n                    title=\"Fig. 31. Cham, \u00abL\u2019Illustration. Journal Universel\u00bb, 8 ao\u00fbt 1846, p. 365.\"\n                    alt=\"Fig. 31. Cham, \u00abL\u2019Illustration. Journal Universel\u00bb, 8 ao\u00fbt 1846, p. 365.\"\n                    src=\"https:\/\/lungo800.it\/wp-content\/uploads\/2013\/11\/A1\/cache\/A1_Fruci_31-nggid03757-ngg0dyn-150x150x100-00f0w010c011r110f110r010t010.jpg\"\n                    width=\"150\"\n                    height=\"150\"\n                    style=\"max-width:100%;\"\n                \/>\n            <\/a>\n        <\/div>\n\t\t\t\t\t\t\t<\/div> \n\t\t\t\n        \n\t\t\t\t<div id=\"ngg-image-34\" class=\"ngg-gallery-thumbnail-box\" >\n\t\t\t\t        <div class=\"ngg-gallery-thumbnail\">\n            <a href=\"https:\/\/lungo800.it\/wp-content\/uploads\/2013\/11\/A1\/A1_Fruci_32.jpg\"\n               title=\"Fig. 32. \u00abEen Kandidat en Enn Kiezer\u00bb, 1847, litografia (Justus-Liebig-Universit\u00e4t Gie\u00dfen, Historisches Institut, Lexikon der Revolutions-Iconographie)\"\n               data-src=\"https:\/\/lungo800.it\/wp-content\/uploads\/2013\/11\/A1\/A1_Fruci_32.jpg\"\n               data-thumbnail=\"https:\/\/lungo800.it\/wp-content\/uploads\/2013\/11\/A1\/thumbs\/thumbs_A1_Fruci_32.jpg\"\n               data-image-id=\"758\"\n               data-title=\"Fig. 32. \u00abEen Kandidat en Enn Kiezer\u00bb, 1847, litografia (Justus-Liebig-Universit\u00e4t Gie\u00dfen, Historisches Institut, Lexikon der Revolutions-Iconographie)\"\n               data-description=\"Fig. 32. \u00abEen Kandidat en Enn Kiezer\u00bb, 1847, litografia (Justus-Liebig-Universit\u00e4t Gie\u00dfen, Historisches Institut, Lexikon der Revolutions-Iconographie)\"\n               data-image-slug=\"fig-32-een-kandidat-en-enn-kiezer-1847-litografia-justus-liebig-universitat-giesen-historisches-institut-lexikon-der-revolutions-iconographie\"\n               class=\"ngg-fancybox\" rel=\"112\">\n                <img\n                    title=\"Fig. 32. \u00abEen Kandidat en Enn Kiezer\u00bb, 1847, litografia (Justus-Liebig-Universit\u00e4t Gie\u00dfen, Historisches Institut, Lexikon der Revolutions-Iconographie)\"\n                    alt=\"Fig. 32. \u00abEen Kandidat en Enn Kiezer\u00bb, 1847, litografia (Justus-Liebig-Universit\u00e4t Gie\u00dfen, Historisches Institut, Lexikon der Revolutions-Iconographie)\"\n                    src=\"https:\/\/lungo800.it\/wp-content\/uploads\/2013\/11\/A1\/cache\/A1_Fruci_32-nggid03758-ngg0dyn-150x150x100-00f0w010c011r110f110r010t010.jpg\"\n                    width=\"150\"\n                    height=\"150\"\n                    style=\"max-width:100%;\"\n                \/>\n            <\/a>\n        <\/div>\n\t\t\t\t\t\t\t<\/div> \n\t\t\t\n        \n\t\t\t\t<div id=\"ngg-image-35\" class=\"ngg-gallery-thumbnail-box\" >\n\t\t\t\t        <div class=\"ngg-gallery-thumbnail\">\n            <a href=\"https:\/\/lungo800.it\/wp-content\/uploads\/2013\/11\/A1\/A1_Fruci_33.jpg\"\n               title=\"Fig. 33. Henry Ritter, \u00abWahlumtriebe\u00bb, Arnz &amp; Co, D\u00fcsseldorf, 1848, litografia a gesso (Lexikon der Revolutions-Iconographie, Historisches Institut, Justus-Liebig-Universit\u00e4t Gie\u00dfen)\"\n               data-src=\"https:\/\/lungo800.it\/wp-content\/uploads\/2013\/11\/A1\/A1_Fruci_33.jpg\"\n               data-thumbnail=\"https:\/\/lungo800.it\/wp-content\/uploads\/2013\/11\/A1\/thumbs\/thumbs_A1_Fruci_33.jpg\"\n               data-image-id=\"759\"\n               data-title=\"Fig. 33. Henry Ritter, \u00abWahlumtriebe\u00bb, Arnz &amp; Co, D\u00fcsseldorf, 1848, litografia a gesso (Lexikon der Revolutions-Iconographie, Historisches Institut, Justus-Liebig-Universit\u00e4t Gie\u00dfen)\"\n               data-description=\"Fig. 33. Henry Ritter, \u00abWahlumtriebe\u00bb, Arnz &amp; Co, D\u00fcsseldorf, 1848, litografia a gesso (Lexikon der Revolutions-Iconographie, Historisches Institut, Justus-Liebig-Universit\u00e4t Gie\u00dfen)\"\n               data-image-slug=\"fig-33-henry-ritter-wahlumtriebe-arnz-co-dusseldorf-1848-litografia-a-gesso-lexikon-der-revolutions-iconographie-historisches-institut-justus-liebig-universitat-giesen\"\n               class=\"ngg-fancybox\" rel=\"112\">\n                <img\n                    title=\"Fig. 33. Henry Ritter, \u00abWahlumtriebe\u00bb, Arnz &amp; Co, D\u00fcsseldorf, 1848, litografia a gesso (Lexikon der Revolutions-Iconographie, Historisches Institut, Justus-Liebig-Universit\u00e4t Gie\u00dfen)\"\n                    alt=\"Fig. 33. Henry Ritter, \u00abWahlumtriebe\u00bb, Arnz &amp; Co, D\u00fcsseldorf, 1848, litografia a gesso (Lexikon der Revolutions-Iconographie, Historisches Institut, Justus-Liebig-Universit\u00e4t Gie\u00dfen)\"\n                    src=\"https:\/\/lungo800.it\/wp-content\/uploads\/2013\/11\/A1\/cache\/A1_Fruci_33-nggid03759-ngg0dyn-150x150x100-00f0w010c011r110f110r010t010.jpg\"\n                    width=\"150\"\n                    height=\"150\"\n                    style=\"max-width:100%;\"\n                \/>\n            <\/a>\n        <\/div>\n\t\t\t\t\t\t\t<\/div> \n\t\t\t\n        \n\t\t\t\t<div id=\"ngg-image-36\" class=\"ngg-gallery-thumbnail-box\" >\n\t\t\t\t        <div class=\"ngg-gallery-thumbnail\">\n            <a href=\"https:\/\/lungo800.it\/wp-content\/uploads\/2013\/11\/A1\/A1_Fruci_34.JPG\"\n               title=\"Fig. 34. Antonio Greppi, \u00abModi di manifestare legalmente il voto pubblico. Colla sottoscrizione. - Sento che i vostri argomenti sono abbastanza di peso\u00bb, in \u00abLo Spirito Folletto\u00bb, 17 maggio 1848.\"\n               data-src=\"https:\/\/lungo800.it\/wp-content\/uploads\/2013\/11\/A1\/A1_Fruci_34.JPG\"\n               data-thumbnail=\"https:\/\/lungo800.it\/wp-content\/uploads\/2013\/11\/A1\/thumbs\/thumbs_A1_Fruci_34.JPG\"\n               data-image-id=\"411\"\n               data-title=\"Fig. 34. Antonio Greppi, \u00abModi di manifestare legalmente il voto pubblico. Colla sottoscrizione. - Sento che i vostri argomenti sono abbastanza di peso\u00bb, in \u00abLo Spirito Folletto\u00bb, 17 maggio 1848.\"\n               data-description=\"Fig. 34. Antonio Greppi, \u00abModi di manifestare legalmente il voto pubblico. Colla sottoscrizione. - Sento che i vostri argomenti sono abbastanza di peso\u00bb, in \u00abLo Spirito Folletto\u00bb, 17 maggio 1848.\"\n               data-image-slug=\"fig-34-antonio-greppi-modi-di-manifestare-legalmente-il-voto-pubblico-colla-sottoscrizione-sento-che-i-vostri-argomenti-sono-abbastanza-di-peso-in-lo-spirito-folletto\"\n               class=\"ngg-fancybox\" rel=\"112\">\n                <img\n                    title=\"Fig. 34. Antonio Greppi, \u00abModi di manifestare legalmente il voto pubblico. Colla sottoscrizione. - Sento che i vostri argomenti sono abbastanza di peso\u00bb, in \u00abLo Spirito Folletto\u00bb, 17 maggio 1848.\"\n                    alt=\"Fig. 34. Antonio Greppi, \u00abModi di manifestare legalmente il voto pubblico. Colla sottoscrizione. - Sento che i vostri argomenti sono abbastanza di peso\u00bb, in \u00abLo Spirito Folletto\u00bb, 17 maggio 1848.\"\n                    src=\"https:\/\/lungo800.it\/wp-content\/uploads\/2013\/11\/A1\/cache\/A1_Fruci_34-nggid03411-ngg0dyn-150x150x100-00f0w010c011r110f110r010t010.JPG\"\n                    width=\"150\"\n                    height=\"150\"\n                    style=\"max-width:100%;\"\n                \/>\n            <\/a>\n        <\/div>\n\t\t\t\t\t\t\t<\/div> \n\t\t\t\n        \n\t\t\t\t<div id=\"ngg-image-37\" class=\"ngg-gallery-thumbnail-box\" >\n\t\t\t\t        <div class=\"ngg-gallery-thumbnail\">\n            <a href=\"https:\/\/lungo800.it\/wp-content\/uploads\/2013\/11\/A1\/A1_Fruci_35.jpg\"\n               title=\"Fig. 35. John Lewis Marks, \u00abThe Steping Stone or John Bull peeping into Futurity!!!\u00bb, 1832, acquaforte (British Museum, London)\"\n               data-src=\"https:\/\/lungo800.it\/wp-content\/uploads\/2013\/11\/A1\/A1_Fruci_35.jpg\"\n               data-thumbnail=\"https:\/\/lungo800.it\/wp-content\/uploads\/2013\/11\/A1\/thumbs\/thumbs_A1_Fruci_35.jpg\"\n               data-image-id=\"412\"\n               data-title=\"Fig. 35. John Lewis Marks, \u00abThe Steping Stone or John Bull peeping into Futurity!!!\u00bb, 1832, acquaforte (British Museum, London)\"\n               data-description=\"Fig. 35. John Lewis Marks, \u00abThe Steping Stone or John Bull peeping into Futurity!!!\u00bb, 1832, acquaforte (British Museum, London)\"\n               data-image-slug=\"fig-35-john-lewis-marks-the-steping-stone-or-john-bull-peeping-into-futurity-1832-acquaforte-british-museum-london\"\n               class=\"ngg-fancybox\" rel=\"112\">\n                <img\n                    title=\"Fig. 35. John Lewis Marks, \u00abThe Steping Stone or John Bull peeping into Futurity!!!\u00bb, 1832, acquaforte (British Museum, London)\"\n                    alt=\"Fig. 35. John Lewis Marks, \u00abThe Steping Stone or John Bull peeping into Futurity!!!\u00bb, 1832, acquaforte (British Museum, London)\"\n                    src=\"https:\/\/lungo800.it\/wp-content\/uploads\/2013\/11\/A1\/cache\/A1_Fruci_35-nggid03412-ngg0dyn-150x150x100-00f0w010c011r110f110r010t010.jpg\"\n                    width=\"150\"\n                    height=\"150\"\n                    style=\"max-width:100%;\"\n                \/>\n            <\/a>\n        <\/div>\n\t\t\t\t\t\t\t<\/div> \n\t\t\t\n        \n\t\t\t\t<div id=\"ngg-image-38\" class=\"ngg-gallery-thumbnail-box\" >\n\t\t\t\t        <div class=\"ngg-gallery-thumbnail\">\n            <a href=\"https:\/\/lungo800.it\/wp-content\/uploads\/2013\/11\/A1\/A1_Fruci_36.jpg\"\n               title=\"Fig. 36. George Cruikshank, \u00abUniversal Suffrage or the Scum Uppermost !!! An Allegory to demostrate the fatal consequences of \u201cRadical Reform\u201d in plain English Revolution\u00bb, George Humphrey, London 1819, incisione (British Museum, London).\"\n               data-src=\"https:\/\/lungo800.it\/wp-content\/uploads\/2013\/11\/A1\/A1_Fruci_36.jpg\"\n               data-thumbnail=\"https:\/\/lungo800.it\/wp-content\/uploads\/2013\/11\/A1\/thumbs\/thumbs_A1_Fruci_36.jpg\"\n               data-image-id=\"239\"\n               data-title=\"Fig. 36. George Cruikshank, \u00abUniversal Suffrage or the Scum Uppermost !!! An Allegory to demostrate the fatal consequences of \u201cRadical Reform\u201d in plain English Revolution\u00bb, George Humphrey, London 1819, incisione (British Museum, London).\"\n               data-description=\"Fig. 36. George Cruikshank, \u00abUniversal Suffrage or the Scum Uppermost !!! An Allegory to demostrate the fatal consequences of \u201cRadical Reform\u201d in plain English Revolution\u00bb, George Humphrey, London 1819, incisione (British Museum, London).\"\n               data-image-slug=\"fig-36-george-cruikshank-universal-suffrage-or-the-scum-uppermost-an-allegory-to-demostrate-the-fatal-consequences-of-radical-reform-in-plain-english-revolution-g\"\n               class=\"ngg-fancybox\" rel=\"112\">\n                <img\n                    title=\"Fig. 36. George Cruikshank, \u00abUniversal Suffrage or the Scum Uppermost !!! An Allegory to demostrate the fatal consequences of \u201cRadical Reform\u201d in plain English Revolution\u00bb, George Humphrey, London 1819, incisione (British Museum, London).\"\n                    alt=\"Fig. 36. George Cruikshank, \u00abUniversal Suffrage or the Scum Uppermost !!! An Allegory to demostrate the fatal consequences of \u201cRadical Reform\u201d in plain English Revolution\u00bb, George Humphrey, London 1819, incisione (British Museum, London).\"\n                    src=\"https:\/\/lungo800.it\/wp-content\/uploads\/2013\/11\/A1\/cache\/A1_Fruci_36-nggid03239-ngg0dyn-150x150x100-00f0w010c011r110f110r010t010.jpg\"\n                    width=\"150\"\n                    height=\"150\"\n                    style=\"max-width:100%;\"\n                \/>\n            <\/a>\n        <\/div>\n\t\t\t\t\t\t\t<\/div> \n\t\t\t\n        \n\t\t\t\t<div id=\"ngg-image-39\" class=\"ngg-gallery-thumbnail-box\" >\n\t\t\t\t        <div class=\"ngg-gallery-thumbnail\">\n            <a href=\"https:\/\/lungo800.it\/wp-content\/uploads\/2013\/11\/A1\/A1_Fruci_37.jpg\"\n               title=\"Fig. 37. \u00abSuffrage Universel\u00bb, in \u00abL\u2019Argus\u00bb, Bruxelles, 9 avril 1848 (Justus-Liebig-Universit\u00e4t Gie\u00dfen, Historisches Institut, Lexikon der Revolutions-Iconographie)\"\n               data-src=\"https:\/\/lungo800.it\/wp-content\/uploads\/2013\/11\/A1\/A1_Fruci_37.jpg\"\n               data-thumbnail=\"https:\/\/lungo800.it\/wp-content\/uploads\/2013\/11\/A1\/thumbs\/thumbs_A1_Fruci_37.jpg\"\n               data-image-id=\"767\"\n               data-title=\"Fig. 37. \u00abSuffrage Universel\u00bb, in \u00abL\u2019Argus\u00bb, Bruxelles, 9 avril 1848 (Justus-Liebig-Universit\u00e4t Gie\u00dfen, Historisches Institut, Lexikon der Revolutions-Iconographie)\"\n               data-description=\"Fig. 37. \u00abSuffrage Universel\u00bb, in \u00abL\u2019Argus\u00bb, Bruxelles, 9 avril 1848 (Justus-Liebig-Universit\u00e4t Gie\u00dfen, Historisches Institut, Lexikon der Revolutions-Iconographie)\"\n               data-image-slug=\"fig-37-suffrage-universel-in-largus-bruxelles-9-avril-1848-justus-liebig-universitat-giesen-historisches-institut-lexikon-der-revolutions-iconographie\"\n               class=\"ngg-fancybox\" rel=\"112\">\n                <img\n                    title=\"Fig. 37. \u00abSuffrage Universel\u00bb, in \u00abL\u2019Argus\u00bb, Bruxelles, 9 avril 1848 (Justus-Liebig-Universit\u00e4t Gie\u00dfen, Historisches Institut, Lexikon der Revolutions-Iconographie)\"\n                    alt=\"Fig. 37. \u00abSuffrage Universel\u00bb, in \u00abL\u2019Argus\u00bb, Bruxelles, 9 avril 1848 (Justus-Liebig-Universit\u00e4t Gie\u00dfen, Historisches Institut, Lexikon der Revolutions-Iconographie)\"\n                    src=\"https:\/\/lungo800.it\/wp-content\/uploads\/2013\/11\/A1\/cache\/A1_Fruci_37-nggid03767-ngg0dyn-150x150x100-00f0w010c011r110f110r010t010.jpg\"\n                    width=\"150\"\n                    height=\"150\"\n                    style=\"max-width:100%;\"\n                \/>\n            <\/a>\n        <\/div>\n\t\t\t\t\t\t\t<\/div> \n\t\t\t\n        \n\t\t\t\t<div id=\"ngg-image-40\" class=\"ngg-gallery-thumbnail-box\" >\n\t\t\t\t        <div class=\"ngg-gallery-thumbnail\">\n            <a href=\"https:\/\/lungo800.it\/wp-content\/uploads\/2013\/11\/A1\/A1_Fruci_38.jpg\"\n               title=\"Fig. 38, L\u00e9on Guillemain (pseudonimo di L\u00e9on Guillemin), \u00ab\u00c9lections de 1849. Madame la Repr\u00e9sentante du Peuple ou l\u2019\u00e9mancipation de ces dames\u00bb, Lacour, Paris 1849, incisione su legno colorata (Biblioth\u00e8que nationale de France, Paris, D\u00e9partement Estampes et photographie, Collection De Vinck)\"\n               data-src=\"https:\/\/lungo800.it\/wp-content\/uploads\/2013\/11\/A1\/A1_Fruci_38.jpg\"\n               data-thumbnail=\"https:\/\/lungo800.it\/wp-content\/uploads\/2013\/11\/A1\/thumbs\/thumbs_A1_Fruci_38.jpg\"\n               data-image-id=\"760\"\n               data-title=\"Fig. 38, L\u00e9on Guillemain (pseudonimo di L\u00e9on Guillemin), \u00ab\u00c9lections de 1849. Madame la Repr\u00e9sentante du Peuple ou l\u2019\u00e9mancipation de ces dames\u00bb, Lacour, Paris 1849, incisione su legno colorata (Biblioth\u00e8que nationale de France, Paris, D\u00e9partement Estampes et photographie, Collection De Vinck)\"\n               data-description=\"Fig. 38, L\u00e9on Guillemain (pseudonimo di L\u00e9on Guillemin), \u00ab\u00c9lections de 1849. Madame la Repr\u00e9sentante du Peuple ou l\u2019\u00e9mancipation de ces dames\u00bb, Lacour, Paris 1849, incisione su legno colorata (Biblioth\u00e8que nationale de France, Paris, D\u00e9partement Estampes et photographie, Collection De Vinck)\"\n               data-image-slug=\"fig-38-leon-guillemain-pseudonimo-di-leon-guillemin-elections-de-1849-madame-la-representante-du-peuple-ou-lemancipation-de-ces-dames-lacour-paris-1849-incisione-su-legno\"\n               class=\"ngg-fancybox\" rel=\"112\">\n                <img\n                    title=\"Fig. 38, L\u00e9on Guillemain (pseudonimo di L\u00e9on Guillemin), \u00ab\u00c9lections de 1849. Madame la Repr\u00e9sentante du Peuple ou l\u2019\u00e9mancipation de ces dames\u00bb, Lacour, Paris 1849, incisione su legno colorata (Biblioth\u00e8que nationale de France, Paris, D\u00e9partement Estampes et photographie, Collection De Vinck)\"\n                    alt=\"Fig. 38, L\u00e9on Guillemain (pseudonimo di L\u00e9on Guillemin), \u00ab\u00c9lections de 1849. Madame la Repr\u00e9sentante du Peuple ou l\u2019\u00e9mancipation de ces dames\u00bb, Lacour, Paris 1849, incisione su legno colorata (Biblioth\u00e8que nationale de France, Paris, D\u00e9partement Estampes et photographie, Collection De Vinck)\"\n                    src=\"https:\/\/lungo800.it\/wp-content\/uploads\/2013\/11\/A1\/cache\/A1_Fruci_38-nggid03760-ngg0dyn-150x150x100-00f0w010c011r110f110r010t010.jpg\"\n                    width=\"150\"\n                    height=\"150\"\n                    style=\"max-width:100%;\"\n                \/>\n            <\/a>\n        <\/div>\n\t\t\t\t\t\t\t<\/div> \n\t\t\t\n        \n\t\t\t\t<div id=\"ngg-image-41\" class=\"ngg-gallery-thumbnail-box\" >\n\t\t\t\t        <div class=\"ngg-gallery-thumbnail\">\n            <a href=\"https:\/\/lungo800.it\/wp-content\/uploads\/2013\/11\/A1\/A1_Fruci_39.jpg\"\n               title=\"Fig. 39. \u00abLe vote dans les campagnes\u00bb, in \u00abL\u2019Illustration. Journal Universel\u00bb, 16 d\u00e9cembre 1848, p. 248; \u00abDie Pr\u00e4sidentwahl bei Paris\u00bb, in \u00abIllustrirte Zeitung\u00bb, Leipzig, 30. Dezember 1848, p. 424.\"\n               data-src=\"https:\/\/lungo800.it\/wp-content\/uploads\/2013\/11\/A1\/A1_Fruci_39.jpg\"\n               data-thumbnail=\"https:\/\/lungo800.it\/wp-content\/uploads\/2013\/11\/A1\/thumbs\/thumbs_A1_Fruci_39.jpg\"\n               data-image-id=\"761\"\n               data-title=\"Fig. 39. \u00abLe vote dans les campagnes\u00bb, in \u00abL\u2019Illustration. Journal Universel\u00bb, 16 d\u00e9cembre 1848, p. 248; \u00abDie Pr\u00e4sidentwahl bei Paris\u00bb, in \u00abIllustrirte Zeitung\u00bb, Leipzig, 30. Dezember 1848, p. 424.\"\n               data-description=\"Fig. 39. \u00abLe vote dans les campagnes\u00bb, in \u00abL\u2019Illustration. Journal Universel\u00bb, 16 d\u00e9cembre 1848, p. 248; \u00abDie Pr\u00e4sidentwahl bei Paris\u00bb, in \u00abIllustrirte Zeitung\u00bb, Leipzig, 30. Dezember 1848, p. 424.\"\n               data-image-slug=\"fig-39-le-vote-dans-les-campagnes-in-lillustration-journal-universel-16-decembre-1848-p-248-die-prasidentwahl-bei-paris-in-illustrirte-zeitu-2\"\n               class=\"ngg-fancybox\" rel=\"112\">\n                <img\n                    title=\"Fig. 39. \u00abLe vote dans les campagnes\u00bb, in \u00abL\u2019Illustration. Journal Universel\u00bb, 16 d\u00e9cembre 1848, p. 248; \u00abDie Pr\u00e4sidentwahl bei Paris\u00bb, in \u00abIllustrirte Zeitung\u00bb, Leipzig, 30. Dezember 1848, p. 424.\"\n                    alt=\"Fig. 39. \u00abLe vote dans les campagnes\u00bb, in \u00abL\u2019Illustration. Journal Universel\u00bb, 16 d\u00e9cembre 1848, p. 248; \u00abDie Pr\u00e4sidentwahl bei Paris\u00bb, in \u00abIllustrirte Zeitung\u00bb, Leipzig, 30. Dezember 1848, p. 424.\"\n                    src=\"https:\/\/lungo800.it\/wp-content\/uploads\/2013\/11\/A1\/cache\/A1_Fruci_39-nggid03761-ngg0dyn-150x150x100-00f0w010c011r110f110r010t010.jpg\"\n                    width=\"150\"\n                    height=\"150\"\n                    style=\"max-width:100%;\"\n                \/>\n            <\/a>\n        <\/div>\n\t\t\t\t\t\t\t<\/div> \n\t\t\t\n        \n\t\t\t\t<div id=\"ngg-image-42\" class=\"ngg-gallery-thumbnail-box\" >\n\t\t\t\t        <div class=\"ngg-gallery-thumbnail\">\n            <a href=\"https:\/\/lungo800.it\/wp-content\/uploads\/2013\/11\/A1\/A1_Fruci_40.jpg\"\n               title=\"Fig. 40. \u00abProclamation sur la Place de l\u2019H\u00f4tel de Ville, le 18 mai 1849, des vingt-huit repr\u00e9sentants \u00e9lus par le d\u00e9partement de la Seine\u00bb, in \u00abL\u2019Illustration. Journal Universel\u00bb, 26 mai 1849, p. 196.\"\n               data-src=\"https:\/\/lungo800.it\/wp-content\/uploads\/2013\/11\/A1\/A1_Fruci_40.jpg\"\n               data-thumbnail=\"https:\/\/lungo800.it\/wp-content\/uploads\/2013\/11\/A1\/thumbs\/thumbs_A1_Fruci_40.jpg\"\n               data-image-id=\"762\"\n               data-title=\"Fig. 40. \u00abProclamation sur la Place de l\u2019H\u00f4tel de Ville, le 18 mai 1849, des vingt-huit repr\u00e9sentants \u00e9lus par le d\u00e9partement de la Seine\u00bb, in \u00abL\u2019Illustration. Journal Universel\u00bb, 26 mai 1849, p. 196.\"\n               data-description=\"Fig. 40. \u00abProclamation sur la Place de l\u2019H\u00f4tel de Ville, le 18 mai 1849, des vingt-huit repr\u00e9sentants \u00e9lus par le d\u00e9partement de la Seine\u00bb, in \u00abL\u2019Illustration. Journal Universel\u00bb, 26 mai 1849, p. 196.\"\n               data-image-slug=\"fig-40-proclamation-sur-la-place-de-lhotel-de-ville-le-18-mai-1849-des-vingt-huit-representants-elus-par-le-departement-de-la-seine-in-lillustration-journal-u-2\"\n               class=\"ngg-fancybox\" rel=\"112\">\n                <img\n                    title=\"Fig. 40. \u00abProclamation sur la Place de l\u2019H\u00f4tel de Ville, le 18 mai 1849, des vingt-huit repr\u00e9sentants \u00e9lus par le d\u00e9partement de la Seine\u00bb, in \u00abL\u2019Illustration. Journal Universel\u00bb, 26 mai 1849, p. 196.\"\n                    alt=\"Fig. 40. \u00abProclamation sur la Place de l\u2019H\u00f4tel de Ville, le 18 mai 1849, des vingt-huit repr\u00e9sentants \u00e9lus par le d\u00e9partement de la Seine\u00bb, in \u00abL\u2019Illustration. Journal Universel\u00bb, 26 mai 1849, p. 196.\"\n                    src=\"https:\/\/lungo800.it\/wp-content\/uploads\/2013\/11\/A1\/cache\/A1_Fruci_40-nggid03762-ngg0dyn-150x150x100-00f0w010c011r110f110r010t010.jpg\"\n                    width=\"150\"\n                    height=\"150\"\n                    style=\"max-width:100%;\"\n                \/>\n            <\/a>\n        <\/div>\n\t\t\t\t\t\t\t<\/div> \n\t\t\t\n        \n\t\t\t\t<div id=\"ngg-image-43\" class=\"ngg-gallery-thumbnail-box\" >\n\t\t\t\t        <div class=\"ngg-gallery-thumbnail\">\n            <a href=\"https:\/\/lungo800.it\/wp-content\/uploads\/2013\/11\/A1\/A1_Fruci_41.jpg\"\n               title=\"Fig. 41. \u00abTransport des bulletins des sections \u00e0 la Mairie\u00bb, in \u00abL\u2019Illustration. Journal Universel\u00bb, 16 d\u00e9cembre 1848, p. 249.\"\n               data-src=\"https:\/\/lungo800.it\/wp-content\/uploads\/2013\/11\/A1\/A1_Fruci_41.jpg\"\n               data-thumbnail=\"https:\/\/lungo800.it\/wp-content\/uploads\/2013\/11\/A1\/thumbs\/thumbs_A1_Fruci_41.jpg\"\n               data-image-id=\"763\"\n               data-title=\"Fig. 41. \u00abTransport des bulletins des sections \u00e0 la Mairie\u00bb, in \u00abL\u2019Illustration. Journal Universel\u00bb, 16 d\u00e9cembre 1848, p. 249.\"\n               data-description=\"Fig. 41. \u00abTransport des bulletins des sections \u00e0 la Mairie\u00bb, in \u00abL\u2019Illustration. Journal Universel\u00bb, 16 d\u00e9cembre 1848, p. 249.\"\n               data-image-slug=\"fig-41-transport-des-bulletins-des-sections-a-la-mairie-in-lillustration-journal-universel-16-decembre-1848-p-249-2\"\n               class=\"ngg-fancybox\" rel=\"112\">\n                <img\n                    title=\"Fig. 41. \u00abTransport des bulletins des sections \u00e0 la Mairie\u00bb, in \u00abL\u2019Illustration. Journal Universel\u00bb, 16 d\u00e9cembre 1848, p. 249.\"\n                    alt=\"Fig. 41. \u00abTransport des bulletins des sections \u00e0 la Mairie\u00bb, in \u00abL\u2019Illustration. Journal Universel\u00bb, 16 d\u00e9cembre 1848, p. 249.\"\n                    src=\"https:\/\/lungo800.it\/wp-content\/uploads\/2013\/11\/A1\/cache\/A1_Fruci_41-nggid03763-ngg0dyn-150x150x100-00f0w010c011r110f110r010t010.jpg\"\n                    width=\"150\"\n                    height=\"150\"\n                    style=\"max-width:100%;\"\n                \/>\n            <\/a>\n        <\/div>\n\t\t\t\t\t\t\t<\/div> \n\t\t\t\n        \n\t\t\t\t<div id=\"ngg-image-44\" class=\"ngg-gallery-thumbnail-box\" >\n\t\t\t\t        <div class=\"ngg-gallery-thumbnail\">\n            <a href=\"https:\/\/lungo800.it\/wp-content\/uploads\/2013\/11\/A1\/A1_Fruci_42.jpg\"\n               title=\"Fig. 42. \u00abD\u00e9pouillement des votes dans la salle Saint-Jean, le 21 septembre 1848\u00bb, in \u00abL\u2019Illustration. Journal Universel\u00bb, 23 septembre 1848, p. 52.\"\n               data-src=\"https:\/\/lungo800.it\/wp-content\/uploads\/2013\/11\/A1\/A1_Fruci_42.jpg\"\n               data-thumbnail=\"https:\/\/lungo800.it\/wp-content\/uploads\/2013\/11\/A1\/thumbs\/thumbs_A1_Fruci_42.jpg\"\n               data-image-id=\"764\"\n               data-title=\"Fig. 42. \u00abD\u00e9pouillement des votes dans la salle Saint-Jean, le 21 septembre 1848\u00bb, in \u00abL\u2019Illustration. Journal Universel\u00bb, 23 septembre 1848, p. 52.\"\n               data-description=\"Fig. 42. \u00abD\u00e9pouillement des votes dans la salle Saint-Jean, le 21 septembre 1848\u00bb, in \u00abL\u2019Illustration. Journal Universel\u00bb, 23 septembre 1848, p. 52.\"\n               data-image-slug=\"fig-42-depouillement-des-votes-dans-la-salle-saint-jean-le-21-septembre-1848-in-lillustration-journal-universel-23-septembre-1848-p-52-2\"\n               class=\"ngg-fancybox\" rel=\"112\">\n                <img\n                    title=\"Fig. 42. \u00abD\u00e9pouillement des votes dans la salle Saint-Jean, le 21 septembre 1848\u00bb, in \u00abL\u2019Illustration. Journal Universel\u00bb, 23 septembre 1848, p. 52.\"\n                    alt=\"Fig. 42. \u00abD\u00e9pouillement des votes dans la salle Saint-Jean, le 21 septembre 1848\u00bb, in \u00abL\u2019Illustration. Journal Universel\u00bb, 23 septembre 1848, p. 52.\"\n                    src=\"https:\/\/lungo800.it\/wp-content\/uploads\/2013\/11\/A1\/cache\/A1_Fruci_42-nggid03764-ngg0dyn-150x150x100-00f0w010c011r110f110r010t010.jpg\"\n                    width=\"150\"\n                    height=\"150\"\n                    style=\"max-width:100%;\"\n                \/>\n            <\/a>\n        <\/div>\n\t\t\t\t\t\t\t<\/div> \n\t\t\t\n        \n\t\t\t\t<div id=\"ngg-image-45\" class=\"ngg-gallery-thumbnail-box\" >\n\t\t\t\t        <div class=\"ngg-gallery-thumbnail\">\n            <a href=\"https:\/\/lungo800.it\/wp-content\/uploads\/2013\/11\/A1\/A1_Fruci_43.jpg\"\n               title=\"Fig. 43. \u00abWahl eines Deputirten zur II. Kammer\u00bb, K\u00f6ln, 1849-1855 ca., stampa anonima (Lexikon der Revolutions-Iconographie, Historisches Institut, Justus-Liebig-Universit\u00e4t Gie\u00dfen)\"\n               data-src=\"https:\/\/lungo800.it\/wp-content\/uploads\/2013\/11\/A1\/A1_Fruci_43.jpg\"\n               data-thumbnail=\"https:\/\/lungo800.it\/wp-content\/uploads\/2013\/11\/A1\/thumbs\/thumbs_A1_Fruci_43.jpg\"\n               data-image-id=\"765\"\n               data-title=\"Fig. 43. \u00abWahl eines Deputirten zur II. Kammer\u00bb, K\u00f6ln, 1849-1855 ca., stampa anonima (Lexikon der Revolutions-Iconographie, Historisches Institut, Justus-Liebig-Universit\u00e4t Gie\u00dfen)\"\n               data-description=\"Fig. 43. \u00abWahl eines Deputirten zur II. Kammer\u00bb, K\u00f6ln, 1849-1855 ca., stampa anonima (Lexikon der Revolutions-Iconographie, Historisches Institut, Justus-Liebig-Universit\u00e4t Gie\u00dfen)\"\n               data-image-slug=\"fig-43-wahl-eines-deputirten-zur-ii-kammer-koln-1849-1855-ca-stampa-anonima-lexikon-der-revolutions-iconographie-historisches-institut-justus-liebig-universitat-giesen\"\n               class=\"ngg-fancybox\" rel=\"112\">\n                <img\n                    title=\"Fig. 43. \u00abWahl eines Deputirten zur II. Kammer\u00bb, K\u00f6ln, 1849-1855 ca., stampa anonima (Lexikon der Revolutions-Iconographie, Historisches Institut, Justus-Liebig-Universit\u00e4t Gie\u00dfen)\"\n                    alt=\"Fig. 43. \u00abWahl eines Deputirten zur II. Kammer\u00bb, K\u00f6ln, 1849-1855 ca., stampa anonima (Lexikon der Revolutions-Iconographie, Historisches Institut, Justus-Liebig-Universit\u00e4t Gie\u00dfen)\"\n                    src=\"https:\/\/lungo800.it\/wp-content\/uploads\/2013\/11\/A1\/cache\/A1_Fruci_43-nggid03765-ngg0dyn-150x150x100-00f0w010c011r110f110r010t010.jpg\"\n                    width=\"150\"\n                    height=\"150\"\n                    style=\"max-width:100%;\"\n                \/>\n            <\/a>\n        <\/div>\n\t\t\t\t\t\t\t<\/div> \n\t\t\t\n        \n\t\t\t\t<div id=\"ngg-image-46\" class=\"ngg-gallery-thumbnail-box\" >\n\t\t\t\t        <div class=\"ngg-gallery-thumbnail\">\n            <a href=\"https:\/\/lungo800.it\/wp-content\/uploads\/2013\/11\/A1\/A1_Fruci_44.jpg\"\n               title=\"Fig. 44. \u00abLibera e Spontanea Votazione per la Costituente\u00bb, in \u201cGrande Riunione tenuta nella sala dell\u2019ex Circolo Popolare in Roma\u201d, Tipografia Patern\u00f2, Roma, 1849, p. 129.\"\n               data-src=\"https:\/\/lungo800.it\/wp-content\/uploads\/2013\/11\/A1\/A1_Fruci_44.jpg\"\n               data-thumbnail=\"https:\/\/lungo800.it\/wp-content\/uploads\/2013\/11\/A1\/thumbs\/thumbs_A1_Fruci_44.jpg\"\n               data-image-id=\"766\"\n               data-title=\"Fig. 44. \u00abLibera e Spontanea Votazione per la Costituente\u00bb, in \u201cGrande Riunione tenuta nella sala dell\u2019ex Circolo Popolare in Roma\u201d, Tipografia Patern\u00f2, Roma, 1849, p. 129.\"\n               data-description=\"Fig. 44. \u00abLibera e Spontanea Votazione per la Costituente\u00bb, in \u201cGrande Riunione tenuta nella sala dell\u2019ex Circolo Popolare in Roma\u201d, Tipografia Patern\u00f2, Roma, 1849, p. 129.\"\n               data-image-slug=\"fig-44-libera-e-spontanea-votazione-per-la-costituente-in-grande-riunione-tenuta-nella-sala-dellex-circolo-popolare-in-roma-tipografia-paterno-roma-1849-p-2\"\n               class=\"ngg-fancybox\" rel=\"112\">\n                <img\n                    title=\"Fig. 44. \u00abLibera e Spontanea Votazione per la Costituente\u00bb, in \u201cGrande Riunione tenuta nella sala dell\u2019ex Circolo Popolare in Roma\u201d, Tipografia Patern\u00f2, Roma, 1849, p. 129.\"\n                    alt=\"Fig. 44. \u00abLibera e Spontanea Votazione per la Costituente\u00bb, in \u201cGrande Riunione tenuta nella sala dell\u2019ex Circolo Popolare in Roma\u201d, Tipografia Patern\u00f2, Roma, 1849, p. 129.\"\n                    src=\"https:\/\/lungo800.it\/wp-content\/uploads\/2013\/11\/A1\/cache\/A1_Fruci_44-nggid03766-ngg0dyn-150x150x100-00f0w010c011r110f110r010t010.jpg\"\n                    width=\"150\"\n                    height=\"150\"\n                    style=\"max-width:100%;\"\n                \/>\n            <\/a>\n        <\/div>\n\t\t\t\t\t\t\t<\/div> \n\t\t\t\n        \n\t\t\t\t<div id=\"ngg-image-47\" class=\"ngg-gallery-thumbnail-box\" >\n\t\t\t\t        <div class=\"ngg-gallery-thumbnail\">\n            <a href=\"https:\/\/lungo800.it\/wp-content\/uploads\/2013\/11\/A1\/A1_Fruci_45.jpg\"\n               title=\"Fig. 45. Thomas Nast, \u00abThe Vote for Annexation at Naples. Polling Booth at Monte Calvario\u00bb, in \u00abThe Illustrated London News\u00bb, November 10, 1860, p. 450.\"\n               data-src=\"https:\/\/lungo800.it\/wp-content\/uploads\/2013\/11\/A1\/A1_Fruci_45.jpg\"\n               data-thumbnail=\"https:\/\/lungo800.it\/wp-content\/uploads\/2013\/11\/A1\/thumbs\/thumbs_A1_Fruci_45.jpg\"\n               data-image-id=\"422\"\n               data-title=\"Fig. 45. Thomas Nast, \u00abThe Vote for Annexation at Naples. Polling Booth at Monte Calvario\u00bb, in \u00abThe Illustrated London News\u00bb, November 10, 1860, p. 450.\"\n               data-description=\"Fig. 45. Thomas Nast, \u00abThe Vote for Annexation at Naples. Polling Booth at Monte Calvario\u00bb, in \u00abThe Illustrated London News\u00bb, November 10, 1860, p. 450.\"\n               data-image-slug=\"fig-45-thomas-nast-the-vote-for-annexation-at-naples-polling-booth-at-monte-calvario-in-the-illustrated-london-news-november-10-1860-p-450\"\n               class=\"ngg-fancybox\" rel=\"112\">\n                <img\n                    title=\"Fig. 45. Thomas Nast, \u00abThe Vote for Annexation at Naples. Polling Booth at Monte Calvario\u00bb, in \u00abThe Illustrated London News\u00bb, November 10, 1860, p. 450.\"\n                    alt=\"Fig. 45. Thomas Nast, \u00abThe Vote for Annexation at Naples. Polling Booth at Monte Calvario\u00bb, in \u00abThe Illustrated London News\u00bb, November 10, 1860, p. 450.\"\n                    src=\"https:\/\/lungo800.it\/wp-content\/uploads\/2013\/11\/A1\/cache\/A1_Fruci_45-nggid03422-ngg0dyn-150x150x100-00f0w010c011r110f110r010t010.jpg\"\n                    width=\"150\"\n                    height=\"150\"\n                    style=\"max-width:100%;\"\n                \/>\n            <\/a>\n        <\/div>\n\t\t\t\t\t\t\t<\/div> \n\t\t\t\n        \n\t\t\t\t<div id=\"ngg-image-48\" class=\"ngg-gallery-thumbnail-box\" >\n\t\t\t\t        <div class=\"ngg-gallery-thumbnail\">\n            <a href=\"https:\/\/lungo800.it\/wp-content\/uploads\/2013\/11\/A1\/A1_Fruci_46.jpg\"\n               title=\"Fig. 46. Cesare Maccari, \u00abVittorio Emanuele II riceve in Firenze il plebiscito dei romani\u00bb, 1886, affresco (Palazzo Pubblico, Siena).\"\n               data-src=\"https:\/\/lungo800.it\/wp-content\/uploads\/2013\/11\/A1\/A1_Fruci_46.jpg\"\n               data-thumbnail=\"https:\/\/lungo800.it\/wp-content\/uploads\/2013\/11\/A1\/thumbs\/thumbs_A1_Fruci_46.jpg\"\n               data-image-id=\"240\"\n               data-title=\"Fig. 46. Cesare Maccari, \u00abVittorio Emanuele II riceve in Firenze il plebiscito dei romani\u00bb, 1886, affresco (Palazzo Pubblico, Siena).\"\n               data-description=\"Fig. 46. Cesare Maccari, \u00abVittorio Emanuele II riceve in Firenze il plebiscito dei romani\u00bb, 1886, affresco (Palazzo Pubblico, Siena).\"\n               data-image-slug=\"fig-46-cesare-maccari-vittorio-emanuele-ii-riceve-in-firenze-il-plebiscito-dei-romani-1886-affresco-palazzo-pubblico-siena\"\n               class=\"ngg-fancybox\" rel=\"112\">\n                <img\n                    title=\"Fig. 46. Cesare Maccari, \u00abVittorio Emanuele II riceve in Firenze il plebiscito dei romani\u00bb, 1886, affresco (Palazzo Pubblico, Siena).\"\n                    alt=\"Fig. 46. Cesare Maccari, \u00abVittorio Emanuele II riceve in Firenze il plebiscito dei romani\u00bb, 1886, affresco (Palazzo Pubblico, Siena).\"\n                    src=\"https:\/\/lungo800.it\/wp-content\/uploads\/2013\/11\/A1\/cache\/A1_Fruci_46-nggid03240-ngg0dyn-150x150x100-00f0w010c011r110f110r010t010.jpg\"\n                    width=\"150\"\n                    height=\"150\"\n                    style=\"max-width:100%;\"\n                \/>\n            <\/a>\n        <\/div>\n\t\t\t\t\t\t\t<\/div> \n\t\t\t\n        \n\t\t\t\t<div id=\"ngg-image-49\" class=\"ngg-gallery-thumbnail-box\" >\n\t\t\t\t        <div class=\"ngg-gallery-thumbnail\">\n            <a href=\"https:\/\/lungo800.it\/wp-content\/uploads\/2013\/11\/A1\/A1_Fruci_47.jpg\"\n               title=\"Fig. 47, Giovanni Pagliarini, \u00abLa Famiglia del Plebiscito\u00bb, olio su tela, 1860 (Gallerie Civiche d\u2019arte moderna e contemporanea, Ferrara)\"\n               data-src=\"https:\/\/lungo800.it\/wp-content\/uploads\/2013\/11\/A1\/A1_Fruci_47.jpg\"\n               data-thumbnail=\"https:\/\/lungo800.it\/wp-content\/uploads\/2013\/11\/A1\/thumbs\/thumbs_A1_Fruci_47.jpg\"\n               data-image-id=\"424\"\n               data-title=\"Fig. 47, Giovanni Pagliarini, \u00abLa Famiglia del Plebiscito\u00bb, olio su tela, 1860 (Gallerie Civiche d\u2019arte moderna e contemporanea, Ferrara)\"\n               data-description=\"Fig. 47, Giovanni Pagliarini, \u00abLa Famiglia del Plebiscito\u00bb, olio su tela, 1860 (Gallerie Civiche d\u2019arte moderna e contemporanea, Ferrara)\"\n               data-image-slug=\"fig-47-giovanni-pagliarini-la-famiglia-del-plebiscito-olio-su-tela-1860-gallerie-civiche-darte-moderna-e-contemporanea-ferrara\"\n               class=\"ngg-fancybox\" rel=\"112\">\n                <img\n                    title=\"Fig. 47, Giovanni Pagliarini, \u00abLa Famiglia del Plebiscito\u00bb, olio su tela, 1860 (Gallerie Civiche d\u2019arte moderna e contemporanea, Ferrara)\"\n                    alt=\"Fig. 47, Giovanni Pagliarini, \u00abLa Famiglia del Plebiscito\u00bb, olio su tela, 1860 (Gallerie Civiche d\u2019arte moderna e contemporanea, Ferrara)\"\n                    src=\"https:\/\/lungo800.it\/wp-content\/uploads\/2013\/11\/A1\/cache\/A1_Fruci_47-nggid03424-ngg0dyn-150x150x100-00f0w010c011r110f110r010t010.jpg\"\n                    width=\"150\"\n                    height=\"150\"\n                    style=\"max-width:100%;\"\n                \/>\n            <\/a>\n        <\/div>\n\t\t\t\t\t\t\t<\/div> \n\t\t\t\n        \n\t\t\t\t<div id=\"ngg-image-50\" class=\"ngg-gallery-thumbnail-box\" >\n\t\t\t\t        <div class=\"ngg-gallery-thumbnail\">\n            <a href=\"https:\/\/lungo800.it\/wp-content\/uploads\/2013\/11\/A1\/A1_Fruci_48.jpg\"\n               title=\"Fig. 48, \u00abMadrid - Aspecto de uno de los colegios electorales en las ultimas elecciones de diputados\u00bb, in \u00abLa Ilustraci\u00f3n espa\u00f1ola y americana\u00bb, suplemento al n\u00fam. 8, 15 de marzo de 1871, p. 137\"\n               data-src=\"https:\/\/lungo800.it\/wp-content\/uploads\/2013\/11\/A1\/A1_Fruci_48.jpg\"\n               data-thumbnail=\"https:\/\/lungo800.it\/wp-content\/uploads\/2013\/11\/A1\/thumbs\/thumbs_A1_Fruci_48.jpg\"\n               data-image-id=\"425\"\n               data-title=\"Fig. 48, \u00abMadrid - Aspecto de uno de los colegios electorales en las ultimas elecciones de diputados\u00bb, in \u00abLa Ilustraci\u00f3n espa\u00f1ola y americana\u00bb, suplemento al n\u00fam. 8, 15 de marzo de 1871, p. 137\"\n               data-description=\"Fig. 48, \u00abMadrid - Aspecto de uno de los colegios electorales en las ultimas elecciones de diputados\u00bb, in \u00abLa Ilustraci\u00f3n espa\u00f1ola y americana\u00bb, suplemento al n\u00fam. 8, 15 de marzo de 1871, p. 137\"\n               data-image-slug=\"fig-48-madrid-aspecto-de-uno-de-los-colegios-electorales-en-las-ultimas-elecciones-de-diputados-in-la-ilustracion-espanola-y-americana-suplemento-al-num-8-15-de-marzo-d\"\n               class=\"ngg-fancybox\" rel=\"112\">\n                <img\n                    title=\"Fig. 48, \u00abMadrid - Aspecto de uno de los colegios electorales en las ultimas elecciones de diputados\u00bb, in \u00abLa Ilustraci\u00f3n espa\u00f1ola y americana\u00bb, suplemento al n\u00fam. 8, 15 de marzo de 1871, p. 137\"\n                    alt=\"Fig. 48, \u00abMadrid - Aspecto de uno de los colegios electorales en las ultimas elecciones de diputados\u00bb, in \u00abLa Ilustraci\u00f3n espa\u00f1ola y americana\u00bb, suplemento al n\u00fam. 8, 15 de marzo de 1871, p. 137\"\n                    src=\"https:\/\/lungo800.it\/wp-content\/uploads\/2013\/11\/A1\/cache\/A1_Fruci_48-nggid03425-ngg0dyn-150x150x100-00f0w010c011r110f110r010t010.jpg\"\n                    width=\"150\"\n                    height=\"150\"\n                    style=\"max-width:100%;\"\n                \/>\n            <\/a>\n        <\/div>\n\t\t\t\t\t\t\t<\/div> \n\t\t\t\n        \n\t\t\t\t<div id=\"ngg-image-51\" class=\"ngg-gallery-thumbnail-box\" >\n\t\t\t\t        <div class=\"ngg-gallery-thumbnail\">\n            <a href=\"https:\/\/lungo800.it\/wp-content\/uploads\/2013\/11\/A1\/A1_Fruci_49.jpg\"\n               title=\"Fig. 49, \u00abTriunfo Electoral\u00bb, in \u00abLa Carcajada\u00bb, 18 abril 1872.\"\n               data-src=\"https:\/\/lungo800.it\/wp-content\/uploads\/2013\/11\/A1\/A1_Fruci_49.jpg\"\n               data-thumbnail=\"https:\/\/lungo800.it\/wp-content\/uploads\/2013\/11\/A1\/thumbs\/thumbs_A1_Fruci_49.jpg\"\n               data-image-id=\"241\"\n               data-title=\"Fig. 49, \u00abTriunfo Electoral\u00bb, in \u00abLa Carcajada\u00bb, 18 abril 1872.\"\n               data-description=\"Fig. 49, \u00abTriunfo Electoral\u00bb, in \u00abLa Carcajada\u00bb, 18 abril 1872.\"\n               data-image-slug=\"fig-49-triunfo-electoral-in-la-carcajada-18-abril-1872\"\n               class=\"ngg-fancybox\" rel=\"112\">\n                <img\n                    title=\"Fig. 49, \u00abTriunfo Electoral\u00bb, in \u00abLa Carcajada\u00bb, 18 abril 1872.\"\n                    alt=\"Fig. 49, \u00abTriunfo Electoral\u00bb, in \u00abLa Carcajada\u00bb, 18 abril 1872.\"\n                    src=\"https:\/\/lungo800.it\/wp-content\/uploads\/2013\/11\/A1\/cache\/A1_Fruci_49-nggid03241-ngg0dyn-150x150x100-00f0w010c011r110f110r010t010.jpg\"\n                    width=\"150\"\n                    height=\"150\"\n                    style=\"max-width:100%;\"\n                \/>\n            <\/a>\n        <\/div>\n\t\t\t\t\t\t\t<\/div> \n\t\t\t\n        \n\t\t\t\t<div id=\"ngg-image-52\" class=\"ngg-gallery-thumbnail-box\" >\n\t\t\t\t        <div class=\"ngg-gallery-thumbnail\">\n            <a href=\"https:\/\/lungo800.it\/wp-content\/uploads\/2013\/11\/A1\/A1_Fruci_50.jpg\"\n               title=\"Fig. 50, H. Harral, \u00abParliamentary Election Nineteenth Century Voting\u00bb, in \u00abThe Graphic\u00bb, March 1, 1873.\"\n               data-src=\"https:\/\/lungo800.it\/wp-content\/uploads\/2013\/11\/A1\/A1_Fruci_50.jpg\"\n               data-thumbnail=\"https:\/\/lungo800.it\/wp-content\/uploads\/2013\/11\/A1\/thumbs\/thumbs_A1_Fruci_50.jpg\"\n               data-image-id=\"427\"\n               data-title=\"Fig. 50, H. Harral, \u00abParliamentary Election Nineteenth Century Voting\u00bb, in \u00abThe Graphic\u00bb, March 1, 1873.\"\n               data-description=\"Fig. 50, H. Harral, \u00abParliamentary Election Nineteenth Century Voting\u00bb, in \u00abThe Graphic\u00bb, March 1, 1873.\"\n               data-image-slug=\"fig-50-h-harral-parliamentary-election-nineteenth-century-voting-in-the-graphic-march-1-1873\"\n               class=\"ngg-fancybox\" rel=\"112\">\n                <img\n                    title=\"Fig. 50, H. Harral, \u00abParliamentary Election Nineteenth Century Voting\u00bb, in \u00abThe Graphic\u00bb, March 1, 1873.\"\n                    alt=\"Fig. 50, H. Harral, \u00abParliamentary Election Nineteenth Century Voting\u00bb, in \u00abThe Graphic\u00bb, March 1, 1873.\"\n                    src=\"https:\/\/lungo800.it\/wp-content\/uploads\/2013\/11\/A1\/cache\/A1_Fruci_50-nggid03427-ngg0dyn-150x150x100-00f0w010c011r110f110r010t010.jpg\"\n                    width=\"150\"\n                    height=\"150\"\n                    style=\"max-width:100%;\"\n                \/>\n            <\/a>\n        <\/div>\n\t\t\t\t\t\t\t<\/div> \n\t\t\t\n        \n\t\t\t\t<div id=\"ngg-image-53\" class=\"ngg-gallery-thumbnail-box\" >\n\t\t\t\t        <div class=\"ngg-gallery-thumbnail\">\n            <a href=\"https:\/\/lungo800.it\/wp-content\/uploads\/2013\/11\/A1\/A1_Fruci_51.jpg\"\n               title=\"Fig. 51, Alfred-Henri Bramtot, \u00abLe Suffrage Universel, esquisse pour la Mairie des Lilas\u00bb, 1888, olio su tela (Mus\u00e9e des Beaux-Arts de la Ville de Paris, Petit-Palais)\"\n               data-src=\"https:\/\/lungo800.it\/wp-content\/uploads\/2013\/11\/A1\/A1_Fruci_51.jpg\"\n               data-thumbnail=\"https:\/\/lungo800.it\/wp-content\/uploads\/2013\/11\/A1\/thumbs\/thumbs_A1_Fruci_51.jpg\"\n               data-image-id=\"428\"\n               data-title=\"Fig. 51, Alfred-Henri Bramtot, \u00abLe Suffrage Universel, esquisse pour la Mairie des Lilas\u00bb, 1888, olio su tela (Mus\u00e9e des Beaux-Arts de la Ville de Paris, Petit-Palais)\"\n               data-description=\"Fig. 51, Alfred-Henri Bramtot, \u00abLe Suffrage Universel, esquisse pour la Mairie des Lilas\u00bb, 1888, olio su tela (Mus\u00e9e des Beaux-Arts de la Ville de Paris, Petit-Palais)\"\n               data-image-slug=\"fig-51-alfred-henri-bramtot-le-suffrage-universel-esquisse-pour-la-mairie-des-lilas-1888-olio-su-tela-musee-des-beaux-arts-de-la-ville-de-paris-petit-palais\"\n               class=\"ngg-fancybox\" rel=\"112\">\n                <img\n                    title=\"Fig. 51, Alfred-Henri Bramtot, \u00abLe Suffrage Universel, esquisse pour la Mairie des Lilas\u00bb, 1888, olio su tela (Mus\u00e9e des Beaux-Arts de la Ville de Paris, Petit-Palais)\"\n                    alt=\"Fig. 51, Alfred-Henri Bramtot, \u00abLe Suffrage Universel, esquisse pour la Mairie des Lilas\u00bb, 1888, olio su tela (Mus\u00e9e des Beaux-Arts de la Ville de Paris, Petit-Palais)\"\n                    src=\"https:\/\/lungo800.it\/wp-content\/uploads\/2013\/11\/A1\/cache\/A1_Fruci_51-nggid03428-ngg0dyn-150x150x100-00f0w010c011r110f110r010t010.jpg\"\n                    width=\"150\"\n                    height=\"150\"\n                    style=\"max-width:100%;\"\n                \/>\n            <\/a>\n        <\/div>\n\t\t\t\t\t\t\t<\/div> \n\t\t\t\n        \n\t\t\t\t<div id=\"ngg-image-54\" class=\"ngg-gallery-thumbnail-box\" >\n\t\t\t\t        <div class=\"ngg-gallery-thumbnail\">\n            <a href=\"https:\/\/lungo800.it\/wp-content\/uploads\/2013\/11\/A1\/A1_Fruci_52.jpg\"\n               title=\"Fig. 52, Alfred-Henri Bramtot, \u00abLe Suffrage Universel\u00bb, fotoincisione, 1891 (Collezione privata).\"\n               data-src=\"https:\/\/lungo800.it\/wp-content\/uploads\/2013\/11\/A1\/A1_Fruci_52.jpg\"\n               data-thumbnail=\"https:\/\/lungo800.it\/wp-content\/uploads\/2013\/11\/A1\/thumbs\/thumbs_A1_Fruci_52.jpg\"\n               data-image-id=\"719\"\n               data-title=\"Fig. 52, Alfred-Henri Bramtot, \u00abLe Suffrage Universel\u00bb, fotoincisione, 1891 (Collezione privata).\"\n               data-description=\"Fig. 52, Alfred-Henri Bramtot, \u00abLe Suffrage Universel\u00bb, fotoincisione, 1891 (Collezione privata).\"\n               data-image-slug=\"fig-52-alfred-henri-bramtot-le-suffrage-universel-fotoincisione-1891-collezione-privata\"\n               class=\"ngg-fancybox\" rel=\"112\">\n                <img\n                    title=\"Fig. 52, Alfred-Henri Bramtot, \u00abLe Suffrage Universel\u00bb, fotoincisione, 1891 (Collezione privata).\"\n                    alt=\"Fig. 52, Alfred-Henri Bramtot, \u00abLe Suffrage Universel\u00bb, fotoincisione, 1891 (Collezione privata).\"\n                    src=\"https:\/\/lungo800.it\/wp-content\/uploads\/2013\/11\/A1\/cache\/A1_Fruci_52-nggid03719-ngg0dyn-150x150x100-00f0w010c011r110f110r010t010.jpg\"\n                    width=\"150\"\n                    height=\"150\"\n                    style=\"max-width:100%;\"\n                \/>\n            <\/a>\n        <\/div>\n\t\t\t\t\t\t\t<\/div> \n\t\t\t\n        \n\t\t\t\t<div id=\"ngg-image-55\" class=\"ngg-gallery-thumbnail-box\" >\n\t\t\t\t        <div class=\"ngg-gallery-thumbnail\">\n            <a href=\"https:\/\/lungo800.it\/wp-content\/uploads\/2013\/11\/A1\/A1_Fruci_53.jpg\"\n               title=\"Fig. 53, \u00abLes \u00e9lections \u2013 M. Thiers votant \u00e0 la section de la rue Saint-Georges\u00bb, in \u00abL\u2019Illustration. Journal Universel\u00bb, 5 juin 1869, p. 356.\"\n               data-src=\"https:\/\/lungo800.it\/wp-content\/uploads\/2013\/11\/A1\/A1_Fruci_53.jpg\"\n               data-thumbnail=\"https:\/\/lungo800.it\/wp-content\/uploads\/2013\/11\/A1\/thumbs\/thumbs_A1_Fruci_53.jpg\"\n               data-image-id=\"429\"\n               data-title=\"Fig. 53, \u00abLes \u00e9lections \u2013 M. Thiers votant \u00e0 la section de la rue Saint-Georges\u00bb, in \u00abL\u2019Illustration. Journal Universel\u00bb, 5 juin 1869, p. 356.\"\n               data-description=\"Fig. 53, \u00abLes \u00e9lections \u2013 M. Thiers votant \u00e0 la section de la rue Saint-Georges\u00bb, in \u00abL\u2019Illustration. Journal Universel\u00bb, 5 juin 1869, p. 356.\"\n               data-image-slug=\"fig-53-les-elections-m-thiers-votant-a-la-section-de-la-rue-saint-georges-in-lillustration-journal-universel-5-juin-1869-p-356\"\n               class=\"ngg-fancybox\" rel=\"112\">\n                <img\n                    title=\"Fig. 53, \u00abLes \u00e9lections \u2013 M. Thiers votant \u00e0 la section de la rue Saint-Georges\u00bb, in \u00abL\u2019Illustration. Journal Universel\u00bb, 5 juin 1869, p. 356.\"\n                    alt=\"Fig. 53, \u00abLes \u00e9lections \u2013 M. Thiers votant \u00e0 la section de la rue Saint-Georges\u00bb, in \u00abL\u2019Illustration. Journal Universel\u00bb, 5 juin 1869, p. 356.\"\n                    src=\"https:\/\/lungo800.it\/wp-content\/uploads\/2013\/11\/A1\/cache\/A1_Fruci_53-nggid03429-ngg0dyn-150x150x100-00f0w010c011r110f110r010t010.jpg\"\n                    width=\"150\"\n                    height=\"150\"\n                    style=\"max-width:100%;\"\n                \/>\n            <\/a>\n        <\/div>\n\t\t\t\t\t\t\t<\/div> \n\t\t\t\n        \n\t\t\t\t<div id=\"ngg-image-56\" class=\"ngg-gallery-thumbnail-box\" >\n\t\t\t\t        <div class=\"ngg-gallery-thumbnail\">\n            <a href=\"https:\/\/lungo800.it\/wp-content\/uploads\/2013\/11\/A1\/A1_Fruci_54.jpg\"\n               title=\"Fig. 54, \u00abIl discorso di Depretis a Stradella \u2013 8 ottobre (Disegno del signor Dante Paolocci)\u00bb, in \u00abL\u2019Illustrazione Italiana\u00bb, 22 ottobre 1882.\"\n               data-src=\"https:\/\/lungo800.it\/wp-content\/uploads\/2013\/11\/A1\/A1_Fruci_54.jpg\"\n               data-thumbnail=\"https:\/\/lungo800.it\/wp-content\/uploads\/2013\/11\/A1\/thumbs\/thumbs_A1_Fruci_54.jpg\"\n               data-image-id=\"242\"\n               data-title=\"Fig. 54, \u00abIl discorso di Depretis a Stradella \u2013 8 ottobre (Disegno del signor Dante Paolocci)\u00bb, in \u00abL\u2019Illustrazione Italiana\u00bb, 22 ottobre 1882.\"\n               data-description=\"Fig. 54, \u00abIl discorso di Depretis a Stradella \u2013 8 ottobre (Disegno del signor Dante Paolocci)\u00bb, in \u00abL\u2019Illustrazione Italiana\u00bb, 22 ottobre 1882.\"\n               data-image-slug=\"fig-54-il-discorso-di-depretis-a-stradella-8-ottobre-disegno-del-signor-dante-paolocci-in-lillustrazione-italiana-22-ottobre-1882\"\n               class=\"ngg-fancybox\" rel=\"112\">\n                <img\n                    title=\"Fig. 54, \u00abIl discorso di Depretis a Stradella \u2013 8 ottobre (Disegno del signor Dante Paolocci)\u00bb, in \u00abL\u2019Illustrazione Italiana\u00bb, 22 ottobre 1882.\"\n                    alt=\"Fig. 54, \u00abIl discorso di Depretis a Stradella \u2013 8 ottobre (Disegno del signor Dante Paolocci)\u00bb, in \u00abL\u2019Illustrazione Italiana\u00bb, 22 ottobre 1882.\"\n                    src=\"https:\/\/lungo800.it\/wp-content\/uploads\/2013\/11\/A1\/cache\/A1_Fruci_54-nggid03242-ngg0dyn-150x150x100-00f0w010c011r110f110r010t010.jpg\"\n                    width=\"150\"\n                    height=\"150\"\n                    style=\"max-width:100%;\"\n                \/>\n            <\/a>\n        <\/div>\n\t\t\t\t\t\t\t<\/div> \n\t\t\t\n        \n\t\t\t\t<div id=\"ngg-image-57\" class=\"ngg-gallery-thumbnail-box\" >\n\t\t\t\t        <div class=\"ngg-gallery-thumbnail\">\n            <a href=\"https:\/\/lungo800.it\/wp-content\/uploads\/2013\/11\/A1\/A1_Fruci_55.jpg\"\n               title=\"Fig. 55, Jean-Fran\u00e7ois Raffa\u00eblli, \u00abGeorges Clemenceau pronon\u00e7ant un discours au cirque Ferrando\u00bb, 1883, olio su tela (Mus\u00e9e National du Ch\u00e2teau de Versailles)\"\n               data-src=\"https:\/\/lungo800.it\/wp-content\/uploads\/2013\/11\/A1\/A1_Fruci_55.jpg\"\n               data-thumbnail=\"https:\/\/lungo800.it\/wp-content\/uploads\/2013\/11\/A1\/thumbs\/thumbs_A1_Fruci_55.jpg\"\n               data-image-id=\"431\"\n               data-title=\"Fig. 55, Jean-Fran\u00e7ois Raffa\u00eblli, \u00abGeorges Clemenceau pronon\u00e7ant un discours au cirque Ferrando\u00bb, 1883, olio su tela (Mus\u00e9e National du Ch\u00e2teau de Versailles)\"\n               data-description=\"Fig. 55, Jean-Fran\u00e7ois Raffa\u00eblli, \u00abGeorges Clemenceau pronon\u00e7ant un discours au cirque Ferrando\u00bb, 1883, olio su tela (Mus\u00e9e National du Ch\u00e2teau de Versailles)\"\n               data-image-slug=\"fig-55-jean-francois-raffaelli-georges-clemenceau-prononcant-un-discours-au-cirque-ferrando-1883-olio-su-tela-musee-national-du-chateau-de-versailles\"\n               class=\"ngg-fancybox\" rel=\"112\">\n                <img\n                    title=\"Fig. 55, Jean-Fran\u00e7ois Raffa\u00eblli, \u00abGeorges Clemenceau pronon\u00e7ant un discours au cirque Ferrando\u00bb, 1883, olio su tela (Mus\u00e9e National du Ch\u00e2teau de Versailles)\"\n                    alt=\"Fig. 55, Jean-Fran\u00e7ois Raffa\u00eblli, \u00abGeorges Clemenceau pronon\u00e7ant un discours au cirque Ferrando\u00bb, 1883, olio su tela (Mus\u00e9e National du Ch\u00e2teau de Versailles)\"\n                    src=\"https:\/\/lungo800.it\/wp-content\/uploads\/2013\/11\/A1\/cache\/A1_Fruci_55-nggid03431-ngg0dyn-150x150x100-00f0w010c011r110f110r010t010.jpg\"\n                    width=\"150\"\n                    height=\"150\"\n                    style=\"max-width:100%;\"\n                \/>\n            <\/a>\n        <\/div>\n\t\t\t\t\t\t\t<\/div> \n\t\t\t\n        \n\t\t\n\t\t<!-- Pagination -->\n\t<div class='ngg-clear'><\/div>\t<\/div>\n<\/div>\n","protected":false},"excerpt":{"rendered":"<p>di Gian Luca Fruci La storia dell\u2019iconografia elettorale europea ha inizio nella Gran Bretagna del XVIII secolo con un paradigmatico addensamento sul \u00abpopolo elettore\u00bb che ne fissa i caratteri originali, dando luogo al contempo a uno specifico e duraturo genere sulla teatralit\u00e0 del voto inglese. In Francia e, con alcune eccezioni, sull\u2019intero continente, invece, i [&hellip;]<\/p>\n","protected":false},"author":1,"featured_media":0,"comment_status":"open","ping_status":"open","sticky":false,"template":"","format":"standard","meta":{"ngg_post_thumbnail":0},"categories":[2],"tags":[],"_links":{"self":[{"href":"https:\/\/lungo800.it\/index.php?rest_route=\/wp\/v2\/posts\/43"}],"collection":[{"href":"https:\/\/lungo800.it\/index.php?rest_route=\/wp\/v2\/posts"}],"about":[{"href":"https:\/\/lungo800.it\/index.php?rest_route=\/wp\/v2\/types\/post"}],"author":[{"embeddable":true,"href":"https:\/\/lungo800.it\/index.php?rest_route=\/wp\/v2\/users\/1"}],"replies":[{"embeddable":true,"href":"https:\/\/lungo800.it\/index.php?rest_route=%2Fwp%2Fv2%2Fcomments&post=43"}],"version-history":[{"count":6,"href":"https:\/\/lungo800.it\/index.php?rest_route=\/wp\/v2\/posts\/43\/revisions"}],"predecessor-version":[{"id":546,"href":"https:\/\/lungo800.it\/index.php?rest_route=\/wp\/v2\/posts\/43\/revisions\/546"}],"wp:attachment":[{"href":"https:\/\/lungo800.it\/index.php?rest_route=%2Fwp%2Fv2%2Fmedia&parent=43"}],"wp:term":[{"taxonomy":"category","embeddable":true,"href":"https:\/\/lungo800.it\/index.php?rest_route=%2Fwp%2Fv2%2Fcategories&post=43"},{"taxonomy":"post_tag","embeddable":true,"href":"https:\/\/lungo800.it\/index.php?rest_route=%2Fwp%2Fv2%2Ftags&post=43"}],"curies":[{"name":"wp","href":"https:\/\/api.w.org\/{rel}","templated":true}]}}