{"id":55,"date":"2014-01-03T21:50:00","date_gmt":"2014-01-03T20:50:00","guid":{"rendered":"http:\/\/lungo800.it\/?p=55"},"modified":"2014-01-08T16:30:43","modified_gmt":"2014-01-08T15:30:43","slug":"mondi-acquatici-un-viaggio-fra-scienza-arte-immaginario","status":"publish","type":"post","link":"https:\/\/lungo800.it\/?p=55","title":{"rendered":"Mondi acquatici.<br\/> Un viaggio fra scienza, arte, immaginario"},"content":{"rendered":"<p style=\"text-align: right;\">di Elena Canadelli<\/p>\n<p>Tra le immagini che hanno caratterizzato il lungo Ottocento rivestono un ruolo significativo quelle legate al mondo della scienza, diffuse su riviste, giornali, libri specializzati e divulgativi dell&#8217;epoca. Tra i temi di maggior successo vi fu la scoperta del mondo acquatico e sottomarino. Furono in molti, tra naturalisti, artisti, scrittori e semplici curiosi, a essere attratti dalle strane e misteriose creature che abitavano questo universo pressoch\u00e9 sconosciuto che proprio in quegli anni iniziava a essere esplorato e avvicinato dalla biologia e dalla nascente oceanografia. Il variopinto universo marino fu al centro di uno spiccato interesse iconografico all\u2019incrocio tra vari ambiti, da quello scientifico a quello artistico. L&#8217;articolo si concentra sulla moda degli acquari che animavano le Esposizioni universali e i Giardini zoologici di tutta Europa, sull&#8217;opera di naturalisti quali Ernst Haeckel e Philip Henry Gosse e sul lavoro di artisti Art Nouveau come \u00c9mile Gall\u00e9.<\/p>\n<p>&nbsp;<\/p>\n<div style=\"margin: 0 11%;\"><!-- index.php -->\n<div\n\tclass=\"ngg-galleryoverview\"\n\tid=\"ngg-gallery-120-1\">\n\n    \t\t<!-- Thumbnails -->\n\t\t\t\t<div id=\"ngg-image-0\" class=\"ngg-gallery-thumbnail-box\" >\n\t\t\t\t        <div class=\"ngg-gallery-thumbnail\">\n            <a href=\"https:\/\/lungo800.it\/wp-content\/uploads\/2013\/11\/B2\/B2_Canadelli_01.jpg\"\n               title=\"Fig. 1 \u2013 Vasche con animali marini dell\u2019acquario di Berlino. Disegno originale di K. Henn (tratto da: G. Rasch, &quot;Das Berliner Aquarium&quot;, in \u00abIllustrierte Zeitung\u00bb, 8 maggio 1869, p. 353)\"\n               data-src=\"https:\/\/lungo800.it\/wp-content\/uploads\/2013\/11\/B2\/B2_Canadelli_01.jpg\"\n               data-thumbnail=\"https:\/\/lungo800.it\/wp-content\/uploads\/2013\/11\/B2\/thumbs\/thumbs_B2_Canadelli_01.jpg\"\n               data-image-id=\"770\"\n               data-title=\"Fig. 01 \u2013 Vasche con animali marini dell\u2019acquario di Berlino. Disegno originale di K. Henn (tratto da: G. Rasch, &quot;Das Berliner Aquarium&quot;, in \u00abIllustrierte Zeitung\u00bb, 8 maggio 1869, p. 353)\"\n               data-description=\"Fig. 1 \u2013 Vasche con animali marini dell\u2019acquario di Berlino. Disegno originale di K. Henn (tratto da: G. Rasch, &quot;Das Berliner Aquarium&quot;, in \u00abIllustrierte Zeitung\u00bb, 8 maggio 1869, p. 353)\"\n               data-image-slug=\"fig-01-vasche-con-animali-marini-dellacquario-di-berlino-disegno-originale-di-k-henn-tratto-da-g-rasch-das-berliner-aquarium-in-illustrierte-zeitung-8-maggio\"\n               class=\"ngg-fancybox\" rel=\"120\">\n                <img\n                    title=\"Fig. 01 \u2013 Vasche con animali marini dell\u2019acquario di Berlino. Disegno originale di K. Henn (tratto da: G. Rasch, &quot;Das Berliner Aquarium&quot;, in \u00abIllustrierte Zeitung\u00bb, 8 maggio 1869, p. 353)\"\n                    alt=\"Fig. 01 \u2013 Vasche con animali marini dell\u2019acquario di Berlino. Disegno originale di K. Henn (tratto da: G. Rasch, &quot;Das Berliner Aquarium&quot;, in \u00abIllustrierte Zeitung\u00bb, 8 maggio 1869, p. 353)\"\n                    src=\"https:\/\/lungo800.it\/wp-content\/uploads\/2013\/11\/B2\/cache\/B2_Canadelli_01-nggid03770-ngg0dyn-150x150x100-00f0w010c011r110f110r010t010.jpg\"\n                    width=\"150\"\n                    height=\"150\"\n                    style=\"max-width:100%;\"\n                \/>\n            <\/a>\n        <\/div>\n\t\t\t\t\t\t\t<\/div> \n\t\t\t\n        \n\t\t\t\t<div id=\"ngg-image-1\" class=\"ngg-gallery-thumbnail-box\" >\n\t\t\t\t        <div class=\"ngg-gallery-thumbnail\">\n            <a href=\"https:\/\/lungo800.it\/wp-content\/uploads\/2013\/11\/B2\/B2_Canadelli_02.jpg\"\n               title=\"Fig. 2 \u2013 Scorcio panoramico della scale a grotta dell\u2019acquario di Berlino. Da un disegno di E. Schmidt (tratto da: G. Rasch, &quot;Das Berliner Aquarium&quot;, in \u00abIllustrierte Zeitung\u00bb, 19 giugno 1869, p. 477)\"\n               data-src=\"https:\/\/lungo800.it\/wp-content\/uploads\/2013\/11\/B2\/B2_Canadelli_02.jpg\"\n               data-thumbnail=\"https:\/\/lungo800.it\/wp-content\/uploads\/2013\/11\/B2\/thumbs\/thumbs_B2_Canadelli_02.jpg\"\n               data-image-id=\"771\"\n               data-title=\"Fig. 02 \u2013 Scorcio panoramico della scale a grotta dell\u2019acquario di Berlino. Da un disegno di E. Schmidt (tratto da: G. Rasch, &quot;Das Berliner Aquarium&quot;, in \u00abIllustrierte Zeitung\u00bb, 19 giugno 1869, p. 477)\"\n               data-description=\"Fig. 2 \u2013 Scorcio panoramico della scale a grotta dell\u2019acquario di Berlino. Da un disegno di E. Schmidt (tratto da: G. Rasch, &quot;Das Berliner Aquarium&quot;, in \u00abIllustrierte Zeitung\u00bb, 19 giugno 1869, p. 477)\"\n               data-image-slug=\"fig-02-scorcio-panoramico-della-scale-a-grotta-dellacquario-di-berlino-da-un-disegno-di-e-schmidt-tratto-da-g-rasch-das-berliner-aquarium-in-illustrierte-zeitung\"\n               class=\"ngg-fancybox\" rel=\"120\">\n                <img\n                    title=\"Fig. 02 \u2013 Scorcio panoramico della scale a grotta dell\u2019acquario di Berlino. Da un disegno di E. Schmidt (tratto da: G. Rasch, &quot;Das Berliner Aquarium&quot;, in \u00abIllustrierte Zeitung\u00bb, 19 giugno 1869, p. 477)\"\n                    alt=\"Fig. 02 \u2013 Scorcio panoramico della scale a grotta dell\u2019acquario di Berlino. Da un disegno di E. Schmidt (tratto da: G. Rasch, &quot;Das Berliner Aquarium&quot;, in \u00abIllustrierte Zeitung\u00bb, 19 giugno 1869, p. 477)\"\n                    src=\"https:\/\/lungo800.it\/wp-content\/uploads\/2013\/11\/B2\/cache\/B2_Canadelli_02-nggid03771-ngg0dyn-150x150x100-00f0w010c011r110f110r010t010.jpg\"\n                    width=\"150\"\n                    height=\"150\"\n                    style=\"max-width:100%;\"\n                \/>\n            <\/a>\n        <\/div>\n\t\t\t\t\t\t\t<\/div> \n\t\t\t\n        \n\t\t\t\t<div id=\"ngg-image-2\" class=\"ngg-gallery-thumbnail-box\" >\n\t\t\t\t        <div class=\"ngg-gallery-thumbnail\">\n            <a href=\"https:\/\/lungo800.it\/wp-content\/uploads\/2013\/11\/B2\/B2_Canadelli_03.JPG\"\n               title=\"Fig. 3 \u2013 Interno a grotta dell\u2019acquario d\u2019acqua dolce dell\u2019Esposizione universale di Parigi del 1867 (tratto da: &quot;L\u2019Esposizione universale del 1867 illustrata&quot;, Sonzogno, Milano 1867, p. 77)\"\n               data-src=\"https:\/\/lungo800.it\/wp-content\/uploads\/2013\/11\/B2\/B2_Canadelli_03.JPG\"\n               data-thumbnail=\"https:\/\/lungo800.it\/wp-content\/uploads\/2013\/11\/B2\/thumbs\/thumbs_B2_Canadelli_03.JPG\"\n               data-image-id=\"288\"\n               data-title=\"Fig. 03 \u2013 Interno a grotta dell\u2019acquario d\u2019acqua dolce dell\u2019Esposizione universale di Parigi del 1867 (tratto da: &quot;L\u2019Esposizione universale del 1867 illustrata&quot;, Sonzogno, Milano 1867, p. 77)\"\n               data-description=\"Fig. 3 \u2013 Interno a grotta dell\u2019acquario d\u2019acqua dolce dell\u2019Esposizione universale di Parigi del 1867 (tratto da: &quot;L\u2019Esposizione universale del 1867 illustrata&quot;, Sonzogno, Milano 1867, p. 77)\"\n               data-image-slug=\"fig-03-interno-a-grotta-dellacquario-dacqua-dolce-dellesposizione-universale-di-parigi-del-1867-tratto-da-lesposizione-universale-del-1867-illustrata\"\n               class=\"ngg-fancybox\" rel=\"120\">\n                <img\n                    title=\"Fig. 03 \u2013 Interno a grotta dell\u2019acquario d\u2019acqua dolce dell\u2019Esposizione universale di Parigi del 1867 (tratto da: &quot;L\u2019Esposizione universale del 1867 illustrata&quot;, Sonzogno, Milano 1867, p. 77)\"\n                    alt=\"Fig. 03 \u2013 Interno a grotta dell\u2019acquario d\u2019acqua dolce dell\u2019Esposizione universale di Parigi del 1867 (tratto da: &quot;L\u2019Esposizione universale del 1867 illustrata&quot;, Sonzogno, Milano 1867, p. 77)\"\n                    src=\"https:\/\/lungo800.it\/wp-content\/uploads\/2013\/11\/B2\/cache\/B2_Canadelli_03-nggid03288-ngg0dyn-150x150x100-00f0w010c011r110f110r010t010.JPG\"\n                    width=\"150\"\n                    height=\"150\"\n                    style=\"max-width:100%;\"\n                \/>\n            <\/a>\n        <\/div>\n\t\t\t\t\t\t\t<\/div> \n\t\t\t\n        \n\t\t\t\t<div id=\"ngg-image-3\" class=\"ngg-gallery-thumbnail-box\" >\n\t\t\t\t        <div class=\"ngg-gallery-thumbnail\">\n            <a href=\"https:\/\/lungo800.it\/wp-content\/uploads\/2013\/11\/B2\/B2_Canadelli_04.JPG\"\n               title=\"Fig. 4 \u2013 Interno dell\u2019acquario marino dell\u2019Esposizione universale di Parigi del 1867 (tratto da: &quot;L\u2019Esposizione universale del 1867 illustrata&quot;, Sonzogno, Milano 1867, p. 561)\"\n               data-src=\"https:\/\/lungo800.it\/wp-content\/uploads\/2013\/11\/B2\/B2_Canadelli_04.JPG\"\n               data-thumbnail=\"https:\/\/lungo800.it\/wp-content\/uploads\/2013\/11\/B2\/thumbs\/thumbs_B2_Canadelli_04.JPG\"\n               data-image-id=\"289\"\n               data-title=\"Fig. 04 \u2013 Interno dell\u2019acquario marino dell\u2019Esposizione universale di Parigi del 1867 (tratto da: &quot;L\u2019Esposizione universale del 1867 illustrata&quot;, Sonzogno, Milano 1867, p. 561)\"\n               data-description=\"Fig. 4 \u2013 Interno dell\u2019acquario marino dell\u2019Esposizione universale di Parigi del 1867 (tratto da: &quot;L\u2019Esposizione universale del 1867 illustrata&quot;, Sonzogno, Milano 1867, p. 561)\"\n               data-image-slug=\"fig-04-interno-dellacquario-marino-dellesposizione-universale-di-parigi-del-1867-tratto-da-lesposizione-universale-del-1867-illustrata-sonzogno-milano-1867\"\n               class=\"ngg-fancybox\" rel=\"120\">\n                <img\n                    title=\"Fig. 04 \u2013 Interno dell\u2019acquario marino dell\u2019Esposizione universale di Parigi del 1867 (tratto da: &quot;L\u2019Esposizione universale del 1867 illustrata&quot;, Sonzogno, Milano 1867, p. 561)\"\n                    alt=\"Fig. 04 \u2013 Interno dell\u2019acquario marino dell\u2019Esposizione universale di Parigi del 1867 (tratto da: &quot;L\u2019Esposizione universale del 1867 illustrata&quot;, Sonzogno, Milano 1867, p. 561)\"\n                    src=\"https:\/\/lungo800.it\/wp-content\/uploads\/2013\/11\/B2\/cache\/B2_Canadelli_04-nggid03289-ngg0dyn-150x150x100-00f0w010c011r110f110r010t010.JPG\"\n                    width=\"150\"\n                    height=\"150\"\n                    style=\"max-width:100%;\"\n                \/>\n            <\/a>\n        <\/div>\n\t\t\t\t\t\t\t<\/div> \n\t\t\t\n        \n\t\t\t\t<div id=\"ngg-image-4\" class=\"ngg-gallery-thumbnail-box\" >\n\t\t\t\t        <div class=\"ngg-gallery-thumbnail\">\n            <a href=\"https:\/\/lungo800.it\/wp-content\/uploads\/2013\/11\/B2\/B2_Canadelli_05.jpg\"\n               title=\"Fig. 5 \u2013 Alfred Kubin, \u00abMeeresgrund\u00bb, 1906, tempera su cartoncino, 23,6 x 31,5 cm (Ober\u00f6sterreichische Landesmuseen, Linz)\"\n               data-src=\"https:\/\/lungo800.it\/wp-content\/uploads\/2013\/11\/B2\/B2_Canadelli_05.jpg\"\n               data-thumbnail=\"https:\/\/lungo800.it\/wp-content\/uploads\/2013\/11\/B2\/thumbs\/thumbs_B2_Canadelli_05.jpg\"\n               data-image-id=\"290\"\n               data-title=\"Fig. 05 \u2013 Alfred Kubin, \u00abMeeresgrund\u00bb, 1906, tempera su cartoncino, 23,6 x 31,5 cm (Ober\u00f6sterreichische Landesmuseen, Linz)\"\n               data-description=\"Fig. 5 \u2013 Alfred Kubin, \u00abMeeresgrund\u00bb, 1906, tempera su cartoncino, 23,6 x 31,5 cm (Ober\u00f6sterreichische Landesmuseen, Linz)\"\n               data-image-slug=\"fig-05-alfred-kubin-meeresgrund-1906-tempera-su-cartoncino-236-x-315-cm-oberosterreichische-landesmuseen-linz\"\n               class=\"ngg-fancybox\" rel=\"120\">\n                <img\n                    title=\"Fig. 05 \u2013 Alfred Kubin, \u00abMeeresgrund\u00bb, 1906, tempera su cartoncino, 23,6 x 31,5 cm (Ober\u00f6sterreichische Landesmuseen, Linz)\"\n                    alt=\"Fig. 05 \u2013 Alfred Kubin, \u00abMeeresgrund\u00bb, 1906, tempera su cartoncino, 23,6 x 31,5 cm (Ober\u00f6sterreichische Landesmuseen, Linz)\"\n                    src=\"https:\/\/lungo800.it\/wp-content\/uploads\/2013\/11\/B2\/cache\/B2_Canadelli_05-nggid03290-ngg0dyn-150x150x100-00f0w010c011r110f110r010t010.jpg\"\n                    width=\"150\"\n                    height=\"150\"\n                    style=\"max-width:100%;\"\n                \/>\n            <\/a>\n        <\/div>\n\t\t\t\t\t\t\t<\/div> \n\t\t\t\n        \n\t\t\t\t<div id=\"ngg-image-5\" class=\"ngg-gallery-thumbnail-box\" >\n\t\t\t\t        <div class=\"ngg-gallery-thumbnail\">\n            <a href=\"https:\/\/lungo800.it\/wp-content\/uploads\/2013\/11\/B2\/B2_Canadelli_06.jpg\"\n               title=\"Fig. 6 \u2013 Alfred Kubin, \u00abTiefsee\u00bb, 1906, gouache su carta, 37 x 36,5 cm (St\u00e4dtische Galerie im Lenbachhaus, Monaco di Baviera)\"\n               data-src=\"https:\/\/lungo800.it\/wp-content\/uploads\/2013\/11\/B2\/B2_Canadelli_06.jpg\"\n               data-thumbnail=\"https:\/\/lungo800.it\/wp-content\/uploads\/2013\/11\/B2\/thumbs\/thumbs_B2_Canadelli_06.jpg\"\n               data-image-id=\"291\"\n               data-title=\"Fig. 06 \u2013 Alfred Kubin, \u00abTiefsee\u00bb, 1906, gouache su carta, 37 x 36,5 cm (St\u00e4dtische Galerie im Lenbachhaus, Monaco di Baviera)\"\n               data-description=\"Fig. 6 \u2013 Alfred Kubin, \u00abTiefsee\u00bb, 1906, gouache su carta, 37 x 36,5 cm (St\u00e4dtische Galerie im Lenbachhaus, Monaco di Baviera)\"\n               data-image-slug=\"fig-06-alfred-kubin-tiefsee-1906-gouache-su-carta-37-x-365-cm-stadtische-galerie-im-lenbachhaus-monaco-di-baviera\"\n               class=\"ngg-fancybox\" rel=\"120\">\n                <img\n                    title=\"Fig. 06 \u2013 Alfred Kubin, \u00abTiefsee\u00bb, 1906, gouache su carta, 37 x 36,5 cm (St\u00e4dtische Galerie im Lenbachhaus, Monaco di Baviera)\"\n                    alt=\"Fig. 06 \u2013 Alfred Kubin, \u00abTiefsee\u00bb, 1906, gouache su carta, 37 x 36,5 cm (St\u00e4dtische Galerie im Lenbachhaus, Monaco di Baviera)\"\n                    src=\"https:\/\/lungo800.it\/wp-content\/uploads\/2013\/11\/B2\/cache\/B2_Canadelli_06-nggid03291-ngg0dyn-150x150x100-00f0w010c011r110f110r010t010.jpg\"\n                    width=\"150\"\n                    height=\"150\"\n                    style=\"max-width:100%;\"\n                \/>\n            <\/a>\n        <\/div>\n\t\t\t\t\t\t\t<\/div> \n\t\t\t\n        \n\t\t\t\t<div id=\"ngg-image-6\" class=\"ngg-gallery-thumbnail-box\" >\n\t\t\t\t        <div class=\"ngg-gallery-thumbnail\">\n            <a href=\"https:\/\/lungo800.it\/wp-content\/uploads\/2013\/11\/B2\/B2_Canadelli_07.jpg\"\n               title=\"Fig. 7 \u2013 Alfred Kubin, \u00abOchsenfisch\u00bb, c. 1906, tempera su cartoncino, 34,4 x 40,2 cm (Ober\u00f6sterreichische Landesmuseen, Linz)\"\n               data-src=\"https:\/\/lungo800.it\/wp-content\/uploads\/2013\/11\/B2\/B2_Canadelli_07.jpg\"\n               data-thumbnail=\"https:\/\/lungo800.it\/wp-content\/uploads\/2013\/11\/B2\/thumbs\/thumbs_B2_Canadelli_07.jpg\"\n               data-image-id=\"292\"\n               data-title=\"Fig. 07 \u2013 Alfred Kubin, \u00abOchsenfisch\u00bb, c. 1906, tempera su cartoncino, 34,4 x 40,2 cm (Ober\u00f6sterreichische Landesmuseen, Linz)\"\n               data-description=\"Fig. 7 \u2013 Alfred Kubin, \u00abOchsenfisch\u00bb, c. 1906, tempera su cartoncino, 34,4 x 40,2 cm (Ober\u00f6sterreichische Landesmuseen, Linz)\"\n               data-image-slug=\"fig-07-alfred-kubin-ochsenfisch-c-1906-tempera-su-cartoncino-344-x-402-cm-oberosterreichische-landesmuseen-linz\"\n               class=\"ngg-fancybox\" rel=\"120\">\n                <img\n                    title=\"Fig. 07 \u2013 Alfred Kubin, \u00abOchsenfisch\u00bb, c. 1906, tempera su cartoncino, 34,4 x 40,2 cm (Ober\u00f6sterreichische Landesmuseen, Linz)\"\n                    alt=\"Fig. 07 \u2013 Alfred Kubin, \u00abOchsenfisch\u00bb, c. 1906, tempera su cartoncino, 34,4 x 40,2 cm (Ober\u00f6sterreichische Landesmuseen, Linz)\"\n                    src=\"https:\/\/lungo800.it\/wp-content\/uploads\/2013\/11\/B2\/cache\/B2_Canadelli_07-nggid03292-ngg0dyn-150x150x100-00f0w010c011r110f110r010t010.jpg\"\n                    width=\"150\"\n                    height=\"150\"\n                    style=\"max-width:100%;\"\n                \/>\n            <\/a>\n        <\/div>\n\t\t\t\t\t\t\t<\/div> \n\t\t\t\n        \n\t\t\t\t<div id=\"ngg-image-7\" class=\"ngg-gallery-thumbnail-box\" >\n\t\t\t\t        <div class=\"ngg-gallery-thumbnail\">\n            <a href=\"https:\/\/lungo800.it\/wp-content\/uploads\/2013\/11\/B2\/B2_Canadelli_08.jpg\"\n               title=\"Fig. 8 \u2013 Gustave Moreau, \u00abLa Galat\u00e9e\u00bb, 1880 circa, olio su legno, 85,5 x 66 cm (Mus\u00e9e d\u2019Orsay, Parigi)\"\n               data-src=\"https:\/\/lungo800.it\/wp-content\/uploads\/2013\/11\/B2\/B2_Canadelli_08.jpg\"\n               data-thumbnail=\"https:\/\/lungo800.it\/wp-content\/uploads\/2013\/11\/B2\/thumbs\/thumbs_B2_Canadelli_08.jpg\"\n               data-image-id=\"293\"\n               data-title=\"Fig. 08 \u2013 Gustave Moreau, \u00abLa Galat\u00e9e\u00bb, 1880 circa, olio su legno, 85,5 x 66 cm (Mus\u00e9e d\u2019Orsay, Parigi)\"\n               data-description=\"Fig. 8 \u2013 Gustave Moreau, \u00abLa Galat\u00e9e\u00bb, 1880 circa, olio su legno, 85,5 x 66 cm (Mus\u00e9e d\u2019Orsay, Parigi)\"\n               data-image-slug=\"fig-08-gustave-moreau-la-galatee-1880-circa-olio-su-legno-855-x-66-cm-musee-dorsay-parigi\"\n               class=\"ngg-fancybox\" rel=\"120\">\n                <img\n                    title=\"Fig. 08 \u2013 Gustave Moreau, \u00abLa Galat\u00e9e\u00bb, 1880 circa, olio su legno, 85,5 x 66 cm (Mus\u00e9e d\u2019Orsay, Parigi)\"\n                    alt=\"Fig. 08 \u2013 Gustave Moreau, \u00abLa Galat\u00e9e\u00bb, 1880 circa, olio su legno, 85,5 x 66 cm (Mus\u00e9e d\u2019Orsay, Parigi)\"\n                    src=\"https:\/\/lungo800.it\/wp-content\/uploads\/2013\/11\/B2\/cache\/B2_Canadelli_08-nggid03293-ngg0dyn-150x150x100-00f0w010c011r110f110r010t010.jpg\"\n                    width=\"150\"\n                    height=\"150\"\n                    style=\"max-width:100%;\"\n                \/>\n            <\/a>\n        <\/div>\n\t\t\t\t\t\t\t<\/div> \n\t\t\t\n        \n\t\t\t\t<div id=\"ngg-image-8\" class=\"ngg-gallery-thumbnail-box\" >\n\t\t\t\t        <div class=\"ngg-gallery-thumbnail\">\n            <a href=\"https:\/\/lungo800.it\/wp-content\/uploads\/2013\/11\/B2\/B2_Canadelli_09.JPG\"\n               title=\"Fig. 9 \u2013 Diorama di colorate anemoni. Tavola III (tratto da: P. H. Gosse, Actinologia Britannica: A History of the British Sea-Anemones and Corals, Van Voorst, London 1860, p. 106)\"\n               data-src=\"https:\/\/lungo800.it\/wp-content\/uploads\/2013\/11\/B2\/B2_Canadelli_09.JPG\"\n               data-thumbnail=\"https:\/\/lungo800.it\/wp-content\/uploads\/2013\/11\/B2\/thumbs\/thumbs_B2_Canadelli_09.JPG\"\n               data-image-id=\"294\"\n               data-title=\"Fig. 09 \u2013 Diorama di colorate anemoni. Tavola III (tratto da: P. H. Gosse, Actinologia Britannica: A History of the British Sea-Anemones and Corals, Van Voorst, London 1860, p. 106)\"\n               data-description=\"Fig. 9 \u2013 Diorama di colorate anemoni. Tavola III (tratto da: P. H. Gosse, Actinologia Britannica: A History of the British Sea-Anemones and Corals, Van Voorst, London 1860, p. 106)\"\n               data-image-slug=\"fig-09-diorama-di-colorate-anemoni-tavola-iii-tratto-da-p-h-gosse-actinologia-britannica-a-history-of-the-british-sea-anemones-and-corals-van-voorst-london-1860-p-106\"\n               class=\"ngg-fancybox\" rel=\"120\">\n                <img\n                    title=\"Fig. 09 \u2013 Diorama di colorate anemoni. Tavola III (tratto da: P. H. Gosse, Actinologia Britannica: A History of the British Sea-Anemones and Corals, Van Voorst, London 1860, p. 106)\"\n                    alt=\"Fig. 09 \u2013 Diorama di colorate anemoni. Tavola III (tratto da: P. H. Gosse, Actinologia Britannica: A History of the British Sea-Anemones and Corals, Van Voorst, London 1860, p. 106)\"\n                    src=\"https:\/\/lungo800.it\/wp-content\/uploads\/2013\/11\/B2\/cache\/B2_Canadelli_09-nggid03294-ngg0dyn-150x150x100-00f0w010c011r110f110r010t010.JPG\"\n                    width=\"150\"\n                    height=\"150\"\n                    style=\"max-width:100%;\"\n                \/>\n            <\/a>\n        <\/div>\n\t\t\t\t\t\t\t<\/div> \n\t\t\t\n        \n\t\t\t\t<div id=\"ngg-image-9\" class=\"ngg-gallery-thumbnail-box\" >\n\t\t\t\t        <div class=\"ngg-gallery-thumbnail\">\n            <a href=\"https:\/\/lungo800.it\/wp-content\/uploads\/2013\/11\/B2\/B2_Canadelli_10.JPG\"\n               title=\"Fig. 10 \u2013 Diorama di colorate anemoni. Tavola IV (tratto da: P.H. Gosse, &quot;Actinologia Britannica: A History of the British Sea-Anemones and Corals&quot;, Van Voorst, London 1860, p. 190)\"\n               data-src=\"https:\/\/lungo800.it\/wp-content\/uploads\/2013\/11\/B2\/B2_Canadelli_10.JPG\"\n               data-thumbnail=\"https:\/\/lungo800.it\/wp-content\/uploads\/2013\/11\/B2\/thumbs\/thumbs_B2_Canadelli_10.JPG\"\n               data-image-id=\"295\"\n               data-title=\"Fig. 10 \u2013 Diorama di colorate anemoni. Tavola IV (tratto da: P.H. Gosse, &quot;Actinologia Britannica: A History of the British Sea-Anemones and Corals&quot;, Van Voorst, London 1860, p. 190)\"\n               data-description=\"Fig. 10 \u2013 Diorama di colorate anemoni. Tavola IV (tratto da: P.H. Gosse, &quot;Actinologia Britannica: A History of the British Sea-Anemones and Corals&quot;, Van Voorst, London 1860, p. 190)\"\n               data-image-slug=\"fig-10-diorama-di-colorate-anemoni-tavola-iv-tratto-da-p-h-gosse-actinologia-britannica-a-history-of-the-british-sea-anemones-and-corals-van-voorst-london-1860-p-190\"\n               class=\"ngg-fancybox\" rel=\"120\">\n                <img\n                    title=\"Fig. 10 \u2013 Diorama di colorate anemoni. Tavola IV (tratto da: P.H. Gosse, &quot;Actinologia Britannica: A History of the British Sea-Anemones and Corals&quot;, Van Voorst, London 1860, p. 190)\"\n                    alt=\"Fig. 10 \u2013 Diorama di colorate anemoni. Tavola IV (tratto da: P.H. Gosse, &quot;Actinologia Britannica: A History of the British Sea-Anemones and Corals&quot;, Van Voorst, London 1860, p. 190)\"\n                    src=\"https:\/\/lungo800.it\/wp-content\/uploads\/2013\/11\/B2\/cache\/B2_Canadelli_10-nggid03295-ngg0dyn-150x150x100-00f0w010c011r110f110r010t010.JPG\"\n                    width=\"150\"\n                    height=\"150\"\n                    style=\"max-width:100%;\"\n                \/>\n            <\/a>\n        <\/div>\n\t\t\t\t\t\t\t<\/div> \n\t\t\t\n        \n\t\t\t\t<div id=\"ngg-image-10\" class=\"ngg-gallery-thumbnail-box\" >\n\t\t\t\t        <div class=\"ngg-gallery-thumbnail\">\n            <a href=\"https:\/\/lungo800.it\/wp-content\/uploads\/2013\/11\/B2\/B2_Canadelli_11.jpg\"\n               title=\"Fig. 11 \u2013 \u00abDisposition de l\u2019aquarium marin pour l\u2019\u00e9tude de la locomotion aquatique\u00bb (tratto da: \u00c9tienne-Jules Marey, &quot;La locomotion dans l\u2019eau. \u00c9tudi\u00e9e par la photochronographie&quot;, in \u00abLa Nature\u00bb, 29 settembre 1883, p. 377)\"\n               data-src=\"https:\/\/lungo800.it\/wp-content\/uploads\/2013\/11\/B2\/B2_Canadelli_11.jpg\"\n               data-thumbnail=\"https:\/\/lungo800.it\/wp-content\/uploads\/2013\/11\/B2\/thumbs\/thumbs_B2_Canadelli_11.jpg\"\n               data-image-id=\"296\"\n               data-title=\"Fig. 11 \u2013 \u00abDisposition de l\u2019aquarium marin pour l\u2019\u00e9tude de la locomotion aquatique\u00bb (tratto da: \u00c9tienne-Jules Marey, &quot;La locomotion dans l\u2019eau. \u00c9tudi\u00e9e par la photochronographie&quot;, in \u00abLa Nature\u00bb, 29 settembre 1883, p. 377)\"\n               data-description=\"Fig. 11 \u2013 \u00abDisposition de l\u2019aquarium marin pour l\u2019\u00e9tude de la locomotion aquatique\u00bb (tratto da: \u00c9tienne-Jules Marey, &quot;La locomotion dans l\u2019eau. \u00c9tudi\u00e9e par la photochronographie&quot;, in \u00abLa Nature\u00bb, 29 settembre 1883, p. 377)\"\n               data-image-slug=\"fig-11-disposition-de-laquarium-marin-pour-letude-de-la-locomotion-aquatique-tratto-da-etienne-jules-marey-la-locomotion-dans-leau-etudiee-par-la\"\n               class=\"ngg-fancybox\" rel=\"120\">\n                <img\n                    title=\"Fig. 11 \u2013 \u00abDisposition de l\u2019aquarium marin pour l\u2019\u00e9tude de la locomotion aquatique\u00bb (tratto da: \u00c9tienne-Jules Marey, &quot;La locomotion dans l\u2019eau. \u00c9tudi\u00e9e par la photochronographie&quot;, in \u00abLa Nature\u00bb, 29 settembre 1883, p. 377)\"\n                    alt=\"Fig. 11 \u2013 \u00abDisposition de l\u2019aquarium marin pour l\u2019\u00e9tude de la locomotion aquatique\u00bb (tratto da: \u00c9tienne-Jules Marey, &quot;La locomotion dans l\u2019eau. \u00c9tudi\u00e9e par la photochronographie&quot;, in \u00abLa Nature\u00bb, 29 settembre 1883, p. 377)\"\n                    src=\"https:\/\/lungo800.it\/wp-content\/uploads\/2013\/11\/B2\/cache\/B2_Canadelli_11-nggid03296-ngg0dyn-150x150x100-00f0w010c011r110f110r010t010.jpg\"\n                    width=\"150\"\n                    height=\"150\"\n                    style=\"max-width:100%;\"\n                \/>\n            <\/a>\n        <\/div>\n\t\t\t\t\t\t\t<\/div> \n\t\t\t\n        \n\t\t\t\t<div id=\"ngg-image-11\" class=\"ngg-gallery-thumbnail-box\" >\n\t\t\t\t        <div class=\"ngg-gallery-thumbnail\">\n            <a href=\"https:\/\/lungo800.it\/wp-content\/uploads\/2013\/11\/B2\/B2_Canadelli_12.jpg\"\n               title=\"Fig. 12 \u2013 \u00abMouvements de l\u2019ombr\u00e9lle de la M\u00e9duse. La premi\u00e8re image est \u00e0 gauche de la ligne sup\u00e9rieure; la derni\u00e8re \u00e0 droite de la ligne inf\u00e9rieure\u00bb (tratto da: \u00c9tienne-Jules Marey, &quot;La locomotion dans l\u2019eau. \u00c9tudi\u00e9e par la photochronographie&quot;, in \u00abLa Nature\u00bb, 29 settembre 1883, p. 376)\"\n               data-src=\"https:\/\/lungo800.it\/wp-content\/uploads\/2013\/11\/B2\/B2_Canadelli_12.jpg\"\n               data-thumbnail=\"https:\/\/lungo800.it\/wp-content\/uploads\/2013\/11\/B2\/thumbs\/thumbs_B2_Canadelli_12.jpg\"\n               data-image-id=\"297\"\n               data-title=\"Fig. 12 \u2013 \u00abMouvements de l\u2019ombr\u00e9lle de la M\u00e9duse. La premi\u00e8re image est \u00e0 gauche de la ligne sup\u00e9rieure; la derni\u00e8re \u00e0 droite de la ligne inf\u00e9rieure\u00bb (tratto da: \u00c9tienne-Jules Marey, &quot;La locomotion dans l\u2019eau. \u00c9tudi\u00e9e par la photochronographie&quot;, in \u00abLa Nature\u00bb, 29 settembre 1883, p. 376)\"\n               data-description=\"Fig. 12 \u2013 \u00abMouvements de l\u2019ombr\u00e9lle de la M\u00e9duse. La premi\u00e8re image est \u00e0 gauche de la ligne sup\u00e9rieure; la derni\u00e8re \u00e0 droite de la ligne inf\u00e9rieure\u00bb (tratto da: \u00c9tienne-Jules Marey, &quot;La locomotion dans l\u2019eau. \u00c9tudi\u00e9e par la photochronographie&quot;, in \u00abLa Nature\u00bb, 29 settembre 1883, p. 376)\"\n               data-image-slug=\"fig-12-mouvements-de-lombrelle-de-la-meduse-la-premiere-image-est-a-gauche-de-la-ligne-superieure-la-derniere-a-droite-de-la-ligne-inferieure-tratto-da-etienne-jule\"\n               class=\"ngg-fancybox\" rel=\"120\">\n                <img\n                    title=\"Fig. 12 \u2013 \u00abMouvements de l\u2019ombr\u00e9lle de la M\u00e9duse. La premi\u00e8re image est \u00e0 gauche de la ligne sup\u00e9rieure; la derni\u00e8re \u00e0 droite de la ligne inf\u00e9rieure\u00bb (tratto da: \u00c9tienne-Jules Marey, &quot;La locomotion dans l\u2019eau. \u00c9tudi\u00e9e par la photochronographie&quot;, in \u00abLa Nature\u00bb, 29 settembre 1883, p. 376)\"\n                    alt=\"Fig. 12 \u2013 \u00abMouvements de l\u2019ombr\u00e9lle de la M\u00e9duse. La premi\u00e8re image est \u00e0 gauche de la ligne sup\u00e9rieure; la derni\u00e8re \u00e0 droite de la ligne inf\u00e9rieure\u00bb (tratto da: \u00c9tienne-Jules Marey, &quot;La locomotion dans l\u2019eau. \u00c9tudi\u00e9e par la photochronographie&quot;, in \u00abLa Nature\u00bb, 29 settembre 1883, p. 376)\"\n                    src=\"https:\/\/lungo800.it\/wp-content\/uploads\/2013\/11\/B2\/cache\/B2_Canadelli_12-nggid03297-ngg0dyn-150x150x100-00f0w010c011r110f110r010t010.jpg\"\n                    width=\"150\"\n                    height=\"150\"\n                    style=\"max-width:100%;\"\n                \/>\n            <\/a>\n        <\/div>\n\t\t\t\t\t\t\t<\/div> \n\t\t\t\n        \n\t\t\t\t<div id=\"ngg-image-12\" class=\"ngg-gallery-thumbnail-box\" >\n\t\t\t\t        <div class=\"ngg-gallery-thumbnail\">\n            <a href=\"https:\/\/lungo800.it\/wp-content\/uploads\/2013\/11\/B2\/B2_Canadelli_13.jpg\"\n               title=\"Fig. 13 \u2013 \u00abHippocampe aves les phases successives de l\u2019ondulation ascendante de sa nageoire dorsale\u00bb (tratto da: \u00c9tienne-Jules Marey, &quot;La locomotion dans l\u2019eau. \u00c9tudi\u00e9e par la photochronographie&quot;, in \u00abLa Nature\u00bb, 29 settembre 1883, p. 376)\"\n               data-src=\"https:\/\/lungo800.it\/wp-content\/uploads\/2013\/11\/B2\/B2_Canadelli_13.jpg\"\n               data-thumbnail=\"https:\/\/lungo800.it\/wp-content\/uploads\/2013\/11\/B2\/thumbs\/thumbs_B2_Canadelli_13.jpg\"\n               data-image-id=\"298\"\n               data-title=\"Fig. 13 \u2013 \u00abHippocampe aves les phases successives de l\u2019ondulation ascendante de sa nageoire dorsale\u00bb (tratto da: \u00c9tienne-Jules Marey, &quot;La locomotion dans l\u2019eau. \u00c9tudi\u00e9e par la photochronographie&quot;, in \u00abLa Nature\u00bb, 29 settembre 1883, p. 376)\"\n               data-description=\"Fig. 13 \u2013 \u00abHippocampe aves les phases successives de l\u2019ondulation ascendante de sa nageoire dorsale\u00bb (tratto da: \u00c9tienne-Jules Marey, &quot;La locomotion dans l\u2019eau. \u00c9tudi\u00e9e par la photochronographie&quot;, in \u00abLa Nature\u00bb, 29 settembre 1883, p. 376)\"\n               data-image-slug=\"fig-13-hippocampe-aves-les-phases-successives-de-londulation-ascendante-de-sa-nageoire-dorsale-tratto-da-etienne-jules-marey-la-locomotion-dans-leau-etudi\"\n               class=\"ngg-fancybox\" rel=\"120\">\n                <img\n                    title=\"Fig. 13 \u2013 \u00abHippocampe aves les phases successives de l\u2019ondulation ascendante de sa nageoire dorsale\u00bb (tratto da: \u00c9tienne-Jules Marey, &quot;La locomotion dans l\u2019eau. \u00c9tudi\u00e9e par la photochronographie&quot;, in \u00abLa Nature\u00bb, 29 settembre 1883, p. 376)\"\n                    alt=\"Fig. 13 \u2013 \u00abHippocampe aves les phases successives de l\u2019ondulation ascendante de sa nageoire dorsale\u00bb (tratto da: \u00c9tienne-Jules Marey, &quot;La locomotion dans l\u2019eau. \u00c9tudi\u00e9e par la photochronographie&quot;, in \u00abLa Nature\u00bb, 29 settembre 1883, p. 376)\"\n                    src=\"https:\/\/lungo800.it\/wp-content\/uploads\/2013\/11\/B2\/cache\/B2_Canadelli_13-nggid03298-ngg0dyn-150x150x100-00f0w010c011r110f110r010t010.jpg\"\n                    width=\"150\"\n                    height=\"150\"\n                    style=\"max-width:100%;\"\n                \/>\n            <\/a>\n        <\/div>\n\t\t\t\t\t\t\t<\/div> \n\t\t\t\n        \n\t\t\t\t<div id=\"ngg-image-13\" class=\"ngg-gallery-thumbnail-box\" >\n\t\t\t\t        <div class=\"ngg-gallery-thumbnail\">\n            <a href=\"https:\/\/lungo800.it\/wp-content\/uploads\/2013\/11\/B2\/B2_Canadelli_14.jpg\"\n               title=\"Fig. 14 \u2013 Meduse ornamentali. Tavola 28, \u00abToreuma\u00bb, Discomedusae (tratta da: E. Haeckel, &quot;Kunstformen der Natur&quot;, Bibliographisches Institut, Leipzig-Wien 1899-1904)\"\n               data-src=\"https:\/\/lungo800.it\/wp-content\/uploads\/2013\/11\/B2\/B2_Canadelli_14.jpg\"\n               data-thumbnail=\"https:\/\/lungo800.it\/wp-content\/uploads\/2013\/11\/B2\/thumbs\/thumbs_B2_Canadelli_14.jpg\"\n               data-image-id=\"299\"\n               data-title=\"Fig. 14 \u2013 Meduse ornamentali. Tavola 28, \u00abToreuma\u00bb, Discomedusae (tratta da: E. Haeckel, &quot;Kunstformen der Natur&quot;, Bibliographisches Institut, Leipzig-Wien 1899-1904)\"\n               data-description=\"Fig. 14 \u2013 Meduse ornamentali. Tavola 28, \u00abToreuma\u00bb, Discomedusae (tratta da: E. Haeckel, &quot;Kunstformen der Natur&quot;, Bibliographisches Institut, Leipzig-Wien 1899-1904)\"\n               data-image-slug=\"fig-14-meduse-ornamentali-tavola-28-toreuma-discomedusae-tratta-da-e-haeckel-kunstformen-der-natur-bibliographisches-institut-leipzig-wien-1899-1904\"\n               class=\"ngg-fancybox\" rel=\"120\">\n                <img\n                    title=\"Fig. 14 \u2013 Meduse ornamentali. Tavola 28, \u00abToreuma\u00bb, Discomedusae (tratta da: E. Haeckel, &quot;Kunstformen der Natur&quot;, Bibliographisches Institut, Leipzig-Wien 1899-1904)\"\n                    alt=\"Fig. 14 \u2013 Meduse ornamentali. Tavola 28, \u00abToreuma\u00bb, Discomedusae (tratta da: E. Haeckel, &quot;Kunstformen der Natur&quot;, Bibliographisches Institut, Leipzig-Wien 1899-1904)\"\n                    src=\"https:\/\/lungo800.it\/wp-content\/uploads\/2013\/11\/B2\/cache\/B2_Canadelli_14-nggid03299-ngg0dyn-150x150x100-00f0w010c011r110f110r010t010.jpg\"\n                    width=\"150\"\n                    height=\"150\"\n                    style=\"max-width:100%;\"\n                \/>\n            <\/a>\n        <\/div>\n\t\t\t\t\t\t\t<\/div> \n\t\t\t\n        \n\t\t\t\t<div id=\"ngg-image-14\" class=\"ngg-gallery-thumbnail-box\" >\n\t\t\t\t        <div class=\"ngg-gallery-thumbnail\">\n            <a href=\"https:\/\/lungo800.it\/wp-content\/uploads\/2013\/11\/B2\/B2_Canadelli_15.jpg\"\n               title=\"Fig. 15 \u2013 Meduse ornamentali. Tavola 38, \u00abPeriphylla\u00bb, Peromedusae (tratta da: E. Haeckel, &quot;Kunstformen der Natur&quot;, Bibliographisches Institut, Leipzig-Wien 1899-1904)\"\n               data-src=\"https:\/\/lungo800.it\/wp-content\/uploads\/2013\/11\/B2\/B2_Canadelli_15.jpg\"\n               data-thumbnail=\"https:\/\/lungo800.it\/wp-content\/uploads\/2013\/11\/B2\/thumbs\/thumbs_B2_Canadelli_15.jpg\"\n               data-image-id=\"300\"\n               data-title=\"Fig. 15 \u2013 Meduse ornamentali. Tavola 38, \u00abPeriphylla\u00bb, Peromedusae (tratta da: E. Haeckel, &quot;Kunstformen der Natur&quot;, Bibliographisches Institut, Leipzig-Wien 1899-1904)\"\n               data-description=\"Fig. 15 \u2013 Meduse ornamentali. Tavola 38, \u00abPeriphylla\u00bb, Peromedusae (tratta da: E. Haeckel, &quot;Kunstformen der Natur&quot;, Bibliographisches Institut, Leipzig-Wien 1899-1904)\"\n               data-image-slug=\"fig-15-meduse-ornamentali-tavola-38-periphylla-peromedusae-tratta-da-e-haeckel-kunstformen-der-natur-bibliographisches-institut-leipzig-wien-1899-1904\"\n               class=\"ngg-fancybox\" rel=\"120\">\n                <img\n                    title=\"Fig. 15 \u2013 Meduse ornamentali. Tavola 38, \u00abPeriphylla\u00bb, Peromedusae (tratta da: E. Haeckel, &quot;Kunstformen der Natur&quot;, Bibliographisches Institut, Leipzig-Wien 1899-1904)\"\n                    alt=\"Fig. 15 \u2013 Meduse ornamentali. Tavola 38, \u00abPeriphylla\u00bb, Peromedusae (tratta da: E. Haeckel, &quot;Kunstformen der Natur&quot;, Bibliographisches Institut, Leipzig-Wien 1899-1904)\"\n                    src=\"https:\/\/lungo800.it\/wp-content\/uploads\/2013\/11\/B2\/cache\/B2_Canadelli_15-nggid03300-ngg0dyn-150x150x100-00f0w010c011r110f110r010t010.jpg\"\n                    width=\"150\"\n                    height=\"150\"\n                    style=\"max-width:100%;\"\n                \/>\n            <\/a>\n        <\/div>\n\t\t\t\t\t\t\t<\/div> \n\t\t\t\n        \n\t\t\t\t<div id=\"ngg-image-15\" class=\"ngg-gallery-thumbnail-box\" >\n\t\t\t\t        <div class=\"ngg-gallery-thumbnail\">\n            <a href=\"https:\/\/lungo800.it\/wp-content\/uploads\/2013\/11\/B2\/B2_Canadelli_16.jpg\"\n               title=\"Fig. 16 \u2013 Frontespizio (tratto da: E. Belet, &quot;La v\u00e9g\u00e9tation sous marine&quot;, Armand Gu\u00e9rinet, Paris 1900)\"\n               data-src=\"https:\/\/lungo800.it\/wp-content\/uploads\/2013\/11\/B2\/B2_Canadelli_16.jpg\"\n               data-thumbnail=\"https:\/\/lungo800.it\/wp-content\/uploads\/2013\/11\/B2\/thumbs\/thumbs_B2_Canadelli_16.jpg\"\n               data-image-id=\"301\"\n               data-title=\"Fig. 16 \u2013 Frontespizio (tratto da: E. Belet, &quot;La v\u00e9g\u00e9tation sous marine&quot;, Armand Gu\u00e9rinet, Paris 1900)\"\n               data-description=\"Fig. 16 \u2013 Frontespizio (tratto da: E. Belet, &quot;La v\u00e9g\u00e9tation sous marine&quot;, Armand Gu\u00e9rinet, Paris 1900)\"\n               data-image-slug=\"fig-16-frontespizio-tratto-da-e-belet-la-vegetation-sous-marine-armand-guerinet-paris-1900\"\n               class=\"ngg-fancybox\" rel=\"120\">\n                <img\n                    title=\"Fig. 16 \u2013 Frontespizio (tratto da: E. Belet, &quot;La v\u00e9g\u00e9tation sous marine&quot;, Armand Gu\u00e9rinet, Paris 1900)\"\n                    alt=\"Fig. 16 \u2013 Frontespizio (tratto da: E. Belet, &quot;La v\u00e9g\u00e9tation sous marine&quot;, Armand Gu\u00e9rinet, Paris 1900)\"\n                    src=\"https:\/\/lungo800.it\/wp-content\/uploads\/2013\/11\/B2\/cache\/B2_Canadelli_16-nggid03301-ngg0dyn-150x150x100-00f0w010c011r110f110r010t010.jpg\"\n                    width=\"150\"\n                    height=\"150\"\n                    style=\"max-width:100%;\"\n                \/>\n            <\/a>\n        <\/div>\n\t\t\t\t\t\t\t<\/div> \n\t\t\t\n        \n\t\t\t\t<div id=\"ngg-image-16\" class=\"ngg-gallery-thumbnail-box\" >\n\t\t\t\t        <div class=\"ngg-gallery-thumbnail\">\n            <a href=\"https:\/\/lungo800.it\/wp-content\/uploads\/2013\/11\/B2\/B2_Canadelli_17.jpg\"\n               title=\"Fig. 17 \u2013 Tavola n. 1 (tratta da: E. Belet, &quot;La v\u00e9g\u00e9tation sous marine&quot;, Armand Gu\u00e9rinet, Paris 1900)\"\n               data-src=\"https:\/\/lungo800.it\/wp-content\/uploads\/2013\/11\/B2\/B2_Canadelli_17.jpg\"\n               data-thumbnail=\"https:\/\/lungo800.it\/wp-content\/uploads\/2013\/11\/B2\/thumbs\/thumbs_B2_Canadelli_17.jpg\"\n               data-image-id=\"302\"\n               data-title=\"Fig. 17 \u2013 Tavola n. 1 (tratta da: E. Belet, &quot;La v\u00e9g\u00e9tation sous marine&quot;, Armand Gu\u00e9rinet, Paris 1900)\"\n               data-description=\"Fig. 17 \u2013 Tavola n. 1 (tratta da: E. Belet, &quot;La v\u00e9g\u00e9tation sous marine&quot;, Armand Gu\u00e9rinet, Paris 1900)\"\n               data-image-slug=\"fig-17-tavola-n-1-tratta-da-e-belet-la-vegetation-sous-marine-armand-guerinet-paris-1900\"\n               class=\"ngg-fancybox\" rel=\"120\">\n                <img\n                    title=\"Fig. 17 \u2013 Tavola n. 1 (tratta da: E. Belet, &quot;La v\u00e9g\u00e9tation sous marine&quot;, Armand Gu\u00e9rinet, Paris 1900)\"\n                    alt=\"Fig. 17 \u2013 Tavola n. 1 (tratta da: E. Belet, &quot;La v\u00e9g\u00e9tation sous marine&quot;, Armand Gu\u00e9rinet, Paris 1900)\"\n                    src=\"https:\/\/lungo800.it\/wp-content\/uploads\/2013\/11\/B2\/cache\/B2_Canadelli_17-nggid03302-ngg0dyn-150x150x100-00f0w010c011r110f110r010t010.jpg\"\n                    width=\"150\"\n                    height=\"150\"\n                    style=\"max-width:100%;\"\n                \/>\n            <\/a>\n        <\/div>\n\t\t\t\t\t\t\t<\/div> \n\t\t\t\n        \n\t\t\t\t<div id=\"ngg-image-17\" class=\"ngg-gallery-thumbnail-box\" >\n\t\t\t\t        <div class=\"ngg-gallery-thumbnail\">\n            <a href=\"https:\/\/lungo800.it\/wp-content\/uploads\/2013\/11\/B2\/B2_Canadelli_18.jpg\"\n               title=\"Fig. 18 \u2013 Emile Gall\u00e9, \u00abLes fonds de la mer\u00bb, 1889 (Mus\u00e9e des Beaux arts, Nancy)\"\n               data-src=\"https:\/\/lungo800.it\/wp-content\/uploads\/2013\/11\/B2\/B2_Canadelli_18.jpg\"\n               data-thumbnail=\"https:\/\/lungo800.it\/wp-content\/uploads\/2013\/11\/B2\/thumbs\/thumbs_B2_Canadelli_18.jpg\"\n               data-image-id=\"303\"\n               data-title=\"Fig. 18 \u2013 Emile Gall\u00e9, \u00abLes fonds de la mer\u00bb, 1889 (Mus\u00e9e des Beaux arts, Nancy)\"\n               data-description=\"Fig. 18 \u2013 Emile Gall\u00e9, \u00abLes fonds de la mer\u00bb, 1889 (Mus\u00e9e des Beaux arts, Nancy)\"\n               data-image-slug=\"fig-18-emile-galle-les-fonds-de-la-mer-1889-musee-des-beaux-arts-nancy\"\n               class=\"ngg-fancybox\" rel=\"120\">\n                <img\n                    title=\"Fig. 18 \u2013 Emile Gall\u00e9, \u00abLes fonds de la mer\u00bb, 1889 (Mus\u00e9e des Beaux arts, Nancy)\"\n                    alt=\"Fig. 18 \u2013 Emile Gall\u00e9, \u00abLes fonds de la mer\u00bb, 1889 (Mus\u00e9e des Beaux arts, Nancy)\"\n                    src=\"https:\/\/lungo800.it\/wp-content\/uploads\/2013\/11\/B2\/cache\/B2_Canadelli_18-nggid03303-ngg0dyn-150x150x100-00f0w010c011r110f110r010t010.jpg\"\n                    width=\"150\"\n                    height=\"150\"\n                    style=\"max-width:100%;\"\n                \/>\n            <\/a>\n        <\/div>\n\t\t\t\t\t\t\t<\/div> \n\t\t\t\n        \n\t\t\t\t<div id=\"ngg-image-18\" class=\"ngg-gallery-thumbnail-box\" >\n\t\t\t\t        <div class=\"ngg-gallery-thumbnail\">\n            <a href=\"https:\/\/lungo800.it\/wp-content\/uploads\/2013\/11\/B2\/B2_Canadelli_19.jpg\"\n               title=\"Fig. 19 \u2013 August Endell, Buntes Theater, 1901 (distrutto nel 1943), Berlino (tratta da: Siegfrid Wichmann, &quot;Jugendstil Floral Funktional in Deutschland und \u00d6sterreich&quot;, Schuler Verlagsgesellschaft, Herrsching 1984)\"\n               data-src=\"https:\/\/lungo800.it\/wp-content\/uploads\/2013\/11\/B2\/B2_Canadelli_19.jpg\"\n               data-thumbnail=\"https:\/\/lungo800.it\/wp-content\/uploads\/2013\/11\/B2\/thumbs\/thumbs_B2_Canadelli_19.jpg\"\n               data-image-id=\"304\"\n               data-title=\"Fig. 19 \u2013 August Endell, Buntes Theater, 1901 (distrutto nel 1943), Berlino (tratta da: Siegfrid Wichmann, &quot;Jugendstil Floral Funktional in Deutschland und \u00d6sterreich&quot;, Schuler Verlagsgesellschaft, Herrsching 1984)\"\n               data-description=\"Fig. 19 \u2013 August Endell, Buntes Theater, 1901 (distrutto nel 1943), Berlino (tratta da: Siegfrid Wichmann, &quot;Jugendstil Floral Funktional in Deutschland und \u00d6sterreich&quot;, Schuler Verlagsgesellschaft, Herrsching 1984)\"\n               data-image-slug=\"fig-19-august-endell-buntes-theater-1901-distrutto-nel-1943-berlino-tratta-da-siegfrid-wichmann-jugendstil-floral-funktional-in-deutschland-und-osterreich-schuler-verlagsgesellsc\"\n               class=\"ngg-fancybox\" rel=\"120\">\n                <img\n                    title=\"Fig. 19 \u2013 August Endell, Buntes Theater, 1901 (distrutto nel 1943), Berlino (tratta da: Siegfrid Wichmann, &quot;Jugendstil Floral Funktional in Deutschland und \u00d6sterreich&quot;, Schuler Verlagsgesellschaft, Herrsching 1984)\"\n                    alt=\"Fig. 19 \u2013 August Endell, Buntes Theater, 1901 (distrutto nel 1943), Berlino (tratta da: Siegfrid Wichmann, &quot;Jugendstil Floral Funktional in Deutschland und \u00d6sterreich&quot;, Schuler Verlagsgesellschaft, Herrsching 1984)\"\n                    src=\"https:\/\/lungo800.it\/wp-content\/uploads\/2013\/11\/B2\/cache\/B2_Canadelli_19-nggid03304-ngg0dyn-150x150x100-00f0w010c011r110f110r010t010.jpg\"\n                    width=\"150\"\n                    height=\"150\"\n                    style=\"max-width:100%;\"\n                \/>\n            <\/a>\n        <\/div>\n\t\t\t\t\t\t\t<\/div> \n\t\t\t\n        \n\t\t\t\t<div id=\"ngg-image-19\" class=\"ngg-gallery-thumbnail-box\" >\n\t\t\t\t        <div class=\"ngg-gallery-thumbnail\">\n            <a href=\"https:\/\/lungo800.it\/wp-content\/uploads\/2013\/11\/B2\/B2_Canadelli_20.jpg\"\n               title=\"Fig. 20 \u2013 Eleganti simmetrie dei radiolari. Tavola 31, \u00abCalocyclas\u00bb, Cyrtoidea (tratta da: E. Haeckel, &quot;Kunstformen der Natur&quot;, Bibliographisches Institut, Leipzig-Wien 1899-1904)\"\n               data-src=\"https:\/\/lungo800.it\/wp-content\/uploads\/2013\/11\/B2\/B2_Canadelli_20.jpg\"\n               data-thumbnail=\"https:\/\/lungo800.it\/wp-content\/uploads\/2013\/11\/B2\/thumbs\/thumbs_B2_Canadelli_20.jpg\"\n               data-image-id=\"305\"\n               data-title=\"Fig. 20 \u2013 Eleganti simmetrie dei radiolari. Tavola 31, \u00abCalocyclas\u00bb, Cyrtoidea (tratta da: E. Haeckel, &quot;Kunstformen der Natur&quot;, Bibliographisches Institut, Leipzig-Wien 1899-1904)\"\n               data-description=\"Fig. 20 \u2013 Eleganti simmetrie dei radiolari. Tavola 31, \u00abCalocyclas\u00bb, Cyrtoidea (tratta da: E. Haeckel, &quot;Kunstformen der Natur&quot;, Bibliographisches Institut, Leipzig-Wien 1899-1904)\"\n               data-image-slug=\"fig-20-eleganti-simmetrie-dei-radiolari-tavola-31-calocyclas-cyrtoidea-tratta-da-e-haeckel-kunstformen-der-natur-bibliographisches-institut-leipzig-wien-1899-1904\"\n               class=\"ngg-fancybox\" rel=\"120\">\n                <img\n                    title=\"Fig. 20 \u2013 Eleganti simmetrie dei radiolari. Tavola 31, \u00abCalocyclas\u00bb, Cyrtoidea (tratta da: E. Haeckel, &quot;Kunstformen der Natur&quot;, Bibliographisches Institut, Leipzig-Wien 1899-1904)\"\n                    alt=\"Fig. 20 \u2013 Eleganti simmetrie dei radiolari. Tavola 31, \u00abCalocyclas\u00bb, Cyrtoidea (tratta da: E. Haeckel, &quot;Kunstformen der Natur&quot;, Bibliographisches Institut, Leipzig-Wien 1899-1904)\"\n                    src=\"https:\/\/lungo800.it\/wp-content\/uploads\/2013\/11\/B2\/cache\/B2_Canadelli_20-nggid03305-ngg0dyn-150x150x100-00f0w010c011r110f110r010t010.jpg\"\n                    width=\"150\"\n                    height=\"150\"\n                    style=\"max-width:100%;\"\n                \/>\n            <\/a>\n        <\/div>\n\t\t\t\t\t\t\t<\/div> \n\t\t\t\n        \n\t\t\t\t<div id=\"ngg-image-20\" class=\"ngg-gallery-thumbnail-box\" >\n\t\t\t\t        <div class=\"ngg-gallery-thumbnail\">\n            <a href=\"https:\/\/lungo800.it\/wp-content\/uploads\/2013\/11\/B2\/B2_Canadelli_21.jpg\"\n               title=\"Fig. 21 \u2013 Porta monumentale realizzata da Binet in place de la Concorde a Parigi per l\u2019Esposizione universale del 1900 (tratta da: &quot;Die Weltausstellung in Paris 1900&quot;, Kr\u00fcger, Paris-Leipzig 1900)\"\n               data-src=\"https:\/\/lungo800.it\/wp-content\/uploads\/2013\/11\/B2\/B2_Canadelli_21.jpg\"\n               data-thumbnail=\"https:\/\/lungo800.it\/wp-content\/uploads\/2013\/11\/B2\/thumbs\/thumbs_B2_Canadelli_21.jpg\"\n               data-image-id=\"772\"\n               data-title=\"Fig. 21 \u2013 Porta monumentale realizzata da Binet in place de la Concorde a Parigi per l\u2019Esposizione universale del 1900 (tratta da: &quot;Die Weltausstellung in Paris 1900&quot;, Kr\u00fcger, Paris-Leipzig 1900)\"\n               data-description=\"Fig. 21 \u2013 Porta monumentale realizzata da Binet in place de la Concorde a Parigi per l\u2019Esposizione universale del 1900 (tratta da: &quot;Die Weltausstellung in Paris 1900&quot;, Kr\u00fcger, Paris-Leipzig 1900)\"\n               data-image-slug=\"fig-21-porta-monumentale-realizzata-da-binet-in-place-de-la-concorde-a-parigi-per-lesposizione-universale-del-1900-tratta-da-die-weltausstellung-in-paris-1900-kruger-paris-le\"\n               class=\"ngg-fancybox\" rel=\"120\">\n                <img\n                    title=\"Fig. 21 \u2013 Porta monumentale realizzata da Binet in place de la Concorde a Parigi per l\u2019Esposizione universale del 1900 (tratta da: &quot;Die Weltausstellung in Paris 1900&quot;, Kr\u00fcger, Paris-Leipzig 1900)\"\n                    alt=\"Fig. 21 \u2013 Porta monumentale realizzata da Binet in place de la Concorde a Parigi per l\u2019Esposizione universale del 1900 (tratta da: &quot;Die Weltausstellung in Paris 1900&quot;, Kr\u00fcger, Paris-Leipzig 1900)\"\n                    src=\"https:\/\/lungo800.it\/wp-content\/uploads\/2013\/11\/B2\/cache\/B2_Canadelli_21-nggid03772-ngg0dyn-150x150x100-00f0w010c011r110f110r010t010.jpg\"\n                    width=\"150\"\n                    height=\"150\"\n                    style=\"max-width:100%;\"\n                \/>\n            <\/a>\n        <\/div>\n\t\t\t\t\t\t\t<\/div> \n\t\t\t\n        \n\t\t\t\t<div id=\"ngg-image-21\" class=\"ngg-gallery-thumbnail-box\" >\n\t\t\t\t        <div class=\"ngg-gallery-thumbnail\">\n            <a href=\"https:\/\/lungo800.it\/wp-content\/uploads\/2013\/11\/B2\/B2_Canadelli_22.jpg\"\n               title=\"Fig. 22 \u2013 Constant Roux, lampada in vetro a forma di radiolare ispirata alla tavola 1 delle &quot;Kunstformen der Natur&quot; di Ernst Haeckel, [1910] (Museo oceanografico, Montecarlo)\"\n               data-src=\"https:\/\/lungo800.it\/wp-content\/uploads\/2013\/11\/B2\/B2_Canadelli_22.jpg\"\n               data-thumbnail=\"https:\/\/lungo800.it\/wp-content\/uploads\/2013\/11\/B2\/thumbs\/thumbs_B2_Canadelli_22.jpg\"\n               data-image-id=\"307\"\n               data-title=\"Fig. 22 \u2013 Constant Roux, lampada in vetro a forma di radiolare ispirata alla tavola 1 delle &quot;Kunstformen der Natur&quot; di Ernst Haeckel, [1910] (Museo oceanografico, Montecarlo)\"\n               data-description=\"Fig. 22 \u2013 Constant Roux, lampada in vetro a forma di radiolare ispirata alla tavola 1 delle &quot;Kunstformen der Natur&quot; di Ernst Haeckel, [1910] (Museo oceanografico, Montecarlo)\"\n               data-image-slug=\"fig-22-constant-roux-lampada-in-vetro-a-forma-di-radiolare-ispirata-alla-tavola-1-delle-kunstformen-der-natur-di-ernst-haeckel-1910-museo-oceanografico-montecarlo\"\n               class=\"ngg-fancybox\" rel=\"120\">\n                <img\n                    title=\"Fig. 22 \u2013 Constant Roux, lampada in vetro a forma di radiolare ispirata alla tavola 1 delle &quot;Kunstformen der Natur&quot; di Ernst Haeckel, [1910] (Museo oceanografico, Montecarlo)\"\n                    alt=\"Fig. 22 \u2013 Constant Roux, lampada in vetro a forma di radiolare ispirata alla tavola 1 delle &quot;Kunstformen der Natur&quot; di Ernst Haeckel, [1910] (Museo oceanografico, Montecarlo)\"\n                    src=\"https:\/\/lungo800.it\/wp-content\/uploads\/2013\/11\/B2\/cache\/B2_Canadelli_22-nggid03307-ngg0dyn-150x150x100-00f0w010c011r110f110r010t010.jpg\"\n                    width=\"150\"\n                    height=\"150\"\n                    style=\"max-width:100%;\"\n                \/>\n            <\/a>\n        <\/div>\n\t\t\t\t\t\t\t<\/div> \n\t\t\t\n        \n\t\t\t\t<div id=\"ngg-image-22\" class=\"ngg-gallery-thumbnail-box\" >\n\t\t\t\t        <div class=\"ngg-gallery-thumbnail\">\n            <a href=\"https:\/\/lungo800.it\/wp-content\/uploads\/2013\/11\/B2\/B2_Canadelli_23.jpg\"\n               title=\"Fig. 23 \u2013 Leopold e Rudolf Blaschka, modello in vetro di Physalia Arethusa, s.d. (National Museum &amp; Gallery, Cardiff)\"\n               data-src=\"https:\/\/lungo800.it\/wp-content\/uploads\/2013\/11\/B2\/B2_Canadelli_23.jpg\"\n               data-thumbnail=\"https:\/\/lungo800.it\/wp-content\/uploads\/2013\/11\/B2\/thumbs\/thumbs_B2_Canadelli_23.jpg\"\n               data-image-id=\"308\"\n               data-title=\"Fig. 23 \u2013 Leopold e Rudolf Blaschka, modello in vetro di Physalia Arethusa, s.d. (National Museum &amp; Gallery, Cardiff)\"\n               data-description=\"Fig. 23 \u2013 Leopold e Rudolf Blaschka, modello in vetro di Physalia Arethusa, s.d. (National Museum &amp; Gallery, Cardiff)\"\n               data-image-slug=\"fig-23-leopold-e-rudolf-blaschka-modello-in-vetro-di-physalia-arethusa-s-d-national-museum-gallery-cardiff\"\n               class=\"ngg-fancybox\" rel=\"120\">\n                <img\n                    title=\"Fig. 23 \u2013 Leopold e Rudolf Blaschka, modello in vetro di Physalia Arethusa, s.d. (National Museum &amp; Gallery, Cardiff)\"\n                    alt=\"Fig. 23 \u2013 Leopold e Rudolf Blaschka, modello in vetro di Physalia Arethusa, s.d. (National Museum &amp; Gallery, Cardiff)\"\n                    src=\"https:\/\/lungo800.it\/wp-content\/uploads\/2013\/11\/B2\/cache\/B2_Canadelli_23-nggid03308-ngg0dyn-150x150x100-00f0w010c011r110f110r010t010.jpg\"\n                    width=\"150\"\n                    height=\"150\"\n                    style=\"max-width:100%;\"\n                \/>\n            <\/a>\n        <\/div>\n\t\t\t\t\t\t\t<\/div> \n\t\t\t\n        \n\t\t\n\t\t<!-- Pagination -->\n\t<div class='ngg-clear'><\/div>\t<\/div>\n<\/div>\n","protected":false},"excerpt":{"rendered":"<p>di Elena Canadelli Tra le immagini che hanno caratterizzato il lungo Ottocento rivestono un ruolo significativo quelle legate al mondo della scienza, diffuse su riviste, giornali, libri specializzati e divulgativi dell&#8217;epoca. Tra i temi di maggior successo vi fu la scoperta del mondo acquatico e sottomarino. Furono in molti, tra naturalisti, artisti, scrittori e semplici [&hellip;]<\/p>\n","protected":false},"author":1,"featured_media":0,"comment_status":"open","ping_status":"open","sticky":false,"template":"","format":"standard","meta":{"ngg_post_thumbnail":0},"categories":[3],"tags":[],"_links":{"self":[{"href":"https:\/\/lungo800.it\/index.php?rest_route=\/wp\/v2\/posts\/55"}],"collection":[{"href":"https:\/\/lungo800.it\/index.php?rest_route=\/wp\/v2\/posts"}],"about":[{"href":"https:\/\/lungo800.it\/index.php?rest_route=\/wp\/v2\/types\/post"}],"author":[{"embeddable":true,"href":"https:\/\/lungo800.it\/index.php?rest_route=\/wp\/v2\/users\/1"}],"replies":[{"embeddable":true,"href":"https:\/\/lungo800.it\/index.php?rest_route=%2Fwp%2Fv2%2Fcomments&post=55"}],"version-history":[{"count":5,"href":"https:\/\/lungo800.it\/index.php?rest_route=\/wp\/v2\/posts\/55\/revisions"}],"predecessor-version":[{"id":507,"href":"https:\/\/lungo800.it\/index.php?rest_route=\/wp\/v2\/posts\/55\/revisions\/507"}],"wp:attachment":[{"href":"https:\/\/lungo800.it\/index.php?rest_route=%2Fwp%2Fv2%2Fmedia&parent=55"}],"wp:term":[{"taxonomy":"category","embeddable":true,"href":"https:\/\/lungo800.it\/index.php?rest_route=%2Fwp%2Fv2%2Fcategories&post=55"},{"taxonomy":"post_tag","embeddable":true,"href":"https:\/\/lungo800.it\/index.php?rest_route=%2Fwp%2Fv2%2Ftags&post=55"}],"curies":[{"name":"wp","href":"https:\/\/api.w.org\/{rel}","templated":true}]}}