{"id":57,"date":"2014-01-03T21:49:59","date_gmt":"2014-01-03T20:49:59","guid":{"rendered":"http:\/\/lungo800.it\/?p=57"},"modified":"2014-01-08T16:53:07","modified_gmt":"2014-01-08T15:53:07","slug":"simpatie-e-affinita-misteriose-futurismo-anarchismo-occultismo-lesperienza-della-folla","status":"publish","type":"post","link":"https:\/\/lungo800.it\/?p=57","title":{"rendered":"\u00abSimpatie e affinit\u00e0 misteriose\u00bb.<br\/> Futurismo, anarchismo, occultismo: l\u2019esperienza della folla"},"content":{"rendered":"<p style=\"text-align: right;\">di Costanza Bertolotti<\/p>\n<p>Il saggio riconsidera l\u2019interesse dei futuristi per l\u2019occultismo alla luce delle esperienze sociali condivise da cui scatur\u00ec la loro ricerca formale, nonch\u00e9 le concezioni sociali e politiche a essa sottese. L\u2019esperienza della folla, che Boccioni, Carr\u00e0, Russolo e Severini rappresentarono in alcune celebri tele, permette una comprensione pi\u00f9 puntuale della poetica futurista che ha nella fascinazione per la vita delle moderne metropoli uno dei principali nuclei ispiratori, illuminando un volto del movimento irriducibile alla vulgata del futurismo come avanguardia inneggiante al dinamismo e alla velocit\u00e0. Infine, l\u2019attrazione dei futuristi per i fenomeni medianici non pu\u00f2 essere considerata come una reazione alla bancarotta della scienza: accanto a suggestioni idealistiche e a spinte irrazionaliste, forti sono i legami che ancorano il futurismo d\u2019anteguerra al positivismo tardottocentesco.<\/p>\n<p>&nbsp;<\/p>\n<div style=\"margin: 0 11%;\"><!-- index.php -->\n<div\n\tclass=\"ngg-galleryoverview\"\n\tid=\"ngg-gallery-123-1\">\n\n    \t\t<!-- Thumbnails -->\n\t\t\t\t<div id=\"ngg-image-0\" class=\"ngg-gallery-thumbnail-box\" >\n\t\t\t\t        <div class=\"ngg-gallery-thumbnail\">\n            <a href=\"https:\/\/lungo800.it\/wp-content\/uploads\/2013\/11\/B3\/B3_Bertolotti_01.jpg\"\n               title=\"Fig. 1 \u2013 Giacomo Balla, \u00abLampada ad arco\u00bb, 1909-1911, olio su tela, 174,7 x 114,7 cm (The Museum of Modern Art, New York)\"\n               data-src=\"https:\/\/lungo800.it\/wp-content\/uploads\/2013\/11\/B3\/B3_Bertolotti_01.jpg\"\n               data-thumbnail=\"https:\/\/lungo800.it\/wp-content\/uploads\/2013\/11\/B3\/thumbs\/thumbs_B3_Bertolotti_01.jpg\"\n               data-image-id=\"773\"\n               data-title=\"Fig. 01 \u2013 Giacomo Balla, \u00abLampada ad arco\u00bb, 1909-1911, olio su tela, 174,7 x 114,7 cm (The Museum of Modern Art, New York)\"\n               data-description=\"Fig. 1 \u2013 Giacomo Balla, \u00abLampada ad arco\u00bb, 1909-1911, olio su tela, 174,7 x 114,7 cm (The Museum of Modern Art, New York)\"\n               data-image-slug=\"fig-01-giacomo-balla-lampada-ad-arco-1909-1911-olio-su-tela-1747-x-1147-cm-the-museum-of-modern-art-new-york\"\n               class=\"ngg-fancybox\" rel=\"123\">\n                <img\n                    title=\"Fig. 01 \u2013 Giacomo Balla, \u00abLampada ad arco\u00bb, 1909-1911, olio su tela, 174,7 x 114,7 cm (The Museum of Modern Art, New York)\"\n                    alt=\"Fig. 01 \u2013 Giacomo Balla, \u00abLampada ad arco\u00bb, 1909-1911, olio su tela, 174,7 x 114,7 cm (The Museum of Modern Art, New York)\"\n                    src=\"https:\/\/lungo800.it\/wp-content\/uploads\/2013\/11\/B3\/cache\/B3_Bertolotti_01-nggid03773-ngg0dyn-150x150x100-00f0w010c011r110f110r010t010.jpg\"\n                    width=\"150\"\n                    height=\"150\"\n                    style=\"max-width:100%;\"\n                \/>\n            <\/a>\n        <\/div>\n\t\t\t\t\t\t\t<\/div> \n\t\t\t\n        \n\t\t\t\t<div id=\"ngg-image-1\" class=\"ngg-gallery-thumbnail-box\" >\n\t\t\t\t        <div class=\"ngg-gallery-thumbnail\">\n            <a href=\"https:\/\/lungo800.it\/wp-content\/uploads\/2013\/11\/B3\/B3_Bertolotti_02.jpg\"\n               title=\"Fig. 2 \u2013 Umberto Boccioni, \u00abLa citt\u00e0 che sale\u00bb, 1910-1911, olio su tela, 199,3 x 301 cm (The Museum of Modern Art, New York)\"\n               data-src=\"https:\/\/lungo800.it\/wp-content\/uploads\/2013\/11\/B3\/B3_Bertolotti_02.jpg\"\n               data-thumbnail=\"https:\/\/lungo800.it\/wp-content\/uploads\/2013\/11\/B3\/thumbs\/thumbs_B3_Bertolotti_02.jpg\"\n               data-image-id=\"774\"\n               data-title=\"Fig. 02 \u2013 Umberto Boccioni, \u00abLa citt\u00e0 che sale\u00bb, 1910-1911, olio su tela, 199,3 x 301 cm (The Museum of Modern Art, New York)\"\n               data-description=\"Fig. 2 \u2013 Umberto Boccioni, \u00abLa citt\u00e0 che sale\u00bb, 1910-1911, olio su tela, 199,3 x 301 cm (The Museum of Modern Art, New York)\"\n               data-image-slug=\"fig-02-umberto-boccioni-la-citta-che-sale-1910-1911-olio-su-tela-1993-x-301-cm-the-museum-of-modern-art-new-york\"\n               class=\"ngg-fancybox\" rel=\"123\">\n                <img\n                    title=\"Fig. 02 \u2013 Umberto Boccioni, \u00abLa citt\u00e0 che sale\u00bb, 1910-1911, olio su tela, 199,3 x 301 cm (The Museum of Modern Art, New York)\"\n                    alt=\"Fig. 02 \u2013 Umberto Boccioni, \u00abLa citt\u00e0 che sale\u00bb, 1910-1911, olio su tela, 199,3 x 301 cm (The Museum of Modern Art, New York)\"\n                    src=\"https:\/\/lungo800.it\/wp-content\/uploads\/2013\/11\/B3\/cache\/B3_Bertolotti_02-nggid03774-ngg0dyn-150x150x100-00f0w010c011r110f110r010t010.jpg\"\n                    width=\"150\"\n                    height=\"150\"\n                    style=\"max-width:100%;\"\n                \/>\n            <\/a>\n        <\/div>\n\t\t\t\t\t\t\t<\/div> \n\t\t\t\n        \n\t\t\t\t<div id=\"ngg-image-2\" class=\"ngg-gallery-thumbnail-box\" >\n\t\t\t\t        <div class=\"ngg-gallery-thumbnail\">\n            <a href=\"https:\/\/lungo800.it\/wp-content\/uploads\/2013\/11\/B3\/B3_Bertolotti_03.jpg\"\n               title=\"Fig. 3 \u2013 Carlo Carr\u00e0, \u00abI funerali dell\u2019anarchico Galli\u00bb, 1910-1912, olio su tela, 198,7 x 259,1 cm (The Museum of Modern Art, New York)\"\n               data-src=\"https:\/\/lungo800.it\/wp-content\/uploads\/2013\/11\/B3\/B3_Bertolotti_03.jpg\"\n               data-thumbnail=\"https:\/\/lungo800.it\/wp-content\/uploads\/2013\/11\/B3\/thumbs\/thumbs_B3_Bertolotti_03.jpg\"\n               data-image-id=\"775\"\n               data-title=\"Fig. 3 \u2013 Carlo Carr\u00e0, \u00abI funerali dell\u2019anarchico Galli\u00bb, 1910-1912, olio su tela, 198,7 x 259,1 cm (The Museum of Modern Art, New York)\"\n               data-description=\"Fig. 3 \u2013 Carlo Carr\u00e0, \u00abI funerali dell\u2019anarchico Galli\u00bb, 1910-1912, olio su tela, 198,7 x 259,1 cm (The Museum of Modern Art, New York)\"\n               data-image-slug=\"fig-3-carlo-carra-i-funerali-dellanarchico-galli-1910-1912-olio-su-tela-1987-x-2591-cm-the-museum-of-modern-art-new-york-2\"\n               class=\"ngg-fancybox\" rel=\"123\">\n                <img\n                    title=\"Fig. 3 \u2013 Carlo Carr\u00e0, \u00abI funerali dell\u2019anarchico Galli\u00bb, 1910-1912, olio su tela, 198,7 x 259,1 cm (The Museum of Modern Art, New York)\"\n                    alt=\"Fig. 3 \u2013 Carlo Carr\u00e0, \u00abI funerali dell\u2019anarchico Galli\u00bb, 1910-1912, olio su tela, 198,7 x 259,1 cm (The Museum of Modern Art, New York)\"\n                    src=\"https:\/\/lungo800.it\/wp-content\/uploads\/2013\/11\/B3\/cache\/B3_Bertolotti_03-nggid03775-ngg0dyn-150x150x100-00f0w010c011r110f110r010t010.jpg\"\n                    width=\"150\"\n                    height=\"150\"\n                    style=\"max-width:100%;\"\n                \/>\n            <\/a>\n        <\/div>\n\t\t\t\t\t\t\t<\/div> \n\t\t\t\n        \n\t\t\t\t<div id=\"ngg-image-3\" class=\"ngg-gallery-thumbnail-box\" >\n\t\t\t\t        <div class=\"ngg-gallery-thumbnail\">\n            <a href=\"https:\/\/lungo800.it\/wp-content\/uploads\/2013\/11\/B3\/B3_Bertolotti_04.jpg\"\n               title=\"Fig. 4 \u2013 Luigi Russolo, \u00abLa rivolta\u00bb, 1911, olio su tela, 150,8 x 230,7 (Collection Gemeentemuseum Den Haag, L\u2019Aja)\"\n               data-src=\"https:\/\/lungo800.it\/wp-content\/uploads\/2013\/11\/B3\/B3_Bertolotti_04.jpg\"\n               data-thumbnail=\"https:\/\/lungo800.it\/wp-content\/uploads\/2013\/11\/B3\/thumbs\/thumbs_B3_Bertolotti_04.jpg\"\n               data-image-id=\"776\"\n               data-title=\"Fig. 4 \u2013 Luigi Russolo, \u00abLa rivolta\u00bb, 1911, olio su tela, 150,8 x 230,7 (Collection Gemeentemuseum Den Haag, L\u2019Aja)\"\n               data-description=\"Fig. 4 \u2013 Luigi Russolo, \u00abLa rivolta\u00bb, 1911, olio su tela, 150,8 x 230,7 (Collection Gemeentemuseum Den Haag, L\u2019Aja)\"\n               data-image-slug=\"fig-4-luigi-russolo-la-rivolta-1911-olio-su-tela-1508-x-2307-collection-gemeentemuseum-den-haag-laja-2\"\n               class=\"ngg-fancybox\" rel=\"123\">\n                <img\n                    title=\"Fig. 4 \u2013 Luigi Russolo, \u00abLa rivolta\u00bb, 1911, olio su tela, 150,8 x 230,7 (Collection Gemeentemuseum Den Haag, L\u2019Aja)\"\n                    alt=\"Fig. 4 \u2013 Luigi Russolo, \u00abLa rivolta\u00bb, 1911, olio su tela, 150,8 x 230,7 (Collection Gemeentemuseum Den Haag, L\u2019Aja)\"\n                    src=\"https:\/\/lungo800.it\/wp-content\/uploads\/2013\/11\/B3\/cache\/B3_Bertolotti_04-nggid03776-ngg0dyn-150x150x100-00f0w010c011r110f110r010t010.jpg\"\n                    width=\"150\"\n                    height=\"150\"\n                    style=\"max-width:100%;\"\n                \/>\n            <\/a>\n        <\/div>\n\t\t\t\t\t\t\t<\/div> \n\t\t\t\n        \n\t\t\t\t<div id=\"ngg-image-4\" class=\"ngg-gallery-thumbnail-box\" >\n\t\t\t\t        <div class=\"ngg-gallery-thumbnail\">\n            <a href=\"https:\/\/lungo800.it\/wp-content\/uploads\/2013\/11\/B3\/B3_Bertolotti_05.jpg\"\n               title=\"Fig. 5 \u2013 Gino Severini, \u00abLa danza del \u201cpan-pan\u201d al Monico\u00bb, ante 1912 (1959-1960), olio su tela, 280 x 400 cm (Centre Pompidou, Mus\u00e9e National d\u2019art moderne, Parigi)\"\n               data-src=\"https:\/\/lungo800.it\/wp-content\/uploads\/2013\/11\/B3\/B3_Bertolotti_05.jpg\"\n               data-thumbnail=\"https:\/\/lungo800.it\/wp-content\/uploads\/2013\/11\/B3\/thumbs\/thumbs_B3_Bertolotti_05.jpg\"\n               data-image-id=\"777\"\n               data-title=\"Fig. 5 \u2013 Gino Severini, \u00abLa danza del \u201cpan-pan\u201d al Monico\u00bb, ante 1912 (1959-1960), olio su tela, 280 x 400 cm (Centre Pompidou, Mus\u00e9e National d\u2019art moderne, Parigi)\"\n               data-description=\"Fig. 5 \u2013 Gino Severini, \u00abLa danza del \u201cpan-pan\u201d al Monico\u00bb, ante 1912 (1959-1960), olio su tela, 280 x 400 cm (Centre Pompidou, Mus\u00e9e National d\u2019art moderne, Parigi)\"\n               data-image-slug=\"fig-5-gino-severini-la-danza-del-pan-pan-al-monico-ante-1912-1959-1960-olio-su-tela-280-x-400-cm-centre-pompidou-musee-national-dart-moderne-2\"\n               class=\"ngg-fancybox\" rel=\"123\">\n                <img\n                    title=\"Fig. 5 \u2013 Gino Severini, \u00abLa danza del \u201cpan-pan\u201d al Monico\u00bb, ante 1912 (1959-1960), olio su tela, 280 x 400 cm (Centre Pompidou, Mus\u00e9e National d\u2019art moderne, Parigi)\"\n                    alt=\"Fig. 5 \u2013 Gino Severini, \u00abLa danza del \u201cpan-pan\u201d al Monico\u00bb, ante 1912 (1959-1960), olio su tela, 280 x 400 cm (Centre Pompidou, Mus\u00e9e National d\u2019art moderne, Parigi)\"\n                    src=\"https:\/\/lungo800.it\/wp-content\/uploads\/2013\/11\/B3\/cache\/B3_Bertolotti_05-nggid03777-ngg0dyn-150x150x100-00f0w010c011r110f110r010t010.jpg\"\n                    width=\"150\"\n                    height=\"150\"\n                    style=\"max-width:100%;\"\n                \/>\n            <\/a>\n        <\/div>\n\t\t\t\t\t\t\t<\/div> \n\t\t\t\n        \n\t\t\t\t<div id=\"ngg-image-5\" class=\"ngg-gallery-thumbnail-box\" >\n\t\t\t\t        <div class=\"ngg-gallery-thumbnail\">\n            <a href=\"https:\/\/lungo800.it\/wp-content\/uploads\/2013\/11\/B3\/B3_Bertolotti_06.jpg\"\n               title=\"Fig. 6 \u2013 Carlo Carr\u00e0, \u00abI funerali dell\u2019anarchico Galli\u00bb, bozzetto, 1910, pastello su cartoncino, 57 x 78 cm (Collezione privata)\"\n               data-src=\"https:\/\/lungo800.it\/wp-content\/uploads\/2013\/11\/B3\/B3_Bertolotti_06.jpg\"\n               data-thumbnail=\"https:\/\/lungo800.it\/wp-content\/uploads\/2013\/11\/B3\/thumbs\/thumbs_B3_Bertolotti_06.jpg\"\n               data-image-id=\"778\"\n               data-title=\"Fig. 6 \u2013 Carlo Carr\u00e0, \u00abI funerali dell\u2019anarchico Galli\u00bb, bozzetto, 1910, pastello su cartoncino, 57 x 78 cm (Collezione privata)\"\n               data-description=\"Fig. 6 \u2013 Carlo Carr\u00e0, \u00abI funerali dell\u2019anarchico Galli\u00bb, bozzetto, 1910, pastello su cartoncino, 57 x 78 cm (Collezione privata)\"\n               data-image-slug=\"fig-6-carlo-carra-i-funerali-dellanarchico-galli-bozzetto-1910-pastello-su-cartoncino-57-x-78-cm-collezione-privata-2\"\n               class=\"ngg-fancybox\" rel=\"123\">\n                <img\n                    title=\"Fig. 6 \u2013 Carlo Carr\u00e0, \u00abI funerali dell\u2019anarchico Galli\u00bb, bozzetto, 1910, pastello su cartoncino, 57 x 78 cm (Collezione privata)\"\n                    alt=\"Fig. 6 \u2013 Carlo Carr\u00e0, \u00abI funerali dell\u2019anarchico Galli\u00bb, bozzetto, 1910, pastello su cartoncino, 57 x 78 cm (Collezione privata)\"\n                    src=\"https:\/\/lungo800.it\/wp-content\/uploads\/2013\/11\/B3\/cache\/B3_Bertolotti_06-nggid03778-ngg0dyn-150x150x100-00f0w010c011r110f110r010t010.jpg\"\n                    width=\"150\"\n                    height=\"150\"\n                    style=\"max-width:100%;\"\n                \/>\n            <\/a>\n        <\/div>\n\t\t\t\t\t\t\t<\/div> \n\t\t\t\n        \n\t\t\t\t<div id=\"ngg-image-6\" class=\"ngg-gallery-thumbnail-box\" >\n\t\t\t\t        <div class=\"ngg-gallery-thumbnail\">\n            <a href=\"https:\/\/lungo800.it\/wp-content\/uploads\/2013\/11\/B3\/B3_Bertolotti_07.jpg\"\n               title=\"Fig. 7 \u2013 Carlo Carr\u00e0, \u00abSobbalzi di carrozza\u00bb, 1911, olio su tela, 52,3 x 67,1 cm (The Museum of Modern Art, New York)\"\n               data-src=\"https:\/\/lungo800.it\/wp-content\/uploads\/2013\/11\/B3\/B3_Bertolotti_07.jpg\"\n               data-thumbnail=\"https:\/\/lungo800.it\/wp-content\/uploads\/2013\/11\/B3\/thumbs\/thumbs_B3_Bertolotti_07.jpg\"\n               data-image-id=\"779\"\n               data-title=\"Fig. 7 \u2013 Carlo Carr\u00e0, \u00abSobbalzi di carrozza\u00bb, 1911, olio su tela, 52,3 x 67,1 cm (The Museum of Modern Art, New York)\"\n               data-description=\"Fig. 7 \u2013 Carlo Carr\u00e0, \u00abSobbalzi di carrozza\u00bb, 1911, olio su tela, 52,3 x 67,1 cm (The Museum of Modern Art, New York)\"\n               data-image-slug=\"fig-7-carlo-carra-sobbalzi-di-carrozza-1911-olio-su-tela-523-x-671-cm-the-museum-of-modern-art-new-york-2\"\n               class=\"ngg-fancybox\" rel=\"123\">\n                <img\n                    title=\"Fig. 7 \u2013 Carlo Carr\u00e0, \u00abSobbalzi di carrozza\u00bb, 1911, olio su tela, 52,3 x 67,1 cm (The Museum of Modern Art, New York)\"\n                    alt=\"Fig. 7 \u2013 Carlo Carr\u00e0, \u00abSobbalzi di carrozza\u00bb, 1911, olio su tela, 52,3 x 67,1 cm (The Museum of Modern Art, New York)\"\n                    src=\"https:\/\/lungo800.it\/wp-content\/uploads\/2013\/11\/B3\/cache\/B3_Bertolotti_07-nggid03779-ngg0dyn-150x150x100-00f0w010c011r110f110r010t010.jpg\"\n                    width=\"150\"\n                    height=\"150\"\n                    style=\"max-width:100%;\"\n                \/>\n            <\/a>\n        <\/div>\n\t\t\t\t\t\t\t<\/div> \n\t\t\t\n        \n\t\t\t\t<div id=\"ngg-image-7\" class=\"ngg-gallery-thumbnail-box\" >\n\t\t\t\t        <div class=\"ngg-gallery-thumbnail\">\n            <a href=\"https:\/\/lungo800.it\/wp-content\/uploads\/2013\/11\/B3\/B3_Bertolotti_08.jpg\"\n               title=\"Fig. 8 \u2013 Carlo Carr\u00e0, \u00abCi\u00f2 che mi ha detto il tram\u00bb, 1911, olio su tela, 52 x 62 cm (Mart-Museo di Arte Moderna e Contemporanea di Trento e Rovereto, Rovereto)\"\n               data-src=\"https:\/\/lungo800.it\/wp-content\/uploads\/2013\/11\/B3\/B3_Bertolotti_08.jpg\"\n               data-thumbnail=\"https:\/\/lungo800.it\/wp-content\/uploads\/2013\/11\/B3\/thumbs\/thumbs_B3_Bertolotti_08.jpg\"\n               data-image-id=\"780\"\n               data-title=\"Fig. 8 \u2013 Carlo Carr\u00e0, \u00abCi\u00f2 che mi ha detto il tram\u00bb, 1911, olio su tela, 52 x 62 cm (Mart-Museo di Arte Moderna e Contemporanea di Trento e Rovereto, Rovereto)\"\n               data-description=\"Fig. 8 \u2013 Carlo Carr\u00e0, \u00abCi\u00f2 che mi ha detto il tram\u00bb, 1911, olio su tela, 52 x 62 cm (Mart-Museo di Arte Moderna e Contemporanea di Trento e Rovereto, Rovereto)\"\n               data-image-slug=\"fig-8-carlo-carra-cio-che-mi-ha-detto-il-tram-1911-olio-su-tela-52-x-62-cm-mart-museo-di-arte-moderna-e-contemporanea-di-trento-e-rovereto-rovereto-2\"\n               class=\"ngg-fancybox\" rel=\"123\">\n                <img\n                    title=\"Fig. 8 \u2013 Carlo Carr\u00e0, \u00abCi\u00f2 che mi ha detto il tram\u00bb, 1911, olio su tela, 52 x 62 cm (Mart-Museo di Arte Moderna e Contemporanea di Trento e Rovereto, Rovereto)\"\n                    alt=\"Fig. 8 \u2013 Carlo Carr\u00e0, \u00abCi\u00f2 che mi ha detto il tram\u00bb, 1911, olio su tela, 52 x 62 cm (Mart-Museo di Arte Moderna e Contemporanea di Trento e Rovereto, Rovereto)\"\n                    src=\"https:\/\/lungo800.it\/wp-content\/uploads\/2013\/11\/B3\/cache\/B3_Bertolotti_08-nggid03780-ngg0dyn-150x150x100-00f0w010c011r110f110r010t010.jpg\"\n                    width=\"150\"\n                    height=\"150\"\n                    style=\"max-width:100%;\"\n                \/>\n            <\/a>\n        <\/div>\n\t\t\t\t\t\t\t<\/div> \n\t\t\t\n        \n\t\t\t\t<div id=\"ngg-image-8\" class=\"ngg-gallery-thumbnail-box\" >\n\t\t\t\t        <div class=\"ngg-gallery-thumbnail\">\n            <a href=\"https:\/\/lungo800.it\/wp-content\/uploads\/2013\/11\/B3\/B3_Bertolotti_09.jpg\"\n               title=\"Fig. 9 \u2013 Henri Mairet, S\u00e9ance avec Eusapia Palladino, chez Camille Flammarion, rue Cassini, 25 novembre 1898, \u00e9preuve \u00e0 la g\u00e9latine argentique, 22, 2 x 26, 3 cm (Soci\u00e9t\u00e9 Astronomique de France, Parigi)\"\n               data-src=\"https:\/\/lungo800.it\/wp-content\/uploads\/2013\/11\/B3\/B3_Bertolotti_09.jpg\"\n               data-thumbnail=\"https:\/\/lungo800.it\/wp-content\/uploads\/2013\/11\/B3\/thumbs\/thumbs_B3_Bertolotti_09.jpg\"\n               data-image-id=\"317\"\n               data-title=\"Fig. 9 \u2013 Henri Mairet, S\u00e9ance avec Eusapia Palladino, chez Camille Flammarion, rue Cassini, 25 novembre 1898, \u00e9preuve \u00e0 la g\u00e9latine argentique, 22, 2 x 26, 3 cm (Soci\u00e9t\u00e9 Astronomique de France, Parigi)\"\n               data-description=\"Fig. 9 \u2013 Henri Mairet, S\u00e9ance avec Eusapia Palladino, chez Camille Flammarion, rue Cassini, 25 novembre 1898, \u00e9preuve \u00e0 la g\u00e9latine argentique, 22, 2 x 26, 3 cm (Soci\u00e9t\u00e9 Astronomique de France, Parigi)\"\n               data-image-slug=\"fig-9-henri-mairet-seance-avec-eusapia-palladino-chez-camille-flammarion-rue-cassini-25-novembre-1898-epreuve-a-la-gelatine-argentique-22-2-x-26-3-cm-societe-astronomique-de-france\"\n               class=\"ngg-fancybox\" rel=\"123\">\n                <img\n                    title=\"Fig. 9 \u2013 Henri Mairet, S\u00e9ance avec Eusapia Palladino, chez Camille Flammarion, rue Cassini, 25 novembre 1898, \u00e9preuve \u00e0 la g\u00e9latine argentique, 22, 2 x 26, 3 cm (Soci\u00e9t\u00e9 Astronomique de France, Parigi)\"\n                    alt=\"Fig. 9 \u2013 Henri Mairet, S\u00e9ance avec Eusapia Palladino, chez Camille Flammarion, rue Cassini, 25 novembre 1898, \u00e9preuve \u00e0 la g\u00e9latine argentique, 22, 2 x 26, 3 cm (Soci\u00e9t\u00e9 Astronomique de France, Parigi)\"\n                    src=\"https:\/\/lungo800.it\/wp-content\/uploads\/2013\/11\/B3\/cache\/B3_Bertolotti_09-nggid03317-ngg0dyn-150x150x100-00f0w010c011r110f110r010t010.jpg\"\n                    width=\"150\"\n                    height=\"150\"\n                    style=\"max-width:100%;\"\n                \/>\n            <\/a>\n        <\/div>\n\t\t\t\t\t\t\t<\/div> \n\t\t\t\n        \n\t\t\t\t<div id=\"ngg-image-9\" class=\"ngg-gallery-thumbnail-box\" >\n\t\t\t\t        <div class=\"ngg-gallery-thumbnail\">\n            <a href=\"https:\/\/lungo800.it\/wp-content\/uploads\/2013\/11\/B3\/B3_Bertolotti_10.jpg\"\n               title=\"Fig. 10 \u2013 La medium Eusapia Palladino a Genova (tratta da: Cesare Lombroso, \u201cRicerche sui fenomeni ipnotici e spiritici\u201d, Utet, Torino 1909, p. 50; Biblioteca comunale teresiana, Mantova)\"\n               data-src=\"https:\/\/lungo800.it\/wp-content\/uploads\/2013\/11\/B3\/B3_Bertolotti_10.jpg\"\n               data-thumbnail=\"https:\/\/lungo800.it\/wp-content\/uploads\/2013\/11\/B3\/thumbs\/thumbs_B3_Bertolotti_10.jpg\"\n               data-image-id=\"318\"\n               data-title=\"Fig. 10 \u2013 La medium Eusapia Palladino a Genova (tratta da: Cesare Lombroso, \u201cRicerche sui fenomeni ipnotici e spiritici\u201d, Utet, Torino 1909, p. 50; Biblioteca comunale teresiana, Mantova)\"\n               data-description=\"Fig. 10 \u2013 La medium Eusapia Palladino a Genova (tratta da: Cesare Lombroso, \u201cRicerche sui fenomeni ipnotici e spiritici\u201d, Utet, Torino 1909, p. 50; Biblioteca comunale teresiana, Mantova)\"\n               data-image-slug=\"fig-10-la-medium-eusapia-palladino-a-genova-tratta-da-cesare-lombroso-ricerche-sui-fenomeni-ipnotici-e-spiritici-utet-torino-1909-p-50-biblioteca-comunale-teresian\"\n               class=\"ngg-fancybox\" rel=\"123\">\n                <img\n                    title=\"Fig. 10 \u2013 La medium Eusapia Palladino a Genova (tratta da: Cesare Lombroso, \u201cRicerche sui fenomeni ipnotici e spiritici\u201d, Utet, Torino 1909, p. 50; Biblioteca comunale teresiana, Mantova)\"\n                    alt=\"Fig. 10 \u2013 La medium Eusapia Palladino a Genova (tratta da: Cesare Lombroso, \u201cRicerche sui fenomeni ipnotici e spiritici\u201d, Utet, Torino 1909, p. 50; Biblioteca comunale teresiana, Mantova)\"\n                    src=\"https:\/\/lungo800.it\/wp-content\/uploads\/2013\/11\/B3\/cache\/B3_Bertolotti_10-nggid03318-ngg0dyn-150x150x100-00f0w010c011r110f110r010t010.jpg\"\n                    width=\"150\"\n                    height=\"150\"\n                    style=\"max-width:100%;\"\n                \/>\n            <\/a>\n        <\/div>\n\t\t\t\t\t\t\t<\/div> \n\t\t\t\n        \n\t\t\t\t<div id=\"ngg-image-10\" class=\"ngg-gallery-thumbnail-box\" >\n\t\t\t\t        <div class=\"ngg-gallery-thumbnail\">\n            <a href=\"https:\/\/lungo800.it\/wp-content\/uploads\/2013\/11\/B3\/B3_Bertolotti_11.jpg\"\n               title=\"Fig. 11 \u2013Sollevamento ottenuto col medium Carancini, in \u201cThe Annals of Psychical Sciences\u201d, giugno 1909 (tratta da: Cesare Lombroso, \u201cRicerche sui fenomeni ipnotici e spiritici\u201d, Utet, Torino 1909, p. 53; Biblioteca comunale teresiana, Mantova)\"\n               data-src=\"https:\/\/lungo800.it\/wp-content\/uploads\/2013\/11\/B3\/B3_Bertolotti_11.jpg\"\n               data-thumbnail=\"https:\/\/lungo800.it\/wp-content\/uploads\/2013\/11\/B3\/thumbs\/thumbs_B3_Bertolotti_11.jpg\"\n               data-image-id=\"319\"\n               data-title=\"Fig. 11 \u2013Sollevamento ottenuto col medium Carancini, in \u201cThe Annals of Psychical Sciences\u201d, giugno 1909 (tratta da: Cesare Lombroso, \u201cRicerche sui fenomeni ipnotici e spiritici\u201d, Utet, Torino 1909, p. 53; Biblioteca comunale teresiana, Mantova)\"\n               data-description=\"Fig. 11 \u2013Sollevamento ottenuto col medium Carancini, in \u201cThe Annals of Psychical Sciences\u201d, giugno 1909 (tratta da: Cesare Lombroso, \u201cRicerche sui fenomeni ipnotici e spiritici\u201d, Utet, Torino 1909, p. 53; Biblioteca comunale teresiana, Mantova)\"\n               data-image-slug=\"fig-11-sollevamento-ottenuto-col-medium-carancini-in-the-annals-of-psychical-sciences-giugno-1909-tratta-da-cesare-lombroso-ricerche-sui-fenomeni-ipnotici-e-s\"\n               class=\"ngg-fancybox\" rel=\"123\">\n                <img\n                    title=\"Fig. 11 \u2013Sollevamento ottenuto col medium Carancini, in \u201cThe Annals of Psychical Sciences\u201d, giugno 1909 (tratta da: Cesare Lombroso, \u201cRicerche sui fenomeni ipnotici e spiritici\u201d, Utet, Torino 1909, p. 53; Biblioteca comunale teresiana, Mantova)\"\n                    alt=\"Fig. 11 \u2013Sollevamento ottenuto col medium Carancini, in \u201cThe Annals of Psychical Sciences\u201d, giugno 1909 (tratta da: Cesare Lombroso, \u201cRicerche sui fenomeni ipnotici e spiritici\u201d, Utet, Torino 1909, p. 53; Biblioteca comunale teresiana, Mantova)\"\n                    src=\"https:\/\/lungo800.it\/wp-content\/uploads\/2013\/11\/B3\/cache\/B3_Bertolotti_11-nggid03319-ngg0dyn-150x150x100-00f0w010c011r110f110r010t010.jpg\"\n                    width=\"150\"\n                    height=\"150\"\n                    style=\"max-width:100%;\"\n                \/>\n            <\/a>\n        <\/div>\n\t\t\t\t\t\t\t<\/div> \n\t\t\t\n        \n\t\t\t\t<div id=\"ngg-image-11\" class=\"ngg-gallery-thumbnail-box\" >\n\t\t\t\t        <div class=\"ngg-gallery-thumbnail\">\n            <a href=\"https:\/\/lungo800.it\/wp-content\/uploads\/2013\/11\/B3\/B3_Bertolotti_12.jpg\"\n               title=\"Fig. 12 \u2013 Fotografia di sedute di Lina [Linda Gazzera] col dottor Imoda, fotografia del dottor Imoda, (tratta da: Cesare Lombroso, \u201cRicerche sui fenomeni ipnotici e spiritici\u201d, Utet, Torino 1909, p. 214; Biblioteca comunale teresiana, Mantova)\"\n               data-src=\"https:\/\/lungo800.it\/wp-content\/uploads\/2013\/11\/B3\/B3_Bertolotti_12.jpg\"\n               data-thumbnail=\"https:\/\/lungo800.it\/wp-content\/uploads\/2013\/11\/B3\/thumbs\/thumbs_B3_Bertolotti_12.jpg\"\n               data-image-id=\"320\"\n               data-title=\"Fig. 12 \u2013 Fotografia di sedute di Lina [Linda Gazzera] col dottor Imoda, fotografia del dottor Imoda, (tratta da: Cesare Lombroso, \u201cRicerche sui fenomeni ipnotici e spiritici\u201d, Utet, Torino 1909, p. 214; Biblioteca comunale teresiana, Mantova)\"\n               data-description=\"Fig. 12 \u2013 Fotografia di sedute di Lina [Linda Gazzera] col dottor Imoda, fotografia del dottor Imoda, (tratta da: Cesare Lombroso, \u201cRicerche sui fenomeni ipnotici e spiritici\u201d, Utet, Torino 1909, p. 214; Biblioteca comunale teresiana, Mantova)\"\n               data-image-slug=\"fig-12-fotografia-di-sedute-di-lina-linda-gazzera-col-dottor-imoda-fotografia-del-dottor-imoda-tratta-da-cesare-lombroso-ricerche-sui-fenomeni-ipnotici-e-spiritici\"\n               class=\"ngg-fancybox\" rel=\"123\">\n                <img\n                    title=\"Fig. 12 \u2013 Fotografia di sedute di Lina [Linda Gazzera] col dottor Imoda, fotografia del dottor Imoda, (tratta da: Cesare Lombroso, \u201cRicerche sui fenomeni ipnotici e spiritici\u201d, Utet, Torino 1909, p. 214; Biblioteca comunale teresiana, Mantova)\"\n                    alt=\"Fig. 12 \u2013 Fotografia di sedute di Lina [Linda Gazzera] col dottor Imoda, fotografia del dottor Imoda, (tratta da: Cesare Lombroso, \u201cRicerche sui fenomeni ipnotici e spiritici\u201d, Utet, Torino 1909, p. 214; Biblioteca comunale teresiana, Mantova)\"\n                    src=\"https:\/\/lungo800.it\/wp-content\/uploads\/2013\/11\/B3\/cache\/B3_Bertolotti_12-nggid03320-ngg0dyn-150x150x100-00f0w010c011r110f110r010t010.jpg\"\n                    width=\"150\"\n                    height=\"150\"\n                    style=\"max-width:100%;\"\n                \/>\n            <\/a>\n        <\/div>\n\t\t\t\t\t\t\t<\/div> \n\t\t\t\n        \n\t\t\t\t<div id=\"ngg-image-12\" class=\"ngg-gallery-thumbnail-box\" >\n\t\t\t\t        <div class=\"ngg-gallery-thumbnail\">\n            <a href=\"https:\/\/lungo800.it\/wp-content\/uploads\/2013\/11\/B3\/B3_Bertolotti_13.jpg\"\n               title=\"Fig. 13 \u2013 Fotografia di sedute di Lina [Linda Gazzera] col dottor Imoda, fotografia del dottor Imoda (tratta da: Cesare Lombroso, \u201cRicerche sui fenomeni ipnotici e spiritici\u201d, Utet, Torino 1909, p. 215; Biblioteca comunale teresiana, Mantova)\"\n               data-src=\"https:\/\/lungo800.it\/wp-content\/uploads\/2013\/11\/B3\/B3_Bertolotti_13.jpg\"\n               data-thumbnail=\"https:\/\/lungo800.it\/wp-content\/uploads\/2013\/11\/B3\/thumbs\/thumbs_B3_Bertolotti_13.jpg\"\n               data-image-id=\"321\"\n               data-title=\"Fig. 13 \u2013 Fotografia di sedute di Lina [Linda Gazzera] col dottor Imoda, fotografia del dottor Imoda (tratta da: Cesare Lombroso, \u201cRicerche sui fenomeni ipnotici e spiritici\u201d, Utet, Torino 1909, p. 215; Biblioteca comunale teresiana, Mantova)\"\n               data-description=\"Fig. 13 \u2013 Fotografia di sedute di Lina [Linda Gazzera] col dottor Imoda, fotografia del dottor Imoda (tratta da: Cesare Lombroso, \u201cRicerche sui fenomeni ipnotici e spiritici\u201d, Utet, Torino 1909, p. 215; Biblioteca comunale teresiana, Mantova)\"\n               data-image-slug=\"fig-13-fotografia-di-sedute-di-lina-linda-gazzera-col-dottor-imoda-fotografia-del-dottor-imoda-tratta-da-cesare-lombroso-ricerche-sui-fenomeni-ipnotici-e-spiritici\"\n               class=\"ngg-fancybox\" rel=\"123\">\n                <img\n                    title=\"Fig. 13 \u2013 Fotografia di sedute di Lina [Linda Gazzera] col dottor Imoda, fotografia del dottor Imoda (tratta da: Cesare Lombroso, \u201cRicerche sui fenomeni ipnotici e spiritici\u201d, Utet, Torino 1909, p. 215; Biblioteca comunale teresiana, Mantova)\"\n                    alt=\"Fig. 13 \u2013 Fotografia di sedute di Lina [Linda Gazzera] col dottor Imoda, fotografia del dottor Imoda (tratta da: Cesare Lombroso, \u201cRicerche sui fenomeni ipnotici e spiritici\u201d, Utet, Torino 1909, p. 215; Biblioteca comunale teresiana, Mantova)\"\n                    src=\"https:\/\/lungo800.it\/wp-content\/uploads\/2013\/11\/B3\/cache\/B3_Bertolotti_13-nggid03321-ngg0dyn-150x150x100-00f0w010c011r110f110r010t010.jpg\"\n                    width=\"150\"\n                    height=\"150\"\n                    style=\"max-width:100%;\"\n                \/>\n            <\/a>\n        <\/div>\n\t\t\t\t\t\t\t<\/div> \n\t\t\t\n        \n\t\t\t\t<div id=\"ngg-image-13\" class=\"ngg-gallery-thumbnail-box\" >\n\t\t\t\t        <div class=\"ngg-gallery-thumbnail\">\n            <a href=\"https:\/\/lungo800.it\/wp-content\/uploads\/2013\/11\/B3\/B3_Bertolotti_14.jpg\"\n               title=\"Fig. 14 \u2013 Calco su creta ottenuto dal dottor Ettore Chiaia durante i suoi esperimenti con la medium Eusapia Palladino (tratta da: Cesare Lombroso, \u201cRicerche sui fenomeni ipnotici e spiritici\u201d, Utet, Torino 1909, p. 67; Biblioteca comunale teresiana, Mantova)\"\n               data-src=\"https:\/\/lungo800.it\/wp-content\/uploads\/2013\/11\/B3\/B3_Bertolotti_14.jpg\"\n               data-thumbnail=\"https:\/\/lungo800.it\/wp-content\/uploads\/2013\/11\/B3\/thumbs\/thumbs_B3_Bertolotti_14.jpg\"\n               data-image-id=\"322\"\n               data-title=\"Fig. 14 \u2013 Calco su creta ottenuto dal dottor Ettore Chiaia durante i suoi esperimenti con la medium Eusapia Palladino (tratta da: Cesare Lombroso, \u201cRicerche sui fenomeni ipnotici e spiritici\u201d, Utet, Torino 1909, p. 67; Biblioteca comunale teresiana, Mantova)\"\n               data-description=\"Fig. 14 \u2013 Calco su creta ottenuto dal dottor Ettore Chiaia durante i suoi esperimenti con la medium Eusapia Palladino (tratta da: Cesare Lombroso, \u201cRicerche sui fenomeni ipnotici e spiritici\u201d, Utet, Torino 1909, p. 67; Biblioteca comunale teresiana, Mantova)\"\n               data-image-slug=\"fig-14-calco-su-creta-ottenuto-dal-dottor-ettore-chiaia-durante-i-suoi-esperimenti-con-la-medium-eusapia-palladino-tratta-da-cesare-lombroso-ricerche-sui-fenomeni-ipnotici-e-spi\"\n               class=\"ngg-fancybox\" rel=\"123\">\n                <img\n                    title=\"Fig. 14 \u2013 Calco su creta ottenuto dal dottor Ettore Chiaia durante i suoi esperimenti con la medium Eusapia Palladino (tratta da: Cesare Lombroso, \u201cRicerche sui fenomeni ipnotici e spiritici\u201d, Utet, Torino 1909, p. 67; Biblioteca comunale teresiana, Mantova)\"\n                    alt=\"Fig. 14 \u2013 Calco su creta ottenuto dal dottor Ettore Chiaia durante i suoi esperimenti con la medium Eusapia Palladino (tratta da: Cesare Lombroso, \u201cRicerche sui fenomeni ipnotici e spiritici\u201d, Utet, Torino 1909, p. 67; Biblioteca comunale teresiana, Mantova)\"\n                    src=\"https:\/\/lungo800.it\/wp-content\/uploads\/2013\/11\/B3\/cache\/B3_Bertolotti_14-nggid03322-ngg0dyn-150x150x100-00f0w010c011r110f110r010t010.jpg\"\n                    width=\"150\"\n                    height=\"150\"\n                    style=\"max-width:100%;\"\n                \/>\n            <\/a>\n        <\/div>\n\t\t\t\t\t\t\t<\/div> \n\t\t\t\n        \n\t\t\t\t<div id=\"ngg-image-14\" class=\"ngg-gallery-thumbnail-box\" >\n\t\t\t\t        <div class=\"ngg-gallery-thumbnail\">\n            <a href=\"https:\/\/lungo800.it\/wp-content\/uploads\/2013\/11\/B3\/B3_Bertolotti_15.jpg\"\n               title=\"Fig. 15 \u2013 Calco su creta ottenuto dal dottor Ettore Chiaia durante i suoi esperimenti con la medium Eusapia Palladino, da Cesare Lombroso, \u201cRicerche sui fenomeni ipnotici e spiritici\u201d, Utet, Torino 1909 (tratta da: Cesare Lombroso, \u201cRicerche sui fenomeni ipnotici e spiritici\u201d, Utet, Torino 1909, p. 68; Biblioteca comunale teresiana, Mantova)\"\n               data-src=\"https:\/\/lungo800.it\/wp-content\/uploads\/2013\/11\/B3\/B3_Bertolotti_15.jpg\"\n               data-thumbnail=\"https:\/\/lungo800.it\/wp-content\/uploads\/2013\/11\/B3\/thumbs\/thumbs_B3_Bertolotti_15.jpg\"\n               data-image-id=\"323\"\n               data-title=\"Fig. 15 \u2013 Calco su creta ottenuto dal dottor Ettore Chiaia durante i suoi esperimenti con la medium Eusapia Palladino, da Cesare Lombroso, \u201cRicerche sui fenomeni ipnotici e spiritici\u201d, Utet, Torino 1909 (tratta da: Cesare Lombroso, \u201cRicerche sui fenomeni ipnotici e spiritici\u201d, Utet, Torino 1909, p. 68; Biblioteca comunale teresiana, Mantova)\"\n               data-description=\"Fig. 15 \u2013 Calco su creta ottenuto dal dottor Ettore Chiaia durante i suoi esperimenti con la medium Eusapia Palladino, da Cesare Lombroso, \u201cRicerche sui fenomeni ipnotici e spiritici\u201d, Utet, Torino 1909 (tratta da: Cesare Lombroso, \u201cRicerche sui fenomeni ipnotici e spiritici\u201d, Utet, Torino 1909, p. 68; Biblioteca comunale teresiana, Mantova)\"\n               data-image-slug=\"fig-15-calco-su-creta-ottenuto-dal-dottor-ettore-chiaia-durante-i-suoi-esperimenti-con-la-medium-eusapia-palladino-da-cesare-lombroso-ricerche-sui-fenomeni-ipnotici-e-spiritici\"\n               class=\"ngg-fancybox\" rel=\"123\">\n                <img\n                    title=\"Fig. 15 \u2013 Calco su creta ottenuto dal dottor Ettore Chiaia durante i suoi esperimenti con la medium Eusapia Palladino, da Cesare Lombroso, \u201cRicerche sui fenomeni ipnotici e spiritici\u201d, Utet, Torino 1909 (tratta da: Cesare Lombroso, \u201cRicerche sui fenomeni ipnotici e spiritici\u201d, Utet, Torino 1909, p. 68; Biblioteca comunale teresiana, Mantova)\"\n                    alt=\"Fig. 15 \u2013 Calco su creta ottenuto dal dottor Ettore Chiaia durante i suoi esperimenti con la medium Eusapia Palladino, da Cesare Lombroso, \u201cRicerche sui fenomeni ipnotici e spiritici\u201d, Utet, Torino 1909 (tratta da: Cesare Lombroso, \u201cRicerche sui fenomeni ipnotici e spiritici\u201d, Utet, Torino 1909, p. 68; Biblioteca comunale teresiana, Mantova)\"\n                    src=\"https:\/\/lungo800.it\/wp-content\/uploads\/2013\/11\/B3\/cache\/B3_Bertolotti_15-nggid03323-ngg0dyn-150x150x100-00f0w010c011r110f110r010t010.jpg\"\n                    width=\"150\"\n                    height=\"150\"\n                    style=\"max-width:100%;\"\n                \/>\n            <\/a>\n        <\/div>\n\t\t\t\t\t\t\t<\/div> \n\t\t\t\n        \n\t\t\t\t<div id=\"ngg-image-15\" class=\"ngg-gallery-thumbnail-box\" >\n\t\t\t\t        <div class=\"ngg-gallery-thumbnail\">\n            <a href=\"https:\/\/lungo800.it\/wp-content\/uploads\/2013\/11\/B3\/B3_Bertolotti_16.jpg\"\n               title=\"Fig. 16 \u2013 Calco su creta ottenuto dal dottor Ettore Chiaia durante i suoi esperimenti con la medium Eusapia Palladino, da Cesare Lombroso, \u201cRicerche sui fenomeni ipnotici e spiritici\u201d, Utet, Torino 1909 (tratta da: Cesare Lombroso, \u201cRicerche sui fenomeni ipnotici e spiritici\u201d, Utet, Torino 1909, p. 69; Biblioteca comunale teresiana, Mantova)\"\n               data-src=\"https:\/\/lungo800.it\/wp-content\/uploads\/2013\/11\/B3\/B3_Bertolotti_16.jpg\"\n               data-thumbnail=\"https:\/\/lungo800.it\/wp-content\/uploads\/2013\/11\/B3\/thumbs\/thumbs_B3_Bertolotti_16.jpg\"\n               data-image-id=\"324\"\n               data-title=\"Fig. 16 \u2013 Calco su creta ottenuto dal dottor Ettore Chiaia durante i suoi esperimenti con la medium Eusapia Palladino, da Cesare Lombroso, \u201cRicerche sui fenomeni ipnotici e spiritici\u201d, Utet, Torino 1909 (tratta da: Cesare Lombroso, \u201cRicerche sui fenomeni ipnotici e spiritici\u201d, Utet, Torino 1909, p. 69; Biblioteca comunale teresiana, Mantova)\"\n               data-description=\"Fig. 16 \u2013 Calco su creta ottenuto dal dottor Ettore Chiaia durante i suoi esperimenti con la medium Eusapia Palladino, da Cesare Lombroso, \u201cRicerche sui fenomeni ipnotici e spiritici\u201d, Utet, Torino 1909 (tratta da: Cesare Lombroso, \u201cRicerche sui fenomeni ipnotici e spiritici\u201d, Utet, Torino 1909, p. 69; Biblioteca comunale teresiana, Mantova)\"\n               data-image-slug=\"fig-16-calco-su-creta-ottenuto-dal-dottor-ettore-chiaia-durante-i-suoi-esperimenti-con-la-medium-eusapia-palladino-da-cesare-lombroso-ricerche-sui-fenomeni-ipnotici-e-spiritici\"\n               class=\"ngg-fancybox\" rel=\"123\">\n                <img\n                    title=\"Fig. 16 \u2013 Calco su creta ottenuto dal dottor Ettore Chiaia durante i suoi esperimenti con la medium Eusapia Palladino, da Cesare Lombroso, \u201cRicerche sui fenomeni ipnotici e spiritici\u201d, Utet, Torino 1909 (tratta da: Cesare Lombroso, \u201cRicerche sui fenomeni ipnotici e spiritici\u201d, Utet, Torino 1909, p. 69; Biblioteca comunale teresiana, Mantova)\"\n                    alt=\"Fig. 16 \u2013 Calco su creta ottenuto dal dottor Ettore Chiaia durante i suoi esperimenti con la medium Eusapia Palladino, da Cesare Lombroso, \u201cRicerche sui fenomeni ipnotici e spiritici\u201d, Utet, Torino 1909 (tratta da: Cesare Lombroso, \u201cRicerche sui fenomeni ipnotici e spiritici\u201d, Utet, Torino 1909, p. 69; Biblioteca comunale teresiana, Mantova)\"\n                    src=\"https:\/\/lungo800.it\/wp-content\/uploads\/2013\/11\/B3\/cache\/B3_Bertolotti_16-nggid03324-ngg0dyn-150x150x100-00f0w010c011r110f110r010t010.jpg\"\n                    width=\"150\"\n                    height=\"150\"\n                    style=\"max-width:100%;\"\n                \/>\n            <\/a>\n        <\/div>\n\t\t\t\t\t\t\t<\/div> \n\t\t\t\n        \n\t\t\n\t\t<!-- Pagination -->\n\t<div class='ngg-clear'><\/div>\t<\/div>\n<\/div>\n","protected":false},"excerpt":{"rendered":"<p>di Costanza Bertolotti Il saggio riconsidera l\u2019interesse dei futuristi per l\u2019occultismo alla luce delle esperienze sociali condivise da cui scatur\u00ec la loro ricerca formale, nonch\u00e9 le concezioni sociali e politiche a essa sottese. L\u2019esperienza della folla, che Boccioni, Carr\u00e0, Russolo e Severini rappresentarono in alcune celebri tele, permette una comprensione pi\u00f9 puntuale della poetica futurista [&hellip;]<\/p>\n","protected":false},"author":1,"featured_media":0,"comment_status":"open","ping_status":"open","sticky":false,"template":"","format":"standard","meta":{"ngg_post_thumbnail":0},"categories":[3],"tags":[],"_links":{"self":[{"href":"https:\/\/lungo800.it\/index.php?rest_route=\/wp\/v2\/posts\/57"}],"collection":[{"href":"https:\/\/lungo800.it\/index.php?rest_route=\/wp\/v2\/posts"}],"about":[{"href":"https:\/\/lungo800.it\/index.php?rest_route=\/wp\/v2\/types\/post"}],"author":[{"embeddable":true,"href":"https:\/\/lungo800.it\/index.php?rest_route=\/wp\/v2\/users\/1"}],"replies":[{"embeddable":true,"href":"https:\/\/lungo800.it\/index.php?rest_route=%2Fwp%2Fv2%2Fcomments&post=57"}],"version-history":[{"count":4,"href":"https:\/\/lungo800.it\/index.php?rest_route=\/wp\/v2\/posts\/57\/revisions"}],"predecessor-version":[{"id":508,"href":"https:\/\/lungo800.it\/index.php?rest_route=\/wp\/v2\/posts\/57\/revisions\/508"}],"wp:attachment":[{"href":"https:\/\/lungo800.it\/index.php?rest_route=%2Fwp%2Fv2%2Fmedia&parent=57"}],"wp:term":[{"taxonomy":"category","embeddable":true,"href":"https:\/\/lungo800.it\/index.php?rest_route=%2Fwp%2Fv2%2Fcategories&post=57"},{"taxonomy":"post_tag","embeddable":true,"href":"https:\/\/lungo800.it\/index.php?rest_route=%2Fwp%2Fv2%2Ftags&post=57"}],"curies":[{"name":"wp","href":"https:\/\/api.w.org\/{rel}","templated":true}]}}