{"id":584,"date":"2014-01-18T10:06:54","date_gmt":"2014-01-18T09:06:54","guid":{"rendered":"http:\/\/lungo800.it\/?p=584"},"modified":"2015-05-05T15:32:46","modified_gmt":"2015-05-05T13:32:46","slug":"le-presentazioni","status":"publish","type":"post","link":"https:\/\/lungo800.it\/?p=584","title":{"rendered":"Le presentazioni"},"content":{"rendered":"<p>&nbsp;<\/p>\n<h2 style=\"text-align: center;\"><strong>Mercoled\u00ec 6 maggio 2015 ore 14:30<\/strong><\/h2>\n<h2 style=\"text-align: center;\"><strong>Universit\u00e0 di Padova<\/strong><\/h2>\n<h2 style=\"text-align: center;\"><strong>Corso di dottorato in studi storici, geografici, antropologici<\/strong><\/h2>\n<h2 style=\"text-align: center;\">Palazzo Jonoch, Aula Bortolami<\/h2>\n<p>&nbsp;<\/p>\n<h2 style=\"text-align: center;\"><\/h2>\n<h2 style=\"text-align: center;\"><\/h2>\n<h2 style=\"text-align: center;\"><span style=\"color: #800000;\"><strong>Visualit\u00e0 ottocentesca<\/strong><\/span><\/h2>\n<p><span style=\"color: #800000;\">\u00a0<\/span><\/p>\n<h2 style=\"text-align: center;\"><\/h2>\n<h2 style=\"text-align: center;\">Enrico Francia, Gian Luca Fruci, Alessio Petrizzo<\/h2>\n<h2 style=\"text-align: center;\">dialogano a partire da<\/h2>\n<p>&nbsp;<\/p>\n<h2 style=\"text-align: center;\"><span style=\"color: #800000;\">Il lungo Ottocento e le sue immagini. Politica, media, spettacolo<\/span><\/h2>\n<h2 style=\"text-align: center;\">a cura di Vinzia Fiorino, Gian Luca Fruci, Alessio Petrizzo (ETS, Pisa 2013)<\/h2>\n<p>&nbsp;<\/p>\n<h2 style=\"text-align: center;\">(<a href=\"http:\/\/lungo800.it\/wp-content\/uploads\/2015\/05\/CULTVIS2.pdf\">la locandina<\/a>)<\/h2>\n<div style=\"text-align: center;\">\n<p>&nbsp;<\/p>\n<\/div>\n<p>&nbsp;<\/p>\n<p>&nbsp;<\/p>\n<p>&nbsp;<\/p>\n<p>&nbsp;<\/p>\n<h2 style=\"text-align: center;\"><\/h2>\n<h2 style=\"text-align: center;\"><\/h2>\n<h2 style=\"text-align: center;\"><\/h2>\n<h2 style=\"text-align: center;\"><strong>Venerd\u00ec 6 marzo 2015 ore 11<\/strong><\/h2>\n<h2 style=\"text-align: center;\"><strong>Universit\u00e0 Ca&#8217; Foscari Venezia<\/strong><\/h2>\n<h2 style=\"text-align: center;\"><strong>Dipartimento di Studi umanistici<\/strong><\/h2>\n<h2 style=\"text-align: center;\">Palazzo Malcanton Marcor\u00e0, Sala Grande<\/h2>\n<p>&nbsp;<\/p>\n<h2 style=\"text-align: center;\"><\/h2>\n<h2 style=\"text-align: center;\"><span style=\"color: #800000;\">Il lungo Ottocento e le sue immagini. Politica, media, spettacolo<\/span><\/h2>\n<h2 style=\"text-align: center;\">a cura di Vinzia Fiorino, Gian Luca Fruci, Alessio Petrizzo (ETS, Pisa 2013)<\/h2>\n<p>&nbsp;<\/p>\n<h2 style=\"text-align: center;\">Nico Stringa (Ca&#8217; Foscari)<\/h2>\n<h2 style=\"text-align: center;\">Enrico Francia (Universit\u00e0 di Padova)<\/h2>\n<h2 style=\"text-align: center;\"><\/h2>\n<h2 style=\"text-align: center;\"><\/h2>\n<p>&nbsp;<\/p>\n<h2 style=\"text-align: center;\">dialogano con i curatori<\/h2>\n<h2 style=\"text-align: center;\"><\/h2>\n<p>&nbsp;<\/p>\n<p>&nbsp;<\/p>\n<p>&nbsp;<\/p>\n<p>&nbsp;<\/p>\n<h2 style=\"text-align: center;\"><\/h2>\n<h2 style=\"text-align: center;\"><\/h2>\n<h2 style=\"text-align: center;\"><\/h2>\n<h2 style=\"text-align: center;\"><strong>Domenica 16 novembre 2014 ore 11<\/strong><\/h2>\n<h2 style=\"text-align: center;\"><strong>Bookcity Festival Milano\u00a0<\/strong><\/h2>\n<h2 style=\"text-align: center;\"><strong>Teatro Franco Parenti<\/strong><\/h2>\n<h2 style=\"text-align: center;\">Via Pier Lombardo 14<\/h2>\n<p>&nbsp;<\/p>\n<h2 style=\"text-align: center;\"><\/h2>\n<h2 style=\"text-align: center;\"><strong>\u00a0<span style=\"color: #800000;\">Alle origini della societ\u00e0 dello spettacolo<\/span><\/strong><\/h2>\n<p>&nbsp;<\/p>\n<h2><\/h2>\n<h2 style=\"text-align: center;\"><\/h2>\n<h2 style=\"text-align: center;\">Maria Canella (Universit\u00e0 di Milano)<\/h2>\n<h2 style=\"text-align: center;\">Luisella Farinotti (IULM, Milano)<\/h2>\n<h2 style=\"text-align: center;\">Silvano Montaldo (Universit\u00e0 di Torino)<\/h2>\n<p>&nbsp;<\/p>\n<h2 style=\"text-align: center;\">discutono con i curatori<\/h2>\n<p>&nbsp;<\/p>\n<h2 style=\"text-align: center;\"><\/h2>\n<h2 style=\"text-align: center;\"><span style=\"color: #800000;\">Il lungo Ottocento e le sue immagini. Politica, media, spettacolo<\/span><\/h2>\n<h2 style=\"text-align: center;\">a cura di Vinzia Fiorino, Gian Luca Fruci, Alessio Petrizzo (ETS, Pisa 2013)<\/h2>\n<h2 style=\"text-align: center;\"><\/h2>\n<p>&nbsp;<\/p>\n<h2 style=\"text-align: center;\"><a href=\"http:\/\/www.bookcitymilano.it\/scheda-evento\/alle-origini-della-societ-dello-spettacolo-con-maria-canella-luisella-farinotti-vinzia-fiorino-gian-luca-fruci-silvano-montaldo-alessio-petrizzo\" target=\"_blank\">(il programma)<\/a><\/h2>\n<p>&nbsp;<\/p>\n<p>&nbsp;<\/p>\n<p>&nbsp;<\/p>\n<p>&nbsp;<\/p>\n<p>&nbsp;<\/p>\n<h2 style=\"text-align: center;\"><\/h2>\n<h2 style=\"text-align: center;\"><strong>Marted\u00ec 28 ottobre 2014 ore 16<\/strong><\/h2>\n<h2 style=\"text-align: center;\"><strong>Pisa\u00a0<\/strong><\/h2>\n<h2 style=\"text-align: center;\"><strong>Dipartimento di Civilt\u00e0 e forme del sapere<\/strong><\/h2>\n<h2 style=\"text-align: center;\">Via Pasquale Paoli 10<\/h2>\n<h2 style=\"text-align: center;\">Aula FIL-2<\/h2>\n<h2 style=\"text-align: center;\"><\/h2>\n<p>&nbsp;<\/p>\n<h2 style=\"text-align: center;\"><\/h2>\n<h2 style=\"text-align: center;\">Alberto Mario Banti (Universit\u00e0 di Pisa)<\/h2>\n<h2 style=\"text-align: center;\">Ferdinando Fasce (Universit\u00e0 di Genova)<\/h2>\n<h2 style=\"text-align: center;\">Massimo Ferretti (Scuola Normale Superiore, Pisa)<\/h2>\n<h2 style=\"text-align: center;\"><\/h2>\n<p>&nbsp;<\/p>\n<h2 style=\"text-align: center;\">discutono con i curatori<\/h2>\n<h2 style=\"text-align: center;\"><\/h2>\n<p>&nbsp;<\/p>\n<h2 style=\"text-align: center;\"><span style=\"color: #800000;\">Il lungo Ottocento e le sue immagini. Politica, media, spettacolo<\/span><\/h2>\n<h2 style=\"text-align: center;\">a cura di Vinzia Fiorino, Gian Luca Fruci, Alessio Petrizzo (ETS, Pisa 2013)<\/h2>\n<h2 style=\"text-align: center;\"><\/h2>\n<p>&nbsp;<\/p>\n<h2 style=\"text-align: center;\">Modera Arnaldo Testi (Universit\u00e0 di Pisa)<\/h2>\n<h2 style=\"text-align: center;\"><\/h2>\n<h2 style=\"text-align: center;\"><\/h2>\n<p>&nbsp;<\/p>\n<h2 style=\"text-align: center;\"><a href=\"http:\/\/lungo800.it\/wp-content\/uploads\/2014\/01\/Locandina-L800-Pisa.pdf\">(la locandina)<\/a><\/h2>\n<h2><\/h2>\n<p>&nbsp;<\/p>\n<p>&nbsp;<\/p>\n<p>&nbsp;<\/p>\n<p>&nbsp;<\/p>\n<p>&nbsp;<\/p>\n<p>&nbsp;<\/p>\n<h2 style=\"text-align: center;\"><\/h2>\n<h2 style=\"text-align: center;\"><\/h2>\n<h2 style=\"text-align: center;\"><strong>Luned\u00ec 22 settembre 2014 ore 10:30<\/strong><\/h2>\n<h2 style=\"text-align: center;\"><strong>Siena\u00a0<\/strong><\/h2>\n<h2 style=\"text-align: center;\"><strong>Dipartimento di Scienze politiche e internazionali<\/strong><\/h2>\n<h2 style=\"text-align: center;\">Via Mattioli 10<\/h2>\n<p>&nbsp;<\/p>\n<h2 style=\"text-align: center;\">Dottorato in Studi storici, Universit\u00e0 di Firenze e Siena<\/h2>\n<h2 style=\"text-align: center;\">&#8220;Incontri con giovani ricercatori&#8221;<\/h2>\n<p>&nbsp;<\/p>\n<h2 style=\"text-align: center;\"><\/h2>\n<h2 style=\"text-align: center;\">Gian Luca Fruci e Alessio Petrizzo<\/h2>\n<h2 style=\"text-align: center;\"><span style=\"color: #800000;\">Immagini del lungo Ottocento. Politica, media, spettacolo<\/span><\/h2>\n<p><span style=\"color: #800000;\">\u00a0<\/span><\/p>\n<h2 style=\"text-align: center;\"><\/h2>\n<h2 style=\"text-align: center;\"><\/h2>\n<h2 style=\"text-align: center;\"><\/h2>\n<h2 style=\"text-align: center;\"><\/h2>\n<p>&nbsp;<\/p>\n<p>&nbsp;<\/p>\n<p>&nbsp;<\/p>\n<p>&nbsp;<\/p>\n<p>&nbsp;<\/p>\n<h2 style=\"text-align: center;\"><\/h2>\n<h2 style=\"text-align: center;\"><\/h2>\n<h2 style=\"text-align: center;\"><strong>Luned\u00ec 5 maggio 2014 ore 18<\/strong><\/h2>\n<h2 style=\"text-align: center;\"><strong>Roma<\/strong><\/h2>\n<h2 style=\"text-align: center;\"><strong>Biblioteca del Senato<\/strong><\/h2>\n<h2 style=\"text-align: center;\"><strong>Sala degli Atti parlamentari<\/strong><\/h2>\n<p>&nbsp;<\/p>\n<p>&nbsp;<\/p>\n<h2 style=\"text-align: center;\">Maria Pia Critelli (Biblioteca di storia moderna e contemporanea, Roma)<\/h2>\n<h2 style=\"text-align: center;\">Marina d&#8217;Amelia (Sapienza Universit\u00e0 di Roma)<\/h2>\n<h2 style=\"text-align: center;\">Raffaele Romanelli (Dizionario biografico degli italiani, Treccani)<\/h2>\n<h2 style=\"text-align: center;\">Maria Antonella Pelizzari (City University of New York)<\/h2>\n<h2 style=\"text-align: center;\">discutono con i curatori<\/h2>\n<h2 style=\"text-align: center;\"><\/h2>\n<p>&nbsp;<\/p>\n<h2 style=\"text-align: center;\"><span style=\"color: #800000;\">Il lungo Ottocento e le sue immagini. Politica, media, spettacolo<\/span><\/h2>\n<h2 style=\"text-align: center;\">a cura di Vinzia Fiorino, Gian Luca Fruci, Alessio Petrizzo (ETS, Pisa 2013)<\/h2>\n<h2 style=\"text-align: center;\"><\/h2>\n<p>&nbsp;<\/p>\n<h2 style=\"text-align: center;\"><span class=\"Apple-style-span\" style=\"font-size: 14px;\"><span class=\"Apple-style-span\" style=\"font-size: 21px;\">Coordina<\/span><\/span><span class=\"Apple-style-span\" style=\"font-size: 14px;\"><span class=\"Apple-style-span\" style=\"font-size: 21px;\"> Rosan<\/span><\/span><span class=\"Apple-style-span\" style=\"font-size: 14px;\"><span class=\"Apple-style-span\" style=\"font-size: 21px;\">na<\/span><\/span><span class=\"Apple-style-span\" style=\"font-size: 14px;\"><span class=\"Apple-style-span\" style=\"font-size: 21px;\"> Scatamacchia (Uninettuno)<\/span><\/span><\/h2>\n<h2 style=\"text-align: center;\"><\/h2>\n<p>&nbsp;<\/p>\n<h2 style=\"text-align: center;\"><span class=\"Apple-style-span\" style=\"font-size: 14px;\"><span class=\"Apple-style-span\" style=\"font-size: 21px;\">(<a href=\"http:\/\/www.senato.it\/3416?voce_sommario=52\">l&#8217;invito<\/a>)<\/span><\/span><\/h2>\n<div><strong>\u00a0<\/strong><\/div>\n<p>&nbsp;<\/p>\n<p>&nbsp;<\/p>\n<p>&nbsp;<\/p>\n<p>&nbsp;<\/p>\n<p>&nbsp;<\/p>\n<p>&nbsp;<\/p>\n<h2 style=\"text-align: center;\"><strong>Luned\u00ec 17 marzo 2014 ore 17<\/strong><\/h2>\n<h2 style=\"text-align: center;\"><strong>Mantova<\/strong><\/h2>\n<h2 style=\"text-align: center;\"><strong>Sala delle Colonne del Centro &#8220;Baratta&#8221;<\/strong><\/h2>\n<h2 style=\"text-align: center;\">corso Garibaldi 88<\/h2>\n<p>&nbsp;<\/p>\n<h2 style=\"text-align: center;\">Gianluca Albergoni (Universit\u00e0 di Pavia)<\/h2>\n<h2 style=\"text-align: center;\">Marco Manfredi (Universit\u00e0 di Pisa)<\/h2>\n<h2 style=\"text-align: center;\">discutono con i curatori<\/h2>\n<p>&nbsp;<\/p>\n<h2 style=\"text-align: center;\"><span style=\"color: #800000;\">Il lungo Ottocento e le sue immagini. Politica, media, spettacolo<\/span><\/h2>\n<h2 style=\"text-align: center;\">a cura di Vinzia Fiorino, Gian Luca Fruci, Alessio Petrizzo (ETS, Pisa 2013)<\/h2>\n<h2 style=\"text-align: center;\"><\/h2>\n<p>&nbsp;<\/p>\n<h2 style=\"text-align: center;\">Coordina Giancorrado Barozzi<\/h2>\n<h2 style=\"text-align: center;\"><\/h2>\n<p>&nbsp;<\/p>\n<h2 style=\"text-align: center;\">(<a href=\"http:\/\/lungo800.it\/wp-content\/uploads\/2014\/01\/L800-Mantova-17-marzo.pdf\">la locandina<\/a>)<\/h2>\n<h2 style=\"text-align: center;\"><\/h2>\n<p>&nbsp;<\/p>\n<p>&nbsp;<\/p>\n<p>&nbsp;<\/p>\n<p>&nbsp;<\/p>\n<p>&nbsp;<\/p>\n<p>&nbsp;<\/p>\n<p>&nbsp;<\/p>\n<h2 style=\"text-align: center;\"><\/h2>\n<h2 style=\"text-align: center;\"><strong>Gioved\u00ec 20 febbraio 2014 ore 14.30<\/strong><\/h2>\n<h2 style=\"text-align: center;\"><strong>Universit\u00e0 degli studi di Bologna<\/strong><\/h2>\n<h2 style=\"text-align: center;\"><strong>Aula Gambi Dipartimento di Storia, culture e civilt\u00e0<\/strong><\/h2>\n<h2 style=\"text-align: center;\">Piazza San Giovanni in Monte 2<\/h2>\n<p>&nbsp;<\/p>\n<h2><\/h2>\n<h2 style=\"text-align: center;\">Fulvio Cammarano e Ilaria Porciani discutono il volume<\/h2>\n<h2 style=\"text-align: center;\"><\/h2>\n<p>&nbsp;<\/p>\n<h2 style=\"text-align: center;\"><span style=\"color: #800000;\">Il lungo Ottocento e le sue immagini. Politica, media, spettacolo<\/span><\/h2>\n<h2 style=\"text-align: center;\">a cura di Vinzia Fiorino, Gian Luca Fruci, Alessio Petrizzo (ETS, Pisa 2013)<\/h2>\n<p>&nbsp;<\/p>\n<h2><\/h2>\n<h2 style=\"text-align: center;\">Saranno presenti i curatori<\/h2>\n<p>&nbsp;<\/p>\n<h2 style=\"text-align: center;\">Coordina Paolo Capuzzo<\/h2>\n<p>&nbsp;<\/p>\n<h2><\/h2>\n<h2><\/h2>\n<h2 style=\"text-align: center;\">(<a href=\"http:\/\/lungo800.it\/wp-content\/uploads\/2014\/01\/Locandina-Lungo-Ottocento.pdf\">la locandina<\/a>)<\/h2>\n<p>&nbsp;<\/p>\n","protected":false},"excerpt":{"rendered":"<p>&nbsp; Mercoled\u00ec 6 maggio 2015 ore 14:30 Universit\u00e0 di Padova Corso di dottorato in studi storici, geografici, antropologici Palazzo Jonoch, Aula Bortolami &nbsp; Visualit\u00e0 ottocentesca \u00a0 Enrico Francia, Gian Luca Fruci, Alessio Petrizzo dialogano a partire da &nbsp; Il lungo Ottocento e le sue immagini. Politica, media, spettacolo a cura di Vinzia Fiorino, Gian Luca [&hellip;]<\/p>\n","protected":false},"author":1,"featured_media":0,"comment_status":"closed","ping_status":"open","sticky":false,"template":"","format":"standard","meta":{"ngg_post_thumbnail":0},"categories":[1],"tags":[],"_links":{"self":[{"href":"https:\/\/lungo800.it\/index.php?rest_route=\/wp\/v2\/posts\/584"}],"collection":[{"href":"https:\/\/lungo800.it\/index.php?rest_route=\/wp\/v2\/posts"}],"about":[{"href":"https:\/\/lungo800.it\/index.php?rest_route=\/wp\/v2\/types\/post"}],"author":[{"embeddable":true,"href":"https:\/\/lungo800.it\/index.php?rest_route=\/wp\/v2\/users\/1"}],"replies":[{"embeddable":true,"href":"https:\/\/lungo800.it\/index.php?rest_route=%2Fwp%2Fv2%2Fcomments&post=584"}],"version-history":[{"count":38,"href":"https:\/\/lungo800.it\/index.php?rest_route=\/wp\/v2\/posts\/584\/revisions"}],"predecessor-version":[{"id":641,"href":"https:\/\/lungo800.it\/index.php?rest_route=\/wp\/v2\/posts\/584\/revisions\/641"}],"wp:attachment":[{"href":"https:\/\/lungo800.it\/index.php?rest_route=%2Fwp%2Fv2%2Fmedia&parent=584"}],"wp:term":[{"taxonomy":"category","embeddable":true,"href":"https:\/\/lungo800.it\/index.php?rest_route=%2Fwp%2Fv2%2Fcategories&post=584"},{"taxonomy":"post_tag","embeddable":true,"href":"https:\/\/lungo800.it\/index.php?rest_route=%2Fwp%2Fv2%2Ftags&post=584"}],"curies":[{"name":"wp","href":"https:\/\/api.w.org\/{rel}","templated":true}]}}