{"id":61,"date":"2014-01-03T21:49:36","date_gmt":"2014-01-03T20:49:36","guid":{"rendered":"http:\/\/lungo800.it\/?p=61"},"modified":"2014-01-08T17:00:58","modified_gmt":"2014-01-08T16:00:58","slug":"celebrita-dive-dandies-il-mito-fotografico-tra-belle-epoque-e-modernismo","status":"publish","type":"post","link":"https:\/\/lungo800.it\/?p=61","title":{"rendered":"Celebrit\u00e0, dive, dandies.<br\/> Il mito fotografico tra belle \u00e9poque e modernismo"},"content":{"rendered":"<p style=\"text-align: right;\">di Federica Muzzarelli<\/p>\n<p>Il saggio ruota attorno alla nozione di \u201ccelebrit\u00e0\u201d e al ruolo che il mezzo fotografico ha avuto nel determinarne la definizione fra Otto e Novecento. Se lo strumento fotografico \u00e8 ci\u00f2 che ha permesso ai miti di diventare delle celebrit\u00e0, \u00e8 perch\u00e9 questa dimensione ha a che vedere con un\u2019estensione spaziale cos\u00ec ampia, ed \u00e8 resa concreta da testimonianze visive che devono essere riproducibili in tali quantit\u00e0, da non poterla immaginare come preesistente all\u2019invenzione di un mezzo di riproduzione tecnologico. \u00c8 solo con la fotografia che si afferma la possibilit\u00e0 dell\u2019autocostruzione mediatica nel culto della propria immagine. Per un narcisista esperto di comunicazione come Gabriele D\u2019Annunzio, un\u2019egocentrica divenuta stereotipo dell\u2019immaginario collettivo come Cl\u00e9o de M\u00e9rode, una new woman trasgressiva e controcorrente come Nancy Cunard, l\u2019immagine fotografica non pu\u00f2 che costituire un valido e inedito passaporto per l\u2019eternit\u00e0 e, dunque, per il mito.<\/p>\n<p>&nbsp;<\/p>\n<div style=\"margin: 0 11%;\"><!-- index.php -->\n<div\n\tclass=\"ngg-galleryoverview\"\n\tid=\"ngg-gallery-127-1\">\n\n    \t\t<!-- Thumbnails -->\n\t\t\t\t<div id=\"ngg-image-0\" class=\"ngg-gallery-thumbnail-box\" >\n\t\t\t\t        <div class=\"ngg-gallery-thumbnail\">\n            <a href=\"https:\/\/lungo800.it\/wp-content\/uploads\/2013\/11\/C2\/C2_Muzzarelli1.jpg\"\n               title=\"Fig. 1 \u2013 Paul Nadar, \u00abCl\u00e9o de M\u00e9rode\u00bb, fotografia, 1894 (Archives photographiques de la Me\u0301diathe\u0300que de l&#039;architecture et du patrimoine, Paris)\"\n               data-src=\"https:\/\/lungo800.it\/wp-content\/uploads\/2013\/11\/C2\/C2_Muzzarelli1.jpg\"\n               data-thumbnail=\"https:\/\/lungo800.it\/wp-content\/uploads\/2013\/11\/C2\/thumbs\/thumbs_C2_Muzzarelli1.jpg\"\n               data-image-id=\"337\"\n               data-title=\"Fig. 1 \u2013 Paul Nadar, \u00abCl\u00e9o de M\u00e9rode\u00bb, fotografia, 1894 (Archives photographiques de la Me\u0301diathe\u0300que de l&#039;architecture et du patrimoine, Paris)\"\n               data-description=\"Fig. 1 \u2013 Paul Nadar, \u00abCl\u00e9o de M\u00e9rode\u00bb, fotografia, 1894 (Archives photographiques de la Me\u0301diathe\u0300que de l&#039;architecture et du patrimoine, Paris)\"\n               data-image-slug=\"fig-1-paul-nadar-cleo-de-merode-fotografia-1894-archives-photographiques-de-la-mediatheque-de-larchitecture-et-du-patrimoine-paris\"\n               class=\"ngg-fancybox\" rel=\"127\">\n                <img\n                    title=\"Fig. 1 \u2013 Paul Nadar, \u00abCl\u00e9o de M\u00e9rode\u00bb, fotografia, 1894 (Archives photographiques de la Me\u0301diathe\u0300que de l&#039;architecture et du patrimoine, Paris)\"\n                    alt=\"Fig. 1 \u2013 Paul Nadar, \u00abCl\u00e9o de M\u00e9rode\u00bb, fotografia, 1894 (Archives photographiques de la Me\u0301diathe\u0300que de l&#039;architecture et du patrimoine, Paris)\"\n                    src=\"https:\/\/lungo800.it\/wp-content\/uploads\/2013\/11\/C2\/cache\/C2_Muzzarelli1-nggid03337-ngg0dyn-150x150x100-00f0w010c011r110f110r010t010.jpg\"\n                    width=\"150\"\n                    height=\"150\"\n                    style=\"max-width:100%;\"\n                \/>\n            <\/a>\n        <\/div>\n\t\t\t\t\t\t\t<\/div> \n\t\t\t\n        \n\t\t\t\t<div id=\"ngg-image-1\" class=\"ngg-gallery-thumbnail-box\" >\n\t\t\t\t        <div class=\"ngg-gallery-thumbnail\">\n            <a href=\"https:\/\/lungo800.it\/wp-content\/uploads\/2013\/11\/C2\/C2_Muzzarelli2.jpg\"\n               title=\"Fig. 2 \u2013 Paul Nadar, \u00abCl\u00e9o de M\u00e9rode\u00bb, fotografia, 1894 (Archives photographiques de la Me\u0301diathe\u0300que de l&#039;architecture et du patrimoine, Paris)\"\n               data-src=\"https:\/\/lungo800.it\/wp-content\/uploads\/2013\/11\/C2\/C2_Muzzarelli2.jpg\"\n               data-thumbnail=\"https:\/\/lungo800.it\/wp-content\/uploads\/2013\/11\/C2\/thumbs\/thumbs_C2_Muzzarelli2.jpg\"\n               data-image-id=\"338\"\n               data-title=\"Fig. 2 \u2013 Paul Nadar, \u00abCl\u00e9o de M\u00e9rode\u00bb, fotografia, 1894 (Archives photographiques de la Me\u0301diathe\u0300que de l&#039;architecture et du patrimoine, Paris)\"\n               data-description=\"Fig. 2 \u2013 Paul Nadar, \u00abCl\u00e9o de M\u00e9rode\u00bb, fotografia, 1894 (Archives photographiques de la Me\u0301diathe\u0300que de l&#039;architecture et du patrimoine, Paris)\"\n               data-image-slug=\"fig-2-paul-nadar-cleo-de-merode-fotografia-1894-archives-photographiques-de-la-mediatheque-de-larchitecture-et-du-patrimoine-paris\"\n               class=\"ngg-fancybox\" rel=\"127\">\n                <img\n                    title=\"Fig. 2 \u2013 Paul Nadar, \u00abCl\u00e9o de M\u00e9rode\u00bb, fotografia, 1894 (Archives photographiques de la Me\u0301diathe\u0300que de l&#039;architecture et du patrimoine, Paris)\"\n                    alt=\"Fig. 2 \u2013 Paul Nadar, \u00abCl\u00e9o de M\u00e9rode\u00bb, fotografia, 1894 (Archives photographiques de la Me\u0301diathe\u0300que de l&#039;architecture et du patrimoine, Paris)\"\n                    src=\"https:\/\/lungo800.it\/wp-content\/uploads\/2013\/11\/C2\/cache\/C2_Muzzarelli2-nggid03338-ngg0dyn-150x150x100-00f0w010c011r110f110r010t010.jpg\"\n                    width=\"150\"\n                    height=\"150\"\n                    style=\"max-width:100%;\"\n                \/>\n            <\/a>\n        <\/div>\n\t\t\t\t\t\t\t<\/div> \n\t\t\t\n        \n\t\t\t\t<div id=\"ngg-image-2\" class=\"ngg-gallery-thumbnail-box\" >\n\t\t\t\t        <div class=\"ngg-gallery-thumbnail\">\n            <a href=\"https:\/\/lungo800.it\/wp-content\/uploads\/2013\/11\/C2\/C2_Muzzarelli3.jpg\"\n               title=\"Fig. 3 \u2013 Le\u0301opold Reutlinger, Cle\u0301o vestita per il balletto Les Danses Javanaises, fotografia, 1899 (collezione privata)\"\n               data-src=\"https:\/\/lungo800.it\/wp-content\/uploads\/2013\/11\/C2\/C2_Muzzarelli3.jpg\"\n               data-thumbnail=\"https:\/\/lungo800.it\/wp-content\/uploads\/2013\/11\/C2\/thumbs\/thumbs_C2_Muzzarelli3.jpg\"\n               data-image-id=\"339\"\n               data-title=\"Fig. 3 \u2013 Le\u0301opold Reutlinger, Cle\u0301o vestita per il balletto Les Danses Javanaises, fotografia, 1899 (collezione privata)\"\n               data-description=\"Fig. 3 \u2013 Le\u0301opold Reutlinger, Cle\u0301o vestita per il balletto Les Danses Javanaises, fotografia, 1899 (collezione privata)\"\n               data-image-slug=\"fig-3-leopold-reutlinger-cleo-vestita-per-il-balletto-les-danses-javanaises-fotografia-1899-collezione-privata\"\n               class=\"ngg-fancybox\" rel=\"127\">\n                <img\n                    title=\"Fig. 3 \u2013 Le\u0301opold Reutlinger, Cle\u0301o vestita per il balletto Les Danses Javanaises, fotografia, 1899 (collezione privata)\"\n                    alt=\"Fig. 3 \u2013 Le\u0301opold Reutlinger, Cle\u0301o vestita per il balletto Les Danses Javanaises, fotografia, 1899 (collezione privata)\"\n                    src=\"https:\/\/lungo800.it\/wp-content\/uploads\/2013\/11\/C2\/cache\/C2_Muzzarelli3-nggid03339-ngg0dyn-150x150x100-00f0w010c011r110f110r010t010.jpg\"\n                    width=\"150\"\n                    height=\"150\"\n                    style=\"max-width:100%;\"\n                \/>\n            <\/a>\n        <\/div>\n\t\t\t\t\t\t\t<\/div> \n\t\t\t\n        \n\t\t\t\t<div id=\"ngg-image-3\" class=\"ngg-gallery-thumbnail-box\" >\n\t\t\t\t        <div class=\"ngg-gallery-thumbnail\">\n            <a href=\"https:\/\/lungo800.it\/wp-content\/uploads\/2013\/11\/C2\/C2_Muzzarelli4.jpg\"\n               title=\"Fig. 4 \u2013 Cartoline postali tratte da fotografie di Le\u0301opold Reutlinger con ritratti di Cle\u0301o de Me\u0301rode, 1900 circa (collezione privata)\"\n               data-src=\"https:\/\/lungo800.it\/wp-content\/uploads\/2013\/11\/C2\/C2_Muzzarelli4.jpg\"\n               data-thumbnail=\"https:\/\/lungo800.it\/wp-content\/uploads\/2013\/11\/C2\/thumbs\/thumbs_C2_Muzzarelli4.jpg\"\n               data-image-id=\"340\"\n               data-title=\"Fig. 4 \u2013 Cartoline postali tratte da fotografie di Le\u0301opold Reutlinger con ritratti di Cle\u0301o de Me\u0301rode, 1900 circa (collezione privata)\"\n               data-description=\"Fig. 4 \u2013 Cartoline postali tratte da fotografie di Le\u0301opold Reutlinger con ritratti di Cle\u0301o de Me\u0301rode, 1900 circa (collezione privata)\"\n               data-image-slug=\"fig-4-cartoline-postali-tratte-da-fotografie-di-leopold-reutlinger-con-ritratti-di-cleo-de-merode-1900-circa-collezione-privata\"\n               class=\"ngg-fancybox\" rel=\"127\">\n                <img\n                    title=\"Fig. 4 \u2013 Cartoline postali tratte da fotografie di Le\u0301opold Reutlinger con ritratti di Cle\u0301o de Me\u0301rode, 1900 circa (collezione privata)\"\n                    alt=\"Fig. 4 \u2013 Cartoline postali tratte da fotografie di Le\u0301opold Reutlinger con ritratti di Cle\u0301o de Me\u0301rode, 1900 circa (collezione privata)\"\n                    src=\"https:\/\/lungo800.it\/wp-content\/uploads\/2013\/11\/C2\/cache\/C2_Muzzarelli4-nggid03340-ngg0dyn-150x150x100-00f0w010c011r110f110r010t010.jpg\"\n                    width=\"150\"\n                    height=\"150\"\n                    style=\"max-width:100%;\"\n                \/>\n            <\/a>\n        <\/div>\n\t\t\t\t\t\t\t<\/div> \n\t\t\t\n        \n\t\t\t\t<div id=\"ngg-image-4\" class=\"ngg-gallery-thumbnail-box\" >\n\t\t\t\t        <div class=\"ngg-gallery-thumbnail\">\n            <a href=\"https:\/\/lungo800.it\/wp-content\/uploads\/2013\/11\/C2\/C2_Muzzarelli5.jpg\"\n               title=\"Fig. 5 \u2013 Cecil Beaton, \u00abNancy Cunard\u00bb, fotografia, 1927 (Sotheby\u2019s, The Cecil Beaton Archive)\"\n               data-src=\"https:\/\/lungo800.it\/wp-content\/uploads\/2013\/11\/C2\/C2_Muzzarelli5.jpg\"\n               data-thumbnail=\"https:\/\/lungo800.it\/wp-content\/uploads\/2013\/11\/C2\/thumbs\/thumbs_C2_Muzzarelli5.jpg\"\n               data-image-id=\"341\"\n               data-title=\"Fig. 5 \u2013 Cecil Beaton, \u00abNancy Cunard\u00bb, fotografia, 1927 (Sotheby\u2019s, The Cecil Beaton Archive)\"\n               data-description=\"Fig. 5 \u2013 Cecil Beaton, \u00abNancy Cunard\u00bb, fotografia, 1927 (Sotheby\u2019s, The Cecil Beaton Archive)\"\n               data-image-slug=\"fig-5-cecil-beaton-nancy-cunard-fotografia-1927-sothebys-the-cecil-beaton-archive\"\n               class=\"ngg-fancybox\" rel=\"127\">\n                <img\n                    title=\"Fig. 5 \u2013 Cecil Beaton, \u00abNancy Cunard\u00bb, fotografia, 1927 (Sotheby\u2019s, The Cecil Beaton Archive)\"\n                    alt=\"Fig. 5 \u2013 Cecil Beaton, \u00abNancy Cunard\u00bb, fotografia, 1927 (Sotheby\u2019s, The Cecil Beaton Archive)\"\n                    src=\"https:\/\/lungo800.it\/wp-content\/uploads\/2013\/11\/C2\/cache\/C2_Muzzarelli5-nggid03341-ngg0dyn-150x150x100-00f0w010c011r110f110r010t010.jpg\"\n                    width=\"150\"\n                    height=\"150\"\n                    style=\"max-width:100%;\"\n                \/>\n            <\/a>\n        <\/div>\n\t\t\t\t\t\t\t<\/div> \n\t\t\t\n        \n\t\t\t\t<div id=\"ngg-image-5\" class=\"ngg-gallery-thumbnail-box\" >\n\t\t\t\t        <div class=\"ngg-gallery-thumbnail\">\n            <a href=\"https:\/\/lungo800.it\/wp-content\/uploads\/2013\/11\/C2\/C2_Muzzarelli6.jpg\"\n               title=\"Fig. 6 \u2013 Man Ray, \u00abNancy Cunard\u00bb, fotografia, 1926 (Centre Pompidou, Mus\u00e9e national d\u2019Art moderne, Paris)\"\n               data-src=\"https:\/\/lungo800.it\/wp-content\/uploads\/2013\/11\/C2\/C2_Muzzarelli6.jpg\"\n               data-thumbnail=\"https:\/\/lungo800.it\/wp-content\/uploads\/2013\/11\/C2\/thumbs\/thumbs_C2_Muzzarelli6.jpg\"\n               data-image-id=\"342\"\n               data-title=\"Fig. 6 \u2013 Man Ray, \u00abNancy Cunard\u00bb, fotografia, 1926 (Centre Pompidou, Mus\u00e9e national d\u2019Art moderne, Paris)\"\n               data-description=\"Fig. 6 \u2013 Man Ray, \u00abNancy Cunard\u00bb, fotografia, 1926 (Centre Pompidou, Mus\u00e9e national d\u2019Art moderne, Paris)\"\n               data-image-slug=\"fig-6-man-ray-nancy-cunard-fotografia-1926-centre-pompidou-musee-national-dart-moderne-paris\"\n               class=\"ngg-fancybox\" rel=\"127\">\n                <img\n                    title=\"Fig. 6 \u2013 Man Ray, \u00abNancy Cunard\u00bb, fotografia, 1926 (Centre Pompidou, Mus\u00e9e national d\u2019Art moderne, Paris)\"\n                    alt=\"Fig. 6 \u2013 Man Ray, \u00abNancy Cunard\u00bb, fotografia, 1926 (Centre Pompidou, Mus\u00e9e national d\u2019Art moderne, Paris)\"\n                    src=\"https:\/\/lungo800.it\/wp-content\/uploads\/2013\/11\/C2\/cache\/C2_Muzzarelli6-nggid03342-ngg0dyn-150x150x100-00f0w010c011r110f110r010t010.jpg\"\n                    width=\"150\"\n                    height=\"150\"\n                    style=\"max-width:100%;\"\n                \/>\n            <\/a>\n        <\/div>\n\t\t\t\t\t\t\t<\/div> \n\t\t\t\n        \n\t\t\t\t<div id=\"ngg-image-6\" class=\"ngg-gallery-thumbnail-box\" >\n\t\t\t\t        <div class=\"ngg-gallery-thumbnail\">\n            <a href=\"https:\/\/lungo800.it\/wp-content\/uploads\/2013\/11\/C2\/C2_Muzzarelli7.jpg\"\n               title=\"Fig. 7 \u2013 Curtis Moffat, \u00abNancy Cunard\u00bb, fotografia, tardi anni Venti (Victoria and Albert Museum, London)\"\n               data-src=\"https:\/\/lungo800.it\/wp-content\/uploads\/2013\/11\/C2\/C2_Muzzarelli7.jpg\"\n               data-thumbnail=\"https:\/\/lungo800.it\/wp-content\/uploads\/2013\/11\/C2\/thumbs\/thumbs_C2_Muzzarelli7.jpg\"\n               data-image-id=\"343\"\n               data-title=\"Fig. 7 \u2013 Curtis Moffat, \u00abNancy Cunard\u00bb, fotografia, tardi anni Venti (Victoria and Albert Museum, London)\"\n               data-description=\"Fig. 7 \u2013 Curtis Moffat, \u00abNancy Cunard\u00bb, fotografia, tardi anni Venti (Victoria and Albert Museum, London)\"\n               data-image-slug=\"fig-7-curtis-moffat-nancy-cunard-fotografia-tardi-anni-venti-victoria-and-albert-museum-london\"\n               class=\"ngg-fancybox\" rel=\"127\">\n                <img\n                    title=\"Fig. 7 \u2013 Curtis Moffat, \u00abNancy Cunard\u00bb, fotografia, tardi anni Venti (Victoria and Albert Museum, London)\"\n                    alt=\"Fig. 7 \u2013 Curtis Moffat, \u00abNancy Cunard\u00bb, fotografia, tardi anni Venti (Victoria and Albert Museum, London)\"\n                    src=\"https:\/\/lungo800.it\/wp-content\/uploads\/2013\/11\/C2\/cache\/C2_Muzzarelli7-nggid03343-ngg0dyn-150x150x100-00f0w010c011r110f110r010t010.jpg\"\n                    width=\"150\"\n                    height=\"150\"\n                    style=\"max-width:100%;\"\n                \/>\n            <\/a>\n        <\/div>\n\t\t\t\t\t\t\t<\/div> \n\t\t\t\n        \n\t\t\t\t<div id=\"ngg-image-7\" class=\"ngg-gallery-thumbnail-box\" >\n\t\t\t\t        <div class=\"ngg-gallery-thumbnail\">\n            <a href=\"https:\/\/lungo800.it\/wp-content\/uploads\/2013\/11\/C2\/C2_Muzzarelli8.jpg\"\n               title=\"Fig. 8 \u2013 Mario Nunes Vais, \u00abGabriele D&#039;annunzio\u00bb, fotografia, 1906 (Istituto centrale per il catalogo e la documentazione, Roma)\"\n               data-src=\"https:\/\/lungo800.it\/wp-content\/uploads\/2013\/11\/C2\/C2_Muzzarelli8.jpg\"\n               data-thumbnail=\"https:\/\/lungo800.it\/wp-content\/uploads\/2013\/11\/C2\/thumbs\/thumbs_C2_Muzzarelli8.jpg\"\n               data-image-id=\"344\"\n               data-title=\"Fig. 8 \u2013 Mario Nunes Vais, \u00abGabriele D&#039;annunzio\u00bb, fotografia, 1906 (Istituto centrale per il catalogo e la documentazione, Roma)\"\n               data-description=\"Fig. 8 \u2013 Mario Nunes Vais, \u00abGabriele D&#039;annunzio\u00bb, fotografia, 1906 (Istituto centrale per il catalogo e la documentazione, Roma)\"\n               data-image-slug=\"fig-8-mario-nunes-vais-gabriele-dannunzio-fotografia-1906-istituto-centrale-per-il-catalogo-e-la-documentazione-roma\"\n               class=\"ngg-fancybox\" rel=\"127\">\n                <img\n                    title=\"Fig. 8 \u2013 Mario Nunes Vais, \u00abGabriele D&#039;annunzio\u00bb, fotografia, 1906 (Istituto centrale per il catalogo e la documentazione, Roma)\"\n                    alt=\"Fig. 8 \u2013 Mario Nunes Vais, \u00abGabriele D&#039;annunzio\u00bb, fotografia, 1906 (Istituto centrale per il catalogo e la documentazione, Roma)\"\n                    src=\"https:\/\/lungo800.it\/wp-content\/uploads\/2013\/11\/C2\/cache\/C2_Muzzarelli8-nggid03344-ngg0dyn-150x150x100-00f0w010c011r110f110r010t010.jpg\"\n                    width=\"150\"\n                    height=\"150\"\n                    style=\"max-width:100%;\"\n                \/>\n            <\/a>\n        <\/div>\n\t\t\t\t\t\t\t<\/div> \n\t\t\t\n        \n\t\t\t\t<div id=\"ngg-image-8\" class=\"ngg-gallery-thumbnail-box\" >\n\t\t\t\t        <div class=\"ngg-gallery-thumbnail\">\n            <a href=\"https:\/\/lungo800.it\/wp-content\/uploads\/2013\/11\/C2\/C2_Muzzarelli9.jpg\"\n               title=\"Fig. 9 \u2013 Mario Nunes Vais, \u00abGabriele D&#039;Annunzio nella torre Colombaia alla Capponcina\u00bb, fotografia, s.d. (Istituto centrale per il catalogo e la documentazione, Roma)\"\n               data-src=\"https:\/\/lungo800.it\/wp-content\/uploads\/2013\/11\/C2\/C2_Muzzarelli9.jpg\"\n               data-thumbnail=\"https:\/\/lungo800.it\/wp-content\/uploads\/2013\/11\/C2\/thumbs\/thumbs_C2_Muzzarelli9.jpg\"\n               data-image-id=\"345\"\n               data-title=\"Fig. 9 \u2013 Mario Nunes Vais, \u00abGabriele D&#039;Annunzio nella torre Colombaia alla Capponcina\u00bb, fotografia, s.d. (Istituto centrale per il catalogo e la documentazione, Roma)\"\n               data-description=\"Fig. 9 \u2013 Mario Nunes Vais, \u00abGabriele D&#039;Annunzio nella torre Colombaia alla Capponcina\u00bb, fotografia, s.d. (Istituto centrale per il catalogo e la documentazione, Roma)\"\n               data-image-slug=\"fig-9-mario-nunes-vais-gabriele-dannunzio-nella-torre-colombaia-alla-capponcina-fotografia-s-d-istituto-centrale-per-il-catalogo-e-la-documentazione-roma\"\n               class=\"ngg-fancybox\" rel=\"127\">\n                <img\n                    title=\"Fig. 9 \u2013 Mario Nunes Vais, \u00abGabriele D&#039;Annunzio nella torre Colombaia alla Capponcina\u00bb, fotografia, s.d. (Istituto centrale per il catalogo e la documentazione, Roma)\"\n                    alt=\"Fig. 9 \u2013 Mario Nunes Vais, \u00abGabriele D&#039;Annunzio nella torre Colombaia alla Capponcina\u00bb, fotografia, s.d. (Istituto centrale per il catalogo e la documentazione, Roma)\"\n                    src=\"https:\/\/lungo800.it\/wp-content\/uploads\/2013\/11\/C2\/cache\/C2_Muzzarelli9-nggid03345-ngg0dyn-150x150x100-00f0w010c011r110f110r010t010.jpg\"\n                    width=\"150\"\n                    height=\"150\"\n                    style=\"max-width:100%;\"\n                \/>\n            <\/a>\n        <\/div>\n\t\t\t\t\t\t\t<\/div> \n\t\t\t\n        \n\t\t\n\t\t<!-- Pagination -->\n\t<div class='ngg-clear'><\/div>\t<\/div>\n<\/div>\n","protected":false},"excerpt":{"rendered":"<p>di Federica Muzzarelli Il saggio ruota attorno alla nozione di \u201ccelebrit\u00e0\u201d e al ruolo che il mezzo fotografico ha avuto nel determinarne la definizione fra Otto e Novecento. Se lo strumento fotografico \u00e8 ci\u00f2 che ha permesso ai miti di diventare delle celebrit\u00e0, \u00e8 perch\u00e9 questa dimensione ha a che vedere con un\u2019estensione spaziale cos\u00ec [&hellip;]<\/p>\n","protected":false},"author":1,"featured_media":0,"comment_status":"open","ping_status":"open","sticky":false,"template":"","format":"standard","meta":{"ngg_post_thumbnail":0},"categories":[4],"tags":[],"_links":{"self":[{"href":"https:\/\/lungo800.it\/index.php?rest_route=\/wp\/v2\/posts\/61"}],"collection":[{"href":"https:\/\/lungo800.it\/index.php?rest_route=\/wp\/v2\/posts"}],"about":[{"href":"https:\/\/lungo800.it\/index.php?rest_route=\/wp\/v2\/types\/post"}],"author":[{"embeddable":true,"href":"https:\/\/lungo800.it\/index.php?rest_route=\/wp\/v2\/users\/1"}],"replies":[{"embeddable":true,"href":"https:\/\/lungo800.it\/index.php?rest_route=%2Fwp%2Fv2%2Fcomments&post=61"}],"version-history":[{"count":5,"href":"https:\/\/lungo800.it\/index.php?rest_route=\/wp\/v2\/posts\/61\/revisions"}],"predecessor-version":[{"id":511,"href":"https:\/\/lungo800.it\/index.php?rest_route=\/wp\/v2\/posts\/61\/revisions\/511"}],"wp:attachment":[{"href":"https:\/\/lungo800.it\/index.php?rest_route=%2Fwp%2Fv2%2Fmedia&parent=61"}],"wp:term":[{"taxonomy":"category","embeddable":true,"href":"https:\/\/lungo800.it\/index.php?rest_route=%2Fwp%2Fv2%2Fcategories&post=61"},{"taxonomy":"post_tag","embeddable":true,"href":"https:\/\/lungo800.it\/index.php?rest_route=%2Fwp%2Fv2%2Ftags&post=61"}],"curies":[{"name":"wp","href":"https:\/\/api.w.org\/{rel}","templated":true}]}}