{"id":65,"date":"2014-01-03T21:49:15","date_gmt":"2014-01-03T20:49:15","guid":{"rendered":"http:\/\/lungo800.it\/?p=65"},"modified":"2014-01-08T17:47:07","modified_gmt":"2014-01-08T16:47:07","slug":"caricatura-e-allegoria-don-pirlone-a-roma-e-le-immagini-politiche-a-stampa-intorno-al-1848","status":"publish","type":"post","link":"https:\/\/lungo800.it\/?p=65","title":{"rendered":"Caricatura e allegoria: \u00abDon Pirlone a Roma\u00bb e le immagini politiche a stampa intorno al 1848"},"content":{"rendered":"<p style=\"text-align: right;\">di Sandro Morachioli<\/p>\n<p>Il saggio analizza i contatti e le interferenze fra allegoria politica e figurazione satirica nella produzione grafica del 1848 italiano. Un punto di osservazione privilegiato \u00e8 costituito dal caso del <i>Don Pirlone a Roma<\/i> di Michelangelo Pinto, un libro illustrato stampato fra il 1850 e il 1853, concepito come una sorta di prosecuzione di un giornale satirico del biennio 1848-49. Oltre a rappresentare un elemento di snodo tra diversi <i>media<\/i> (libro illustrato, giornale satirico, stampa volante), e un decisivo anello di congiunzione tra generi e linguaggi (caricatura e allegoria), il <i>Don Pirlone a Roma<\/i> costituisce un veicolo di circolazione delle iconografie e dei simboli di fase neoguelfa, emblematico delle loro riconversioni nel riflusso post-quarantottesco, nonch\u00e9 della forte permeabilit\u00e0 dei circuiti iconici (e sociali) nella produzione (e ricezione) dell\u2019attualit\u00e0 politica risorgimentale: tra satira e celebrazione, memorialistica e polemica, riferimenti colti e diffusione popolare.<\/p>\n<p>&nbsp;<\/p>\n<div style=\"margin: 0 11%;\"><!-- index.php -->\n<div\n\tclass=\"ngg-galleryoverview\"\n\tid=\"ngg-gallery-131-1\">\n\n    \t\t<!-- Thumbnails -->\n\t\t\t\t<div id=\"ngg-image-0\" class=\"ngg-gallery-thumbnail-box\" >\n\t\t\t\t        <div class=\"ngg-gallery-thumbnail\">\n            <a href=\"https:\/\/lungo800.it\/wp-content\/uploads\/2013\/11\/D1\/D1_001_a.JPG\"\n               title=\"Fig. 1a \u2013 \u00abFeste di Roma\u00bb, in \u00abIl Mondo Illustrato\u00bb, 24 luglio 1847.\"\n               data-src=\"https:\/\/lungo800.it\/wp-content\/uploads\/2013\/11\/D1\/D1_001_a.JPG\"\n               data-thumbnail=\"https:\/\/lungo800.it\/wp-content\/uploads\/2013\/11\/D1\/thumbs\/thumbs_D1_001_a.JPG\"\n               data-image-id=\"552\"\n               data-title=\"Fig. 1a \u2013 \u00abFeste di Roma\u00bb, in \u00abIl Mondo Illustrato\u00bb, 24 luglio 1847.\"\n               data-description=\"Fig. 1a \u2013 \u00abFeste di Roma\u00bb, in \u00abIl Mondo Illustrato\u00bb, 24 luglio 1847.\"\n               data-image-slug=\"fig-1a-feste-di-roma-in-il-mondo-illustrato-24-luglio-1847\"\n               class=\"ngg-fancybox\" rel=\"131\">\n                <img\n                    title=\"Fig. 1a \u2013 \u00abFeste di Roma\u00bb, in \u00abIl Mondo Illustrato\u00bb, 24 luglio 1847.\"\n                    alt=\"Fig. 1a \u2013 \u00abFeste di Roma\u00bb, in \u00abIl Mondo Illustrato\u00bb, 24 luglio 1847.\"\n                    src=\"https:\/\/lungo800.it\/wp-content\/uploads\/2013\/11\/D1\/cache\/D1_001_a-nggid03552-ngg0dyn-150x150x100-00f0w010c011r110f110r010t010.JPG\"\n                    width=\"150\"\n                    height=\"150\"\n                    style=\"max-width:100%;\"\n                \/>\n            <\/a>\n        <\/div>\n\t\t\t\t\t\t\t<\/div> \n\t\t\t\n        \n\t\t\t\t<div id=\"ngg-image-1\" class=\"ngg-gallery-thumbnail-box\" >\n\t\t\t\t        <div class=\"ngg-gallery-thumbnail\">\n            <a href=\"https:\/\/lungo800.it\/wp-content\/uploads\/2013\/11\/D1\/D1_001_b.JPG\"\n               title=\"Fig. 1b \u2013 Illustrazioni dei quadri trasparenti per l\u2019anniversario dell\u2019elezione di Pio IX, in \u00abIl Mondo Illustrato\u00bb, 24 luglio 1847, incisione su legno.\"\n               data-src=\"https:\/\/lungo800.it\/wp-content\/uploads\/2013\/11\/D1\/D1_001_b.JPG\"\n               data-thumbnail=\"https:\/\/lungo800.it\/wp-content\/uploads\/2013\/11\/D1\/thumbs\/thumbs_D1_001_b.JPG\"\n               data-image-id=\"553\"\n               data-title=\"Fig. 1b \u2013 Illustrazioni dei quadri trasparenti per l\u2019anniversario dell\u2019elezione di Pio IX, in \u00abIl Mondo Illustrato\u00bb, 24 luglio 1847, incisione su legno.\"\n               data-description=\"Fig. 1b \u2013 Illustrazioni dei quadri trasparenti per l\u2019anniversario dell\u2019elezione di Pio IX, in \u00abIl Mondo Illustrato\u00bb, 24 luglio 1847, incisione su legno.\"\n               data-image-slug=\"fig-1b-illustrazioni-dei-quadri-trasparenti-per-lanniversario-dellelezione-di-pio-ix-in-il-mondo-illustrato-24-luglio-1847-incisione-su-legno\"\n               class=\"ngg-fancybox\" rel=\"131\">\n                <img\n                    title=\"Fig. 1b \u2013 Illustrazioni dei quadri trasparenti per l\u2019anniversario dell\u2019elezione di Pio IX, in \u00abIl Mondo Illustrato\u00bb, 24 luglio 1847, incisione su legno.\"\n                    alt=\"Fig. 1b \u2013 Illustrazioni dei quadri trasparenti per l\u2019anniversario dell\u2019elezione di Pio IX, in \u00abIl Mondo Illustrato\u00bb, 24 luglio 1847, incisione su legno.\"\n                    src=\"https:\/\/lungo800.it\/wp-content\/uploads\/2013\/11\/D1\/cache\/D1_001_b-nggid03553-ngg0dyn-150x150x100-00f0w010c011r110f110r010t010.JPG\"\n                    width=\"150\"\n                    height=\"150\"\n                    style=\"max-width:100%;\"\n                \/>\n            <\/a>\n        <\/div>\n\t\t\t\t\t\t\t<\/div> \n\t\t\t\n        \n\t\t\t\t<div id=\"ngg-image-2\" class=\"ngg-gallery-thumbnail-box\" >\n\t\t\t\t        <div class=\"ngg-gallery-thumbnail\">\n            <a href=\"https:\/\/lungo800.it\/wp-content\/uploads\/2013\/11\/D1\/D1_002.JPG\"\n               title=\"Fig. 2 \u2013 Chiappori, \u00abL\u2019unione d\u2019Italia rappresentata dalla compagnia Keller\u00bb, in \u00abIl Mondo Illustrato\u00bb, 3 luglio 1847, incisione su legno.\"\n               data-src=\"https:\/\/lungo800.it\/wp-content\/uploads\/2013\/11\/D1\/D1_002.JPG\"\n               data-thumbnail=\"https:\/\/lungo800.it\/wp-content\/uploads\/2013\/11\/D1\/thumbs\/thumbs_D1_002.JPG\"\n               data-image-id=\"554\"\n               data-title=\"Fig. 2 \u2013 Chiappori, \u00abL\u2019unione d\u2019Italia rappresentata dalla compagnia Keller\u00bb, in \u00abIl Mondo Illustrato\u00bb, 3 luglio 1847, incisione su legno.\"\n               data-description=\"Fig. 2 \u2013 Chiappori, \u00abL\u2019unione d\u2019Italia rappresentata dalla compagnia Keller\u00bb, in \u00abIl Mondo Illustrato\u00bb, 3 luglio 1847, incisione su legno.\"\n               data-image-slug=\"fig-2-chiappori-lunione-ditalia-rappresentata-dalla-compagnia-keller-in-il-mondo-illustrato-3-luglio-1847-incisione-su-legno\"\n               class=\"ngg-fancybox\" rel=\"131\">\n                <img\n                    title=\"Fig. 2 \u2013 Chiappori, \u00abL\u2019unione d\u2019Italia rappresentata dalla compagnia Keller\u00bb, in \u00abIl Mondo Illustrato\u00bb, 3 luglio 1847, incisione su legno.\"\n                    alt=\"Fig. 2 \u2013 Chiappori, \u00abL\u2019unione d\u2019Italia rappresentata dalla compagnia Keller\u00bb, in \u00abIl Mondo Illustrato\u00bb, 3 luglio 1847, incisione su legno.\"\n                    src=\"https:\/\/lungo800.it\/wp-content\/uploads\/2013\/11\/D1\/cache\/D1_002-nggid03554-ngg0dyn-150x150x100-00f0w010c011r110f110r010t010.JPG\"\n                    width=\"150\"\n                    height=\"150\"\n                    style=\"max-width:100%;\"\n                \/>\n            <\/a>\n        <\/div>\n\t\t\t\t\t\t\t<\/div> \n\t\t\t\n        \n\t\t\t\t<div id=\"ngg-image-3\" class=\"ngg-gallery-thumbnail-box\" >\n\t\t\t\t        <div class=\"ngg-gallery-thumbnail\">\n            <a href=\"https:\/\/lungo800.it\/wp-content\/uploads\/2013\/11\/D1\/D1_003.JPG\"\n               title=\"Fig. 3 \u2013 Chiappori (da Francesco Gonin), \u00abSipario del Teatro Nazionale di Torino\u00bb, in \u00abIl Mondo Illustrato\u00bb, 10 giugno 1848, incisione su legno di Ratti e Charlot.\"\n               data-src=\"https:\/\/lungo800.it\/wp-content\/uploads\/2013\/11\/D1\/D1_003.JPG\"\n               data-thumbnail=\"https:\/\/lungo800.it\/wp-content\/uploads\/2013\/11\/D1\/thumbs\/thumbs_D1_003.JPG\"\n               data-image-id=\"555\"\n               data-title=\"Fig. 3 \u2013 Chiappori (da Francesco Gonin), \u00abSipario del Teatro Nazionale di Torino\u00bb, in \u00abIl Mondo Illustrato\u00bb, 10 giugno 1848, incisione su legno di Ratti e Charlot.\"\n               data-description=\"Fig. 3 \u2013 Chiappori (da Francesco Gonin), \u00abSipario del Teatro Nazionale di Torino\u00bb, in \u00abIl Mondo Illustrato\u00bb, 10 giugno 1848, incisione su legno di Ratti e Charlot.\"\n               data-image-slug=\"fig-3-chiappori-da-francesco-gonin-sipario-del-teatro-nazionale-di-torino-in-il-mondo-illustrato-10-giugno-1848-incisione-su-legno-di-ratti-e-charlot\"\n               class=\"ngg-fancybox\" rel=\"131\">\n                <img\n                    title=\"Fig. 3 \u2013 Chiappori (da Francesco Gonin), \u00abSipario del Teatro Nazionale di Torino\u00bb, in \u00abIl Mondo Illustrato\u00bb, 10 giugno 1848, incisione su legno di Ratti e Charlot.\"\n                    alt=\"Fig. 3 \u2013 Chiappori (da Francesco Gonin), \u00abSipario del Teatro Nazionale di Torino\u00bb, in \u00abIl Mondo Illustrato\u00bb, 10 giugno 1848, incisione su legno di Ratti e Charlot.\"\n                    src=\"https:\/\/lungo800.it\/wp-content\/uploads\/2013\/11\/D1\/cache\/D1_003-nggid03555-ngg0dyn-150x150x100-00f0w010c011r110f110r010t010.JPG\"\n                    width=\"150\"\n                    height=\"150\"\n                    style=\"max-width:100%;\"\n                \/>\n            <\/a>\n        <\/div>\n\t\t\t\t\t\t\t<\/div> \n\t\t\t\n        \n\t\t\t\t<div id=\"ngg-image-4\" class=\"ngg-gallery-thumbnail-box\" >\n\t\t\t\t        <div class=\"ngg-gallery-thumbnail\">\n            <a href=\"https:\/\/lungo800.it\/wp-content\/uploads\/2013\/11\/D1\/D1_004_.jpg\"\n               title=\"Fig. 4 \u2013 Ercole Morelli, \u00abAgli Anconitani suoi concittadini questa composizione in cui s\u2019immagina rivelata nel sonno ad un prigioniero l\u2019amnistia concessa dalla S. di Pio IX, dedica Ercole Morelli a dimostrare che la carit\u00e0 del loco natio n\u00e9 per tempo n\u00e9 per lontananza s\u2019\u00e8 in lui raffreddata\u00bb, disegno litografico di Paolo Guglielmi, Lit. Danesi, Roma 1846 (Civica Raccolta delle Stampe Achille Bertarelli, Milano).\"\n               data-src=\"https:\/\/lungo800.it\/wp-content\/uploads\/2013\/11\/D1\/D1_004_.jpg\"\n               data-thumbnail=\"https:\/\/lungo800.it\/wp-content\/uploads\/2013\/11\/D1\/thumbs\/thumbs_D1_004_.jpg\"\n               data-image-id=\"781\"\n               data-title=\"Fig. 4 \u2013 Ercole Morelli, \u00abAgli Anconitani suoi concittadini questa composizione in cui s\u2019immagina rivelata nel sonno ad un prigioniero l\u2019amnistia concessa dalla S. di Pio IX, dedica Ercole Morelli a dimostrare che la carit\u00e0 del loco natio n\u00e9 per tempo n\u00e9 per lontananza s\u2019\u00e8 in lui raffreddata\u00bb, disegno litografico di Paolo Guglielmi, Lit. Danesi, Roma 1846 (Civica Raccolta delle Stampe Achille Bertarelli, Milano).\"\n               data-description=\"Fig. 4 \u2013 Ercole Morelli, \u00abAgli Anconitani suoi concittadini questa composizione in cui s\u2019immagina rivelata nel sonno ad un prigioniero l\u2019amnistia concessa dalla S. di Pio IX, dedica Ercole Morelli a dimostrare che la carit\u00e0 del loco natio n\u00e9 per tempo n\u00e9 per lontananza s\u2019\u00e8 in lui raffreddata\u00bb, disegno litografico di Paolo Guglielmi, Lit. Danesi, Roma 1846 (Civica Raccolta delle Stampe Achille Bertarelli, Milano).\"\n               data-image-slug=\"fig-4-ercole-morelli-agli-anconitani-suoi-concittadini-questa-composizione-in-cui-simmagina-rivelata-nel-sonno-ad-un-prigioniero-lamnistia-concessa-dalla-s-di-pio-2\"\n               class=\"ngg-fancybox\" rel=\"131\">\n                <img\n                    title=\"Fig. 4 \u2013 Ercole Morelli, \u00abAgli Anconitani suoi concittadini questa composizione in cui s\u2019immagina rivelata nel sonno ad un prigioniero l\u2019amnistia concessa dalla S. di Pio IX, dedica Ercole Morelli a dimostrare che la carit\u00e0 del loco natio n\u00e9 per tempo n\u00e9 per lontananza s\u2019\u00e8 in lui raffreddata\u00bb, disegno litografico di Paolo Guglielmi, Lit. Danesi, Roma 1846 (Civica Raccolta delle Stampe Achille Bertarelli, Milano).\"\n                    alt=\"Fig. 4 \u2013 Ercole Morelli, \u00abAgli Anconitani suoi concittadini questa composizione in cui s\u2019immagina rivelata nel sonno ad un prigioniero l\u2019amnistia concessa dalla S. di Pio IX, dedica Ercole Morelli a dimostrare che la carit\u00e0 del loco natio n\u00e9 per tempo n\u00e9 per lontananza s\u2019\u00e8 in lui raffreddata\u00bb, disegno litografico di Paolo Guglielmi, Lit. Danesi, Roma 1846 (Civica Raccolta delle Stampe Achille Bertarelli, Milano).\"\n                    src=\"https:\/\/lungo800.it\/wp-content\/uploads\/2013\/11\/D1\/cache\/D1_004_-nggid03781-ngg0dyn-150x150x100-00f0w010c011r110f110r010t010.jpg\"\n                    width=\"150\"\n                    height=\"150\"\n                    style=\"max-width:100%;\"\n                \/>\n            <\/a>\n        <\/div>\n\t\t\t\t\t\t\t<\/div> \n\t\t\t\n        \n\t\t\t\t<div id=\"ngg-image-5\" class=\"ngg-gallery-thumbnail-box\" >\n\t\t\t\t        <div class=\"ngg-gallery-thumbnail\">\n            <a href=\"https:\/\/lungo800.it\/wp-content\/uploads\/2013\/11\/D1\/D1_005_.jpg\"\n               title=\"Fig. 5 \u2013 Sovracoperta, \u00abLetture di famiglia\u00bb, V, dicembre 1846, incisione su legno.\"\n               data-src=\"https:\/\/lungo800.it\/wp-content\/uploads\/2013\/11\/D1\/D1_005_.jpg\"\n               data-thumbnail=\"https:\/\/lungo800.it\/wp-content\/uploads\/2013\/11\/D1\/thumbs\/thumbs_D1_005_.jpg\"\n               data-image-id=\"557\"\n               data-title=\"Fig. 5 \u2013 Sovracoperta, \u00abLetture di famiglia\u00bb, V, dicembre 1846, incisione su legno.\"\n               data-description=\"Fig. 5 \u2013 Sovracoperta, \u00abLetture di famiglia\u00bb, V, dicembre 1846, incisione su legno.\"\n               data-image-slug=\"fig-5-sovracoperta-letture-di-famiglia-v-dicembre-1846-incisione-su-legno\"\n               class=\"ngg-fancybox\" rel=\"131\">\n                <img\n                    title=\"Fig. 5 \u2013 Sovracoperta, \u00abLetture di famiglia\u00bb, V, dicembre 1846, incisione su legno.\"\n                    alt=\"Fig. 5 \u2013 Sovracoperta, \u00abLetture di famiglia\u00bb, V, dicembre 1846, incisione su legno.\"\n                    src=\"https:\/\/lungo800.it\/wp-content\/uploads\/2013\/11\/D1\/cache\/D1_005_-nggid03557-ngg0dyn-150x150x100-00f0w010c011r110f110r010t010.jpg\"\n                    width=\"150\"\n                    height=\"150\"\n                    style=\"max-width:100%;\"\n                \/>\n            <\/a>\n        <\/div>\n\t\t\t\t\t\t\t<\/div> \n\t\t\t\n        \n\t\t\t\t<div id=\"ngg-image-6\" class=\"ngg-gallery-thumbnail-box\" >\n\t\t\t\t        <div class=\"ngg-gallery-thumbnail\">\n            <a href=\"https:\/\/lungo800.it\/wp-content\/uploads\/2013\/11\/D1\/D1_006.JPG\"\n               title=\"Fig. 6 \u2013 Nicola Ulacacci, \u00abIl 16 luglio 1846\u00bb, litografia (Biblioth\u00e8que nationale de France, Paris).\"\n               data-src=\"https:\/\/lungo800.it\/wp-content\/uploads\/2013\/11\/D1\/D1_006.JPG\"\n               data-thumbnail=\"https:\/\/lungo800.it\/wp-content\/uploads\/2013\/11\/D1\/thumbs\/thumbs_D1_006.JPG\"\n               data-image-id=\"558\"\n               data-title=\"Fig. 6 \u2013 Nicola Ulacacci, \u00abIl 16 luglio 1846\u00bb, litografia (Biblioth\u00e8que nationale de France, Paris).\"\n               data-description=\"Fig. 6 \u2013 Nicola Ulacacci, \u00abIl 16 luglio 1846\u00bb, litografia (Biblioth\u00e8que nationale de France, Paris).\"\n               data-image-slug=\"fig-6-nicola-ulacacci-il-16-luglio-1846-litografia-bibliotheque-nationale-de-france-paris\"\n               class=\"ngg-fancybox\" rel=\"131\">\n                <img\n                    title=\"Fig. 6 \u2013 Nicola Ulacacci, \u00abIl 16 luglio 1846\u00bb, litografia (Biblioth\u00e8que nationale de France, Paris).\"\n                    alt=\"Fig. 6 \u2013 Nicola Ulacacci, \u00abIl 16 luglio 1846\u00bb, litografia (Biblioth\u00e8que nationale de France, Paris).\"\n                    src=\"https:\/\/lungo800.it\/wp-content\/uploads\/2013\/11\/D1\/cache\/D1_006-nggid03558-ngg0dyn-150x150x100-00f0w010c011r110f110r010t010.JPG\"\n                    width=\"150\"\n                    height=\"150\"\n                    style=\"max-width:100%;\"\n                \/>\n            <\/a>\n        <\/div>\n\t\t\t\t\t\t\t<\/div> \n\t\t\t\n        \n\t\t\t\t<div id=\"ngg-image-7\" class=\"ngg-gallery-thumbnail-box\" >\n\t\t\t\t        <div class=\"ngg-gallery-thumbnail\">\n            <a href=\"https:\/\/lungo800.it\/wp-content\/uploads\/2013\/11\/D1\/D1_007.JPG\"\n               title=\"Fig. 7 \u2013 \u00abDirthy Father Thames\u00bb, in \u00abPunch or The London Charivari\u00bb, 30 settembre 1848, incisione su legno.\"\n               data-src=\"https:\/\/lungo800.it\/wp-content\/uploads\/2013\/11\/D1\/D1_007.JPG\"\n               data-thumbnail=\"https:\/\/lungo800.it\/wp-content\/uploads\/2013\/11\/D1\/thumbs\/thumbs_D1_007.JPG\"\n               data-image-id=\"559\"\n               data-title=\"Fig. 7 \u2013 \u00abDirthy Father Thames\u00bb, in \u00abPunch or The London Charivari\u00bb, 30 settembre 1848, incisione su legno.\"\n               data-description=\"Fig. 7 \u2013 \u00abDirthy Father Thames\u00bb, in \u00abPunch or The London Charivari\u00bb, 30 settembre 1848, incisione su legno.\"\n               data-image-slug=\"fig-7-dirthy-father-thames-in-punch-or-the-london-charivari-30-settembre-1848-incisione-su-legno\"\n               class=\"ngg-fancybox\" rel=\"131\">\n                <img\n                    title=\"Fig. 7 \u2013 \u00abDirthy Father Thames\u00bb, in \u00abPunch or The London Charivari\u00bb, 30 settembre 1848, incisione su legno.\"\n                    alt=\"Fig. 7 \u2013 \u00abDirthy Father Thames\u00bb, in \u00abPunch or The London Charivari\u00bb, 30 settembre 1848, incisione su legno.\"\n                    src=\"https:\/\/lungo800.it\/wp-content\/uploads\/2013\/11\/D1\/cache\/D1_007-nggid03559-ngg0dyn-150x150x100-00f0w010c011r110f110r010t010.JPG\"\n                    width=\"150\"\n                    height=\"150\"\n                    style=\"max-width:100%;\"\n                \/>\n            <\/a>\n        <\/div>\n\t\t\t\t\t\t\t<\/div> \n\t\t\t\n        \n\t\t\t\t<div id=\"ngg-image-8\" class=\"ngg-gallery-thumbnail-box\" >\n\t\t\t\t        <div class=\"ngg-gallery-thumbnail\">\n            <a href=\"https:\/\/lungo800.it\/wp-content\/uploads\/2013\/11\/D1\/D1_008.JPG\"\n               title=\"Fig. 8 \u2013 \u00abSenza Titolo\u00bb, in \u00abCharivari del popolano\u00bb, dicembre 1848, litografia in penna.\"\n               data-src=\"https:\/\/lungo800.it\/wp-content\/uploads\/2013\/11\/D1\/D1_008.JPG\"\n               data-thumbnail=\"https:\/\/lungo800.it\/wp-content\/uploads\/2013\/11\/D1\/thumbs\/thumbs_D1_008.JPG\"\n               data-image-id=\"560\"\n               data-title=\"Fig. 8 \u2013 \u00abSenza Titolo\u00bb, in \u00abCharivari del popolano\u00bb, dicembre 1848, litografia in penna.\"\n               data-description=\"Fig. 8 \u2013 \u00abSenza Titolo\u00bb, in \u00abCharivari del popolano\u00bb, dicembre 1848, litografia in penna.\"\n               data-image-slug=\"fig-8-senza-titolo-in-charivari-del-popolano-dicembre-1848-litografia-in-penna\"\n               class=\"ngg-fancybox\" rel=\"131\">\n                <img\n                    title=\"Fig. 8 \u2013 \u00abSenza Titolo\u00bb, in \u00abCharivari del popolano\u00bb, dicembre 1848, litografia in penna.\"\n                    alt=\"Fig. 8 \u2013 \u00abSenza Titolo\u00bb, in \u00abCharivari del popolano\u00bb, dicembre 1848, litografia in penna.\"\n                    src=\"https:\/\/lungo800.it\/wp-content\/uploads\/2013\/11\/D1\/cache\/D1_008-nggid03560-ngg0dyn-150x150x100-00f0w010c011r110f110r010t010.JPG\"\n                    width=\"150\"\n                    height=\"150\"\n                    style=\"max-width:100%;\"\n                \/>\n            <\/a>\n        <\/div>\n\t\t\t\t\t\t\t<\/div> \n\t\t\t\n        \n\t\t\t\t<div id=\"ngg-image-9\" class=\"ngg-gallery-thumbnail-box\" >\n\t\t\t\t        <div class=\"ngg-gallery-thumbnail\">\n            <a href=\"https:\/\/lungo800.it\/wp-content\/uploads\/2013\/11\/D1\/D1_009.JPG\"\n               title=\"Fig. 9 \u2013 Francesco Redenti, \u00abItalia repubblicana \/ Italia costituzionale\u00bb, in \u00abIl Fischietto\u00bb, 5 ottobre 1850.\"\n               data-src=\"https:\/\/lungo800.it\/wp-content\/uploads\/2013\/11\/D1\/D1_009.JPG\"\n               data-thumbnail=\"https:\/\/lungo800.it\/wp-content\/uploads\/2013\/11\/D1\/thumbs\/thumbs_D1_009.JPG\"\n               data-image-id=\"561\"\n               data-title=\"Fig. 9 \u2013 Francesco Redenti, \u00abItalia repubblicana \/ Italia costituzionale\u00bb, in \u00abIl Fischietto\u00bb, 5 ottobre 1850.\"\n               data-description=\"Fig. 9 \u2013 Francesco Redenti, \u00abItalia repubblicana \/ Italia costituzionale\u00bb, in \u00abIl Fischietto\u00bb, 5 ottobre 1850.\"\n               data-image-slug=\"fig-9-francesco-redenti-italia-repubblicana-italia-costituzionale-in-il-fischietto-5-ottobre-1850\"\n               class=\"ngg-fancybox\" rel=\"131\">\n                <img\n                    title=\"Fig. 9 \u2013 Francesco Redenti, \u00abItalia repubblicana \/ Italia costituzionale\u00bb, in \u00abIl Fischietto\u00bb, 5 ottobre 1850.\"\n                    alt=\"Fig. 9 \u2013 Francesco Redenti, \u00abItalia repubblicana \/ Italia costituzionale\u00bb, in \u00abIl Fischietto\u00bb, 5 ottobre 1850.\"\n                    src=\"https:\/\/lungo800.it\/wp-content\/uploads\/2013\/11\/D1\/cache\/D1_009-nggid03561-ngg0dyn-150x150x100-00f0w010c011r110f110r010t010.JPG\"\n                    width=\"150\"\n                    height=\"150\"\n                    style=\"max-width:100%;\"\n                \/>\n            <\/a>\n        <\/div>\n\t\t\t\t\t\t\t<\/div> \n\t\t\t\n        \n\t\t\t\t<div id=\"ngg-image-10\" class=\"ngg-gallery-thumbnail-box\" >\n\t\t\t\t        <div class=\"ngg-gallery-thumbnail\">\n            <a href=\"https:\/\/lungo800.it\/wp-content\/uploads\/2013\/11\/D1\/D1_010.JPG\"\n               title=\"Fig. 10 \u2013 Pietro E. De Filippi, \u00abLibert\u00e0, Eguaglianza, Fratellanza\u00bb, in \u00abL\u2019Inferno\u00bb, 12 marzo 1849.\"\n               data-src=\"https:\/\/lungo800.it\/wp-content\/uploads\/2013\/11\/D1\/D1_010.JPG\"\n               data-thumbnail=\"https:\/\/lungo800.it\/wp-content\/uploads\/2013\/11\/D1\/thumbs\/thumbs_D1_010.JPG\"\n               data-image-id=\"562\"\n               data-title=\"Fig. 10 \u2013 Pietro E. De Filippi, \u00abLibert\u00e0, Eguaglianza, Fratellanza\u00bb, in \u00abL\u2019Inferno\u00bb, 12 marzo 1849.\"\n               data-description=\"Fig. 10 \u2013 Pietro E. De Filippi, \u00abLibert\u00e0, Eguaglianza, Fratellanza\u00bb, in \u00abL\u2019Inferno\u00bb, 12 marzo 1849.\"\n               data-image-slug=\"fig-10-pietro-e-de-filippi-liberta-eguaglianza-fratellanza-in-linferno-12-marzo-1849\"\n               class=\"ngg-fancybox\" rel=\"131\">\n                <img\n                    title=\"Fig. 10 \u2013 Pietro E. De Filippi, \u00abLibert\u00e0, Eguaglianza, Fratellanza\u00bb, in \u00abL\u2019Inferno\u00bb, 12 marzo 1849.\"\n                    alt=\"Fig. 10 \u2013 Pietro E. De Filippi, \u00abLibert\u00e0, Eguaglianza, Fratellanza\u00bb, in \u00abL\u2019Inferno\u00bb, 12 marzo 1849.\"\n                    src=\"https:\/\/lungo800.it\/wp-content\/uploads\/2013\/11\/D1\/cache\/D1_010-nggid03562-ngg0dyn-150x150x100-00f0w010c011r110f110r010t010.JPG\"\n                    width=\"150\"\n                    height=\"150\"\n                    style=\"max-width:100%;\"\n                \/>\n            <\/a>\n        <\/div>\n\t\t\t\t\t\t\t<\/div> \n\t\t\t\n        \n\t\t\t\t<div id=\"ngg-image-11\" class=\"ngg-gallery-thumbnail-box\" >\n\t\t\t\t        <div class=\"ngg-gallery-thumbnail\">\n            <a href=\"https:\/\/lungo800.it\/wp-content\/uploads\/2013\/11\/D1\/D1_011a.jpg\"\n               title=\"Fig. 11a \u2013 Francesco Redenti, Ippolito Virginio, \u00abIl Re il cittadino il soldato l\u2019Italia piange\u00bb, in \u00abIl Fischietto\u00bb, 13 ottobre 1849, bulino.\"\n               data-src=\"https:\/\/lungo800.it\/wp-content\/uploads\/2013\/11\/D1\/D1_011a.jpg\"\n               data-thumbnail=\"https:\/\/lungo800.it\/wp-content\/uploads\/2013\/11\/D1\/thumbs\/thumbs_D1_011a.jpg\"\n               data-image-id=\"782\"\n               data-title=\"Fig. 11a \u2013 Francesco Redenti, Ippolito Virginio, \u00abIl Re il cittadino il soldato l\u2019Italia piange\u00bb, in \u00abIl Fischietto\u00bb, 13 ottobre 1849, bulino.\"\n               data-description=\"Fig. 11a \u2013 Francesco Redenti, Ippolito Virginio, \u00abIl Re il cittadino il soldato l\u2019Italia piange\u00bb, in \u00abIl Fischietto\u00bb, 13 ottobre 1849, bulino.\"\n               data-image-slug=\"fig-11a-francesco-redenti-ippolito-virginio-il-re-il-cittadino-il-soldato-litalia-piange-in-il-fischietto-13-ottobre-1849-bulino-2\"\n               class=\"ngg-fancybox\" rel=\"131\">\n                <img\n                    title=\"Fig. 11a \u2013 Francesco Redenti, Ippolito Virginio, \u00abIl Re il cittadino il soldato l\u2019Italia piange\u00bb, in \u00abIl Fischietto\u00bb, 13 ottobre 1849, bulino.\"\n                    alt=\"Fig. 11a \u2013 Francesco Redenti, Ippolito Virginio, \u00abIl Re il cittadino il soldato l\u2019Italia piange\u00bb, in \u00abIl Fischietto\u00bb, 13 ottobre 1849, bulino.\"\n                    src=\"https:\/\/lungo800.it\/wp-content\/uploads\/2013\/11\/D1\/cache\/D1_011a-nggid03782-ngg0dyn-150x150x100-00f0w010c011r110f110r010t010.jpg\"\n                    width=\"150\"\n                    height=\"150\"\n                    style=\"max-width:100%;\"\n                \/>\n            <\/a>\n        <\/div>\n\t\t\t\t\t\t\t<\/div> \n\t\t\t\n        \n\t\t\t\t<div id=\"ngg-image-12\" class=\"ngg-gallery-thumbnail-box\" >\n\t\t\t\t        <div class=\"ngg-gallery-thumbnail\">\n            <a href=\"https:\/\/lungo800.it\/wp-content\/uploads\/2013\/11\/D1\/D1_011b.jpg\"\n               title=\"Fig. 11b \u2013 T. Rowlandson, The contrast. Which is best, 1792, acquaforte colorata a mano (British Museum, London)\"\n               data-src=\"https:\/\/lungo800.it\/wp-content\/uploads\/2013\/11\/D1\/D1_011b.jpg\"\n               data-thumbnail=\"https:\/\/lungo800.it\/wp-content\/uploads\/2013\/11\/D1\/thumbs\/thumbs_D1_011b.jpg\"\n               data-image-id=\"564\"\n               data-title=\"Fig. 11b \u2013 T. Rowlandson, The contrast. Which is best, 1792, acquaforte colorata a mano (British Museum, London)\"\n               data-description=\"Fig. 11b \u2013 T. Rowlandson, The contrast. Which is best, 1792, acquaforte colorata a mano (British Museum, London)\"\n               data-image-slug=\"fig-11b-t-rowlandson-the-contrast-which-is-best-1792-acquaforte-colorata-a-mano-british-museum-london\"\n               class=\"ngg-fancybox\" rel=\"131\">\n                <img\n                    title=\"Fig. 11b \u2013 T. Rowlandson, The contrast. Which is best, 1792, acquaforte colorata a mano (British Museum, London)\"\n                    alt=\"Fig. 11b \u2013 T. Rowlandson, The contrast. Which is best, 1792, acquaforte colorata a mano (British Museum, London)\"\n                    src=\"https:\/\/lungo800.it\/wp-content\/uploads\/2013\/11\/D1\/cache\/D1_011b-nggid03564-ngg0dyn-150x150x100-00f0w010c011r110f110r010t010.jpg\"\n                    width=\"150\"\n                    height=\"150\"\n                    style=\"max-width:100%;\"\n                \/>\n            <\/a>\n        <\/div>\n\t\t\t\t\t\t\t<\/div> \n\t\t\t\n        \n\t\t\t\t<div id=\"ngg-image-13\" class=\"ngg-gallery-thumbnail-box\" >\n\t\t\t\t        <div class=\"ngg-gallery-thumbnail\">\n            <a href=\"https:\/\/lungo800.it\/wp-content\/uploads\/2013\/11\/D1\/D1_012.jpg\"\n               title=\"Fig. 12 \u2013 \u00abIl giorno dei morti\u00bb, in \u00abLa Maga\u00bb, 2 novembre 1852, litografia in penna.\"\n               data-src=\"https:\/\/lungo800.it\/wp-content\/uploads\/2013\/11\/D1\/D1_012.jpg\"\n               data-thumbnail=\"https:\/\/lungo800.it\/wp-content\/uploads\/2013\/11\/D1\/thumbs\/thumbs_D1_012.jpg\"\n               data-image-id=\"565\"\n               data-title=\"Fig. 12 \u2013 \u00abIl giorno dei morti\u00bb, in \u00abLa Maga\u00bb, 2 novembre 1852, litografia in penna.\"\n               data-description=\"Fig. 12 \u2013 \u00abIl giorno dei morti\u00bb, in \u00abLa Maga\u00bb, 2 novembre 1852, litografia in penna.\"\n               data-image-slug=\"fig-12-il-giorno-dei-morti-in-la-maga-2-novembre-1852-litografia-in-penna\"\n               class=\"ngg-fancybox\" rel=\"131\">\n                <img\n                    title=\"Fig. 12 \u2013 \u00abIl giorno dei morti\u00bb, in \u00abLa Maga\u00bb, 2 novembre 1852, litografia in penna.\"\n                    alt=\"Fig. 12 \u2013 \u00abIl giorno dei morti\u00bb, in \u00abLa Maga\u00bb, 2 novembre 1852, litografia in penna.\"\n                    src=\"https:\/\/lungo800.it\/wp-content\/uploads\/2013\/11\/D1\/cache\/D1_012-nggid03565-ngg0dyn-150x150x100-00f0w010c011r110f110r010t010.jpg\"\n                    width=\"150\"\n                    height=\"150\"\n                    style=\"max-width:100%;\"\n                \/>\n            <\/a>\n        <\/div>\n\t\t\t\t\t\t\t<\/div> \n\t\t\t\n        \n\t\t\t\t<div id=\"ngg-image-14\" class=\"ngg-gallery-thumbnail-box\" >\n\t\t\t\t        <div class=\"ngg-gallery-thumbnail\">\n            <a href=\"https:\/\/lungo800.it\/wp-content\/uploads\/2013\/11\/D1\/D1_013.jpg\"\n               title=\"Fig. 13 \u2013 \u00abIl giorno dei morti del 1855 passa come quello del 1854 senza una vendetta e una riparazione\u2026 Gli alleati aiutano il custode del sepolcro d&#039;Italia ad impedirne la risurrezione!\u00bb, in \u00abLa Maga\u00bb, 1 novembre 1855, litografia in penna.\"\n               data-src=\"https:\/\/lungo800.it\/wp-content\/uploads\/2013\/11\/D1\/D1_013.jpg\"\n               data-thumbnail=\"https:\/\/lungo800.it\/wp-content\/uploads\/2013\/11\/D1\/thumbs\/thumbs_D1_013.jpg\"\n               data-image-id=\"566\"\n               data-title=\"Fig. 13 \u2013 \u00abIl giorno dei morti del 1855 passa come quello del 1854 senza una vendetta e una riparazione\u2026 Gli alleati aiutano il custode del sepolcro d&#039;Italia ad impedirne la risurrezione!\u00bb, in \u00abLa Maga\u00bb, 1 novembre 1855, litografia in penna.\"\n               data-description=\"Fig. 13 \u2013 \u00abIl giorno dei morti del 1855 passa come quello del 1854 senza una vendetta e una riparazione\u2026 Gli alleati aiutano il custode del sepolcro d&#039;Italia ad impedirne la risurrezione!\u00bb, in \u00abLa Maga\u00bb, 1 novembre 1855, litografia in penna.\"\n               data-image-slug=\"fig-13-il-giorno-dei-morti-del-1855-passa-come-quello-del-1854-senza-una-vendetta-e-una-riparazione-gli-alleati-aiutano-il-custode-del-sepolcro-ditalia-ad-impedirne-la-risur\"\n               class=\"ngg-fancybox\" rel=\"131\">\n                <img\n                    title=\"Fig. 13 \u2013 \u00abIl giorno dei morti del 1855 passa come quello del 1854 senza una vendetta e una riparazione\u2026 Gli alleati aiutano il custode del sepolcro d&#039;Italia ad impedirne la risurrezione!\u00bb, in \u00abLa Maga\u00bb, 1 novembre 1855, litografia in penna.\"\n                    alt=\"Fig. 13 \u2013 \u00abIl giorno dei morti del 1855 passa come quello del 1854 senza una vendetta e una riparazione\u2026 Gli alleati aiutano il custode del sepolcro d&#039;Italia ad impedirne la risurrezione!\u00bb, in \u00abLa Maga\u00bb, 1 novembre 1855, litografia in penna.\"\n                    src=\"https:\/\/lungo800.it\/wp-content\/uploads\/2013\/11\/D1\/cache\/D1_013-nggid03566-ngg0dyn-150x150x100-00f0w010c011r110f110r010t010.jpg\"\n                    width=\"150\"\n                    height=\"150\"\n                    style=\"max-width:100%;\"\n                \/>\n            <\/a>\n        <\/div>\n\t\t\t\t\t\t\t<\/div> \n\t\t\t\n        \n\t\t\t\t<div id=\"ngg-image-15\" class=\"ngg-gallery-thumbnail-box\" >\n\t\t\t\t        <div class=\"ngg-gallery-thumbnail\">\n            <a href=\"https:\/\/lungo800.it\/wp-content\/uploads\/2013\/11\/D1\/D1_014.jpg\"\n               title=\"Fig. 14 \u2013 Antonio Masutti, \u00abUn congresso a Bruxelles\u00bb, in Michelangelo Pinto, \u201cDon Pirlone a Roma. Memorie di un italiano dal 1 settembre 1848 al 31 dicembre 1850\u201d, Torino 1853, incisione.\"\n               data-src=\"https:\/\/lungo800.it\/wp-content\/uploads\/2013\/11\/D1\/D1_014.jpg\"\n               data-thumbnail=\"https:\/\/lungo800.it\/wp-content\/uploads\/2013\/11\/D1\/thumbs\/thumbs_D1_014.jpg\"\n               data-image-id=\"607\"\n               data-title=\"Fig. 14 \u2013 Antonio Masutti, \u00abUn congresso a Bruxelles\u00bb, in Michelangelo Pinto, \u201cDon Pirlone a Roma. Memorie di un italiano dal 1 settembre 1848 al 31 dicembre 1850\u201d, Torino 1853, incisione.\"\n               data-description=\"Fig. 14 \u2013 Antonio Masutti, \u00abUn congresso a Bruxelles\u00bb, in Michelangelo Pinto, \u201cDon Pirlone a Roma. Memorie di un italiano dal 1 settembre 1848 al 31 dicembre 1850\u201d, Torino 1853, incisione.\"\n               data-image-slug=\"fig-14-antonio-masutti-un-congresso-a-bruxelles-in-michelangelo-pinto-don-pirlone-a-roma-memorie-di-un-italiano-dal-1-settembre-1848-al-31-dicembre-1850-t\"\n               class=\"ngg-fancybox\" rel=\"131\">\n                <img\n                    title=\"Fig. 14 \u2013 Antonio Masutti, \u00abUn congresso a Bruxelles\u00bb, in Michelangelo Pinto, \u201cDon Pirlone a Roma. Memorie di un italiano dal 1 settembre 1848 al 31 dicembre 1850\u201d, Torino 1853, incisione.\"\n                    alt=\"Fig. 14 \u2013 Antonio Masutti, \u00abUn congresso a Bruxelles\u00bb, in Michelangelo Pinto, \u201cDon Pirlone a Roma. Memorie di un italiano dal 1 settembre 1848 al 31 dicembre 1850\u201d, Torino 1853, incisione.\"\n                    src=\"https:\/\/lungo800.it\/wp-content\/uploads\/2013\/11\/D1\/cache\/D1_014-nggid03607-ngg0dyn-150x150x100-00f0w010c011r110f110r010t010.jpg\"\n                    width=\"150\"\n                    height=\"150\"\n                    style=\"max-width:100%;\"\n                \/>\n            <\/a>\n        <\/div>\n\t\t\t\t\t\t\t<\/div> \n\t\t\t\n        \n\t\t\t\t<div id=\"ngg-image-16\" class=\"ngg-gallery-thumbnail-box\" >\n\t\t\t\t        <div class=\"ngg-gallery-thumbnail\">\n            <a href=\"https:\/\/lungo800.it\/wp-content\/uploads\/2013\/11\/D1\/D1_015.JPG\"\n               title=\"Fig. 15 \u2013 \u00abCosti che vuol che sono bene spesi\u00bb, in \u00abIl Don Pirlone\u00bb, 1 settembre 1848, litografia.\"\n               data-src=\"https:\/\/lungo800.it\/wp-content\/uploads\/2013\/11\/D1\/D1_015.JPG\"\n               data-thumbnail=\"https:\/\/lungo800.it\/wp-content\/uploads\/2013\/11\/D1\/thumbs\/thumbs_D1_015.JPG\"\n               data-image-id=\"568\"\n               data-title=\"Fig. 15 \u2013 \u00abCosti che vuol che sono bene spesi\u00bb, in \u00abIl Don Pirlone\u00bb, 1 settembre 1848, litografia.\"\n               data-description=\"Fig. 15 \u2013 \u00abCosti che vuol che sono bene spesi\u00bb, in \u00abIl Don Pirlone\u00bb, 1 settembre 1848, litografia.\"\n               data-image-slug=\"fig-15-costi-che-vuol-che-sono-bene-spesi-in-il-don-pirlone-1-settembre-1848-litografia\"\n               class=\"ngg-fancybox\" rel=\"131\">\n                <img\n                    title=\"Fig. 15 \u2013 \u00abCosti che vuol che sono bene spesi\u00bb, in \u00abIl Don Pirlone\u00bb, 1 settembre 1848, litografia.\"\n                    alt=\"Fig. 15 \u2013 \u00abCosti che vuol che sono bene spesi\u00bb, in \u00abIl Don Pirlone\u00bb, 1 settembre 1848, litografia.\"\n                    src=\"https:\/\/lungo800.it\/wp-content\/uploads\/2013\/11\/D1\/cache\/D1_015-nggid03568-ngg0dyn-150x150x100-00f0w010c011r110f110r010t010.JPG\"\n                    width=\"150\"\n                    height=\"150\"\n                    style=\"max-width:100%;\"\n                \/>\n            <\/a>\n        <\/div>\n\t\t\t\t\t\t\t<\/div> \n\t\t\t\n        \n\t\t\t\t<div id=\"ngg-image-17\" class=\"ngg-gallery-thumbnail-box\" >\n\t\t\t\t        <div class=\"ngg-gallery-thumbnail\">\n            <a href=\"https:\/\/lungo800.it\/wp-content\/uploads\/2013\/11\/D1\/D1_016_DSCN4024.JPG\"\n               title=\"Fig. 16 \u2013 \u00abCongr\u00e8s des rois coalis\u00e9s, ou les tyrans (d\u00e9couronn\u00e9s), 1793 c.\u00bb, [da Antoine de Baecque, \u201cLa caricature revolutionnaire\u201d, Presses de CNRS, Paris 1988, pp. 16-17]\"\n               data-src=\"https:\/\/lungo800.it\/wp-content\/uploads\/2013\/11\/D1\/D1_016_DSCN4024.JPG\"\n               data-thumbnail=\"https:\/\/lungo800.it\/wp-content\/uploads\/2013\/11\/D1\/thumbs\/thumbs_D1_016_DSCN4024.JPG\"\n               data-image-id=\"569\"\n               data-title=\"Fig. 16 \u2013 \u00abCongr\u00e8s des rois coalis\u00e9s, ou les tyrans (d\u00e9couronn\u00e9s), 1793 c.\u00bb, [da Antoine de Baecque, \u201cLa caricature revolutionnaire\u201d, Presses de CNRS, Paris 1988, pp. 16-17]\"\n               data-description=\"Fig. 16 \u2013 \u00abCongr\u00e8s des rois coalis\u00e9s, ou les tyrans (d\u00e9couronn\u00e9s), 1793 c.\u00bb, [da Antoine de Baecque, \u201cLa caricature revolutionnaire\u201d, Presses de CNRS, Paris 1988, pp. 16-17]\"\n               data-image-slug=\"fig-16-congres-des-rois-coalises-ou-les-tyrans-decouronnes-1793-c-da-antoine-de-baecque-la-caricature-revolutionnaire-presses-de-cnrs-paris-1988-pp\"\n               class=\"ngg-fancybox\" rel=\"131\">\n                <img\n                    title=\"Fig. 16 \u2013 \u00abCongr\u00e8s des rois coalis\u00e9s, ou les tyrans (d\u00e9couronn\u00e9s), 1793 c.\u00bb, [da Antoine de Baecque, \u201cLa caricature revolutionnaire\u201d, Presses de CNRS, Paris 1988, pp. 16-17]\"\n                    alt=\"Fig. 16 \u2013 \u00abCongr\u00e8s des rois coalis\u00e9s, ou les tyrans (d\u00e9couronn\u00e9s), 1793 c.\u00bb, [da Antoine de Baecque, \u201cLa caricature revolutionnaire\u201d, Presses de CNRS, Paris 1988, pp. 16-17]\"\n                    src=\"https:\/\/lungo800.it\/wp-content\/uploads\/2013\/11\/D1\/cache\/D1_016_DSCN4024-nggid03569-ngg0dyn-150x150x100-00f0w010c011r110f110r010t010.JPG\"\n                    width=\"150\"\n                    height=\"150\"\n                    style=\"max-width:100%;\"\n                \/>\n            <\/a>\n        <\/div>\n\t\t\t\t\t\t\t<\/div> \n\t\t\t\n        \n\t\t\t\t<div id=\"ngg-image-18\" class=\"ngg-gallery-thumbnail-box\" >\n\t\t\t\t        <div class=\"ngg-gallery-thumbnail\">\n            <a href=\"https:\/\/lungo800.it\/wp-content\/uploads\/2013\/11\/D1\/D1_017_.JPG\"\n               title=\"Fig. 17 \u2013 Antonio Masutti, \u00abBaldassarre ebbe a Daniele a spiegargli la visione\u2026e a donar chi gli far\u00e0 il favore\u00bb, in \u00abIl Don Pirlone\u00bb, 7 febbraio 1849, litografia in penna.\"\n               data-src=\"https:\/\/lungo800.it\/wp-content\/uploads\/2013\/11\/D1\/D1_017_.JPG\"\n               data-thumbnail=\"https:\/\/lungo800.it\/wp-content\/uploads\/2013\/11\/D1\/thumbs\/thumbs_D1_017_.JPG\"\n               data-image-id=\"570\"\n               data-title=\"Fig. 17 \u2013 Antonio Masutti, \u00abBaldassarre ebbe a Daniele a spiegargli la visione\u2026e a donar chi gli far\u00e0 il favore\u00bb, in \u00abIl Don Pirlone\u00bb, 7 febbraio 1849, litografia in penna.\"\n               data-description=\"Fig. 17 \u2013 Antonio Masutti, \u00abBaldassarre ebbe a Daniele a spiegargli la visione\u2026e a donar chi gli far\u00e0 il favore\u00bb, in \u00abIl Don Pirlone\u00bb, 7 febbraio 1849, litografia in penna.\"\n               data-image-slug=\"fig-17-antonio-masutti-baldassarre-ebbe-a-daniele-a-spiegargli-la-visionee-a-donar-chi-gli-fara-il-favore-in-il-don-pirlone-7-febbraio-1849-litografia-i\"\n               class=\"ngg-fancybox\" rel=\"131\">\n                <img\n                    title=\"Fig. 17 \u2013 Antonio Masutti, \u00abBaldassarre ebbe a Daniele a spiegargli la visione\u2026e a donar chi gli far\u00e0 il favore\u00bb, in \u00abIl Don Pirlone\u00bb, 7 febbraio 1849, litografia in penna.\"\n                    alt=\"Fig. 17 \u2013 Antonio Masutti, \u00abBaldassarre ebbe a Daniele a spiegargli la visione\u2026e a donar chi gli far\u00e0 il favore\u00bb, in \u00abIl Don Pirlone\u00bb, 7 febbraio 1849, litografia in penna.\"\n                    src=\"https:\/\/lungo800.it\/wp-content\/uploads\/2013\/11\/D1\/cache\/D1_017_-nggid03570-ngg0dyn-150x150x100-00f0w010c011r110f110r010t010.JPG\"\n                    width=\"150\"\n                    height=\"150\"\n                    style=\"max-width:100%;\"\n                \/>\n            <\/a>\n        <\/div>\n\t\t\t\t\t\t\t<\/div> \n\t\t\t\n        \n\t\t\t\t<div id=\"ngg-image-19\" class=\"ngg-gallery-thumbnail-box\" >\n\t\t\t\t        <div class=\"ngg-gallery-thumbnail\">\n            <a href=\"https:\/\/lungo800.it\/wp-content\/uploads\/2013\/11\/D1\/D1_018.JPG\"\n               title=\"Fig. 18 \u2013 M. [Pasquale Mattei], \u00abCamera de\u2019 deputati. Aspettiamo!\u00bb, in \u00abL\u2019Arlecchino\u00bb, 27 maggio 1848, litografia in penna.\"\n               data-src=\"https:\/\/lungo800.it\/wp-content\/uploads\/2013\/11\/D1\/D1_018.JPG\"\n               data-thumbnail=\"https:\/\/lungo800.it\/wp-content\/uploads\/2013\/11\/D1\/thumbs\/thumbs_D1_018.JPG\"\n               data-image-id=\"571\"\n               data-title=\"Fig. 18 \u2013 M. [Pasquale Mattei], \u00abCamera de\u2019 deputati. Aspettiamo!\u00bb, in \u00abL\u2019Arlecchino\u00bb, 27 maggio 1848, litografia in penna.\"\n               data-description=\"Fig. 18 \u2013 M. [Pasquale Mattei], \u00abCamera de\u2019 deputati. Aspettiamo!\u00bb, in \u00abL\u2019Arlecchino\u00bb, 27 maggio 1848, litografia in penna.\"\n               data-image-slug=\"fig-18-m-pasquale-mattei-camera-de-deputati-aspettiamo-in-larlecchino-27-maggio-1848-litografia-in-penna\"\n               class=\"ngg-fancybox\" rel=\"131\">\n                <img\n                    title=\"Fig. 18 \u2013 M. [Pasquale Mattei], \u00abCamera de\u2019 deputati. Aspettiamo!\u00bb, in \u00abL\u2019Arlecchino\u00bb, 27 maggio 1848, litografia in penna.\"\n                    alt=\"Fig. 18 \u2013 M. [Pasquale Mattei], \u00abCamera de\u2019 deputati. Aspettiamo!\u00bb, in \u00abL\u2019Arlecchino\u00bb, 27 maggio 1848, litografia in penna.\"\n                    src=\"https:\/\/lungo800.it\/wp-content\/uploads\/2013\/11\/D1\/cache\/D1_018-nggid03571-ngg0dyn-150x150x100-00f0w010c011r110f110r010t010.JPG\"\n                    width=\"150\"\n                    height=\"150\"\n                    style=\"max-width:100%;\"\n                \/>\n            <\/a>\n        <\/div>\n\t\t\t\t\t\t\t<\/div> \n\t\t\t\n        \n\t\t\t\t<div id=\"ngg-image-20\" class=\"ngg-gallery-thumbnail-box\" >\n\t\t\t\t        <div class=\"ngg-gallery-thumbnail\">\n            <a href=\"https:\/\/lungo800.it\/wp-content\/uploads\/2013\/11\/D1\/D1_019.jpg\"\n               title=\"Fig. 19 \u2013 \u00abProvvidenze civiche umanitarie\u00bb, in \u00abIl Don Pirlone\u00bb, 8 novembre 1848, litografia in penna.\"\n               data-src=\"https:\/\/lungo800.it\/wp-content\/uploads\/2013\/11\/D1\/D1_019.jpg\"\n               data-thumbnail=\"https:\/\/lungo800.it\/wp-content\/uploads\/2013\/11\/D1\/thumbs\/thumbs_D1_019.jpg\"\n               data-image-id=\"572\"\n               data-title=\"Fig. 19 \u2013 \u00abProvvidenze civiche umanitarie\u00bb, in \u00abIl Don Pirlone\u00bb, 8 novembre 1848, litografia in penna.\"\n               data-description=\"Fig. 19 \u2013 \u00abProvvidenze civiche umanitarie\u00bb, in \u00abIl Don Pirlone\u00bb, 8 novembre 1848, litografia in penna.\"\n               data-image-slug=\"fig-19-provvidenze-civiche-umanitarie-in-il-don-pirlone-8-novembre-1848-litografia-in-penna\"\n               class=\"ngg-fancybox\" rel=\"131\">\n                <img\n                    title=\"Fig. 19 \u2013 \u00abProvvidenze civiche umanitarie\u00bb, in \u00abIl Don Pirlone\u00bb, 8 novembre 1848, litografia in penna.\"\n                    alt=\"Fig. 19 \u2013 \u00abProvvidenze civiche umanitarie\u00bb, in \u00abIl Don Pirlone\u00bb, 8 novembre 1848, litografia in penna.\"\n                    src=\"https:\/\/lungo800.it\/wp-content\/uploads\/2013\/11\/D1\/cache\/D1_019-nggid03572-ngg0dyn-150x150x100-00f0w010c011r110f110r010t010.jpg\"\n                    width=\"150\"\n                    height=\"150\"\n                    style=\"max-width:100%;\"\n                \/>\n            <\/a>\n        <\/div>\n\t\t\t\t\t\t\t<\/div> \n\t\t\t\n        \n\t\t\t\t<div id=\"ngg-image-21\" class=\"ngg-gallery-thumbnail-box\" >\n\t\t\t\t        <div class=\"ngg-gallery-thumbnail\">\n            <a href=\"https:\/\/lungo800.it\/wp-content\/uploads\/2013\/11\/D1\/D1_020.JPG\"\n               title=\"Fig. 20 \u2013 Antonio Masutti, \u00abCome! Mi si perdoni l\u2019indecenza ma certi bocconi fan male anche al Diavolo!!\u00bb, in \u00abIl Don Pirlone\u00bb, 16 giugno 1849.\"\n               data-src=\"https:\/\/lungo800.it\/wp-content\/uploads\/2013\/11\/D1\/D1_020.JPG\"\n               data-thumbnail=\"https:\/\/lungo800.it\/wp-content\/uploads\/2013\/11\/D1\/thumbs\/thumbs_D1_020.JPG\"\n               data-image-id=\"573\"\n               data-title=\"Fig. 20 \u2013 Antonio Masutti, \u00abCome! Mi si perdoni l\u2019indecenza ma certi bocconi fan male anche al Diavolo!!\u00bb, in \u00abIl Don Pirlone\u00bb, 16 giugno 1849.\"\n               data-description=\"Fig. 20 \u2013 Antonio Masutti, \u00abCome! Mi si perdoni l\u2019indecenza ma certi bocconi fan male anche al Diavolo!!\u00bb, in \u00abIl Don Pirlone\u00bb, 16 giugno 1849.\"\n               data-image-slug=\"fig-20-antonio-masutti-come-mi-si-perdoni-lindecenza-ma-certi-bocconi-fan-male-anche-al-diavolo-in-il-don-pirlone-16-giugno-1849\"\n               class=\"ngg-fancybox\" rel=\"131\">\n                <img\n                    title=\"Fig. 20 \u2013 Antonio Masutti, \u00abCome! Mi si perdoni l\u2019indecenza ma certi bocconi fan male anche al Diavolo!!\u00bb, in \u00abIl Don Pirlone\u00bb, 16 giugno 1849.\"\n                    alt=\"Fig. 20 \u2013 Antonio Masutti, \u00abCome! Mi si perdoni l\u2019indecenza ma certi bocconi fan male anche al Diavolo!!\u00bb, in \u00abIl Don Pirlone\u00bb, 16 giugno 1849.\"\n                    src=\"https:\/\/lungo800.it\/wp-content\/uploads\/2013\/11\/D1\/cache\/D1_020-nggid03573-ngg0dyn-150x150x100-00f0w010c011r110f110r010t010.JPG\"\n                    width=\"150\"\n                    height=\"150\"\n                    style=\"max-width:100%;\"\n                \/>\n            <\/a>\n        <\/div>\n\t\t\t\t\t\t\t<\/div> \n\t\t\t\n        \n\t\t\t\t<div id=\"ngg-image-22\" class=\"ngg-gallery-thumbnail-box\" >\n\t\t\t\t        <div class=\"ngg-gallery-thumbnail\">\n            <a href=\"https:\/\/lungo800.it\/wp-content\/uploads\/2013\/11\/D1\/D1_021.JPG\"\n               title=\"Fig. 21 \u2013 Antonio Masutti, \u00abGli starebbe proprio a pennello\u00bb, in \u00abIl Don Pirlone\u00bb, 2 gennaio 1849.\"\n               data-src=\"https:\/\/lungo800.it\/wp-content\/uploads\/2013\/11\/D1\/D1_021.JPG\"\n               data-thumbnail=\"https:\/\/lungo800.it\/wp-content\/uploads\/2013\/11\/D1\/thumbs\/thumbs_D1_021.JPG\"\n               data-image-id=\"574\"\n               data-title=\"Fig. 21 \u2013 Antonio Masutti, \u00abGli starebbe proprio a pennello\u00bb, in \u00abIl Don Pirlone\u00bb, 2 gennaio 1849.\"\n               data-description=\"Fig. 21 \u2013 Antonio Masutti, \u00abGli starebbe proprio a pennello\u00bb, in \u00abIl Don Pirlone\u00bb, 2 gennaio 1849.\"\n               data-image-slug=\"fig-21-antonio-masutti-gli-starebbe-proprio-a-pennello-in-il-don-pirlone-2-gennaio-1849\"\n               class=\"ngg-fancybox\" rel=\"131\">\n                <img\n                    title=\"Fig. 21 \u2013 Antonio Masutti, \u00abGli starebbe proprio a pennello\u00bb, in \u00abIl Don Pirlone\u00bb, 2 gennaio 1849.\"\n                    alt=\"Fig. 21 \u2013 Antonio Masutti, \u00abGli starebbe proprio a pennello\u00bb, in \u00abIl Don Pirlone\u00bb, 2 gennaio 1849.\"\n                    src=\"https:\/\/lungo800.it\/wp-content\/uploads\/2013\/11\/D1\/cache\/D1_021-nggid03574-ngg0dyn-150x150x100-00f0w010c011r110f110r010t010.JPG\"\n                    width=\"150\"\n                    height=\"150\"\n                    style=\"max-width:100%;\"\n                \/>\n            <\/a>\n        <\/div>\n\t\t\t\t\t\t\t<\/div> \n\t\t\t\n        \n\t\t\t\t<div id=\"ngg-image-23\" class=\"ngg-gallery-thumbnail-box\" >\n\t\t\t\t        <div class=\"ngg-gallery-thumbnail\">\n            <a href=\"https:\/\/lungo800.it\/wp-content\/uploads\/2013\/11\/D1\/D1_022.jpg\"\n               title=\"Fig. 22 \u2013 Antonio Masutti, \u00abIl 17 giugno 1846\u00bb, litografia (Civica Raccolta delle Stampe Achille Bertarelli, Milano).\"\n               data-src=\"https:\/\/lungo800.it\/wp-content\/uploads\/2013\/11\/D1\/D1_022.jpg\"\n               data-thumbnail=\"https:\/\/lungo800.it\/wp-content\/uploads\/2013\/11\/D1\/thumbs\/thumbs_D1_022.jpg\"\n               data-image-id=\"783\"\n               data-title=\"Fig. 22 \u2013 Antonio Masutti, \u00abIl 17 giugno 1846\u00bb, litografia (Civica Raccolta delle Stampe Achille Bertarelli, Milano).\"\n               data-description=\"Fig. 22 \u2013 Antonio Masutti, \u00abIl 17 giugno 1846\u00bb, litografia (Civica Raccolta delle Stampe Achille Bertarelli, Milano).\"\n               data-image-slug=\"fig-22-antonio-masutti-il-17-giugno-1846-litografia-civica-raccolta-delle-stampe-achille-bertarelli-milano-2\"\n               class=\"ngg-fancybox\" rel=\"131\">\n                <img\n                    title=\"Fig. 22 \u2013 Antonio Masutti, \u00abIl 17 giugno 1846\u00bb, litografia (Civica Raccolta delle Stampe Achille Bertarelli, Milano).\"\n                    alt=\"Fig. 22 \u2013 Antonio Masutti, \u00abIl 17 giugno 1846\u00bb, litografia (Civica Raccolta delle Stampe Achille Bertarelli, Milano).\"\n                    src=\"https:\/\/lungo800.it\/wp-content\/uploads\/2013\/11\/D1\/cache\/D1_022-nggid03783-ngg0dyn-150x150x100-00f0w010c011r110f110r010t010.jpg\"\n                    width=\"150\"\n                    height=\"150\"\n                    style=\"max-width:100%;\"\n                \/>\n            <\/a>\n        <\/div>\n\t\t\t\t\t\t\t<\/div> \n\t\t\t\n        \n\t\t\t\t<div id=\"ngg-image-24\" class=\"ngg-gallery-thumbnail-box\" >\n\t\t\t\t        <div class=\"ngg-gallery-thumbnail\">\n            <a href=\"https:\/\/lungo800.it\/wp-content\/uploads\/2013\/11\/D1\/D1_023.jpg\"\n               title=\"Fig. 23 \u2013 Antonio Masutti, \u00abUn paradosso cattolico\u00bb, in Michelangelo Pinto, \u201cDon Pirlone a Roma. Memorie di un italiano dal 1 settembre 1848 al 31 dicembre 1850\u201d, Torino 1853, incisione.\"\n               data-src=\"https:\/\/lungo800.it\/wp-content\/uploads\/2013\/11\/D1\/D1_023.jpg\"\n               data-thumbnail=\"https:\/\/lungo800.it\/wp-content\/uploads\/2013\/11\/D1\/thumbs\/thumbs_D1_023.jpg\"\n               data-image-id=\"576\"\n               data-title=\"Fig. 23 \u2013 Antonio Masutti, \u00abUn paradosso cattolico\u00bb, in Michelangelo Pinto, \u201cDon Pirlone a Roma. Memorie di un italiano dal 1 settembre 1848 al 31 dicembre 1850\u201d, Torino 1853, incisione.\"\n               data-description=\"Fig. 23 \u2013 Antonio Masutti, \u00abUn paradosso cattolico\u00bb, in Michelangelo Pinto, \u201cDon Pirlone a Roma. Memorie di un italiano dal 1 settembre 1848 al 31 dicembre 1850\u201d, Torino 1853, incisione.\"\n               data-image-slug=\"fig-23-antonio-masutti-un-paradosso-cattolico-in-michelangelo-pinto-don-pirlone-a-roma-memorie-di-un-italiano-dal-1-settembre-1848-al-31-dicembre-1850-tor\"\n               class=\"ngg-fancybox\" rel=\"131\">\n                <img\n                    title=\"Fig. 23 \u2013 Antonio Masutti, \u00abUn paradosso cattolico\u00bb, in Michelangelo Pinto, \u201cDon Pirlone a Roma. Memorie di un italiano dal 1 settembre 1848 al 31 dicembre 1850\u201d, Torino 1853, incisione.\"\n                    alt=\"Fig. 23 \u2013 Antonio Masutti, \u00abUn paradosso cattolico\u00bb, in Michelangelo Pinto, \u201cDon Pirlone a Roma. Memorie di un italiano dal 1 settembre 1848 al 31 dicembre 1850\u201d, Torino 1853, incisione.\"\n                    src=\"https:\/\/lungo800.it\/wp-content\/uploads\/2013\/11\/D1\/cache\/D1_023-nggid03576-ngg0dyn-150x150x100-00f0w010c011r110f110r010t010.jpg\"\n                    width=\"150\"\n                    height=\"150\"\n                    style=\"max-width:100%;\"\n                \/>\n            <\/a>\n        <\/div>\n\t\t\t\t\t\t\t<\/div> \n\t\t\t\n        \n\t\t\t\t<div id=\"ngg-image-25\" class=\"ngg-gallery-thumbnail-box\" >\n\t\t\t\t        <div class=\"ngg-gallery-thumbnail\">\n            <a href=\"https:\/\/lungo800.it\/wp-content\/uploads\/2013\/11\/D1\/D1_024.jpg\"\n               title=\"Fig. 24 \u2013 Antonio Masutti, \u00abLa tigre coronata\u00bb, in Michelangelo Pinto, \u201cDon Pirlone a Roma. Memorie di un italiano dal 1 settembre 1848 al 31 dicembre 1850\u201d, Torino 1853, incisione.\"\n               data-src=\"https:\/\/lungo800.it\/wp-content\/uploads\/2013\/11\/D1\/D1_024.jpg\"\n               data-thumbnail=\"https:\/\/lungo800.it\/wp-content\/uploads\/2013\/11\/D1\/thumbs\/thumbs_D1_024.jpg\"\n               data-image-id=\"577\"\n               data-title=\"Fig. 24 \u2013 Antonio Masutti, \u00abLa tigre coronata\u00bb, in Michelangelo Pinto, \u201cDon Pirlone a Roma. Memorie di un italiano dal 1 settembre 1848 al 31 dicembre 1850\u201d, Torino 1853, incisione.\"\n               data-description=\"Fig. 24 \u2013 Antonio Masutti, \u00abLa tigre coronata\u00bb, in Michelangelo Pinto, \u201cDon Pirlone a Roma. Memorie di un italiano dal 1 settembre 1848 al 31 dicembre 1850\u201d, Torino 1853, incisione.\"\n               data-image-slug=\"fig-24-antonio-masutti-la-tigre-coronata-in-michelangelo-pinto-don-pirlone-a-roma-memorie-di-un-italiano-dal-1-settembre-1848-al-31-dicembre-1850-torino-1\"\n               class=\"ngg-fancybox\" rel=\"131\">\n                <img\n                    title=\"Fig. 24 \u2013 Antonio Masutti, \u00abLa tigre coronata\u00bb, in Michelangelo Pinto, \u201cDon Pirlone a Roma. Memorie di un italiano dal 1 settembre 1848 al 31 dicembre 1850\u201d, Torino 1853, incisione.\"\n                    alt=\"Fig. 24 \u2013 Antonio Masutti, \u00abLa tigre coronata\u00bb, in Michelangelo Pinto, \u201cDon Pirlone a Roma. Memorie di un italiano dal 1 settembre 1848 al 31 dicembre 1850\u201d, Torino 1853, incisione.\"\n                    src=\"https:\/\/lungo800.it\/wp-content\/uploads\/2013\/11\/D1\/cache\/D1_024-nggid03577-ngg0dyn-150x150x100-00f0w010c011r110f110r010t010.jpg\"\n                    width=\"150\"\n                    height=\"150\"\n                    style=\"max-width:100%;\"\n                \/>\n            <\/a>\n        <\/div>\n\t\t\t\t\t\t\t<\/div> \n\t\t\t\n        \n\t\t\t\t<div id=\"ngg-image-26\" class=\"ngg-gallery-thumbnail-box\" >\n\t\t\t\t        <div class=\"ngg-gallery-thumbnail\">\n            <a href=\"https:\/\/lungo800.it\/wp-content\/uploads\/2013\/11\/D1\/D1_025_.jpg\"\n               title=\"Fig. 25 \u2013 Antonio Masutti, \u00abRiunione Italiana\u00bb, 1848, litografia (Civica Raccolta delle Stampe Achille Bertarelli, Milano).\"\n               data-src=\"https:\/\/lungo800.it\/wp-content\/uploads\/2013\/11\/D1\/D1_025_.jpg\"\n               data-thumbnail=\"https:\/\/lungo800.it\/wp-content\/uploads\/2013\/11\/D1\/thumbs\/thumbs_D1_025_.jpg\"\n               data-image-id=\"784\"\n               data-title=\"Fig. 25 \u2013 Antonio Masutti, \u00abRiunione Italiana\u00bb, 1848, litografia (Civica Raccolta delle Stampe Achille Bertarelli, Milano).\"\n               data-description=\"Fig. 25 \u2013 Antonio Masutti, \u00abRiunione Italiana\u00bb, 1848, litografia (Civica Raccolta delle Stampe Achille Bertarelli, Milano).\"\n               data-image-slug=\"fig-25-antonio-masutti-riunione-italiana-1848-litografia-civica-raccolta-delle-stampe-achille-bertarelli-milano-2\"\n               class=\"ngg-fancybox\" rel=\"131\">\n                <img\n                    title=\"Fig. 25 \u2013 Antonio Masutti, \u00abRiunione Italiana\u00bb, 1848, litografia (Civica Raccolta delle Stampe Achille Bertarelli, Milano).\"\n                    alt=\"Fig. 25 \u2013 Antonio Masutti, \u00abRiunione Italiana\u00bb, 1848, litografia (Civica Raccolta delle Stampe Achille Bertarelli, Milano).\"\n                    src=\"https:\/\/lungo800.it\/wp-content\/uploads\/2013\/11\/D1\/cache\/D1_025_-nggid03784-ngg0dyn-150x150x100-00f0w010c011r110f110r010t010.jpg\"\n                    width=\"150\"\n                    height=\"150\"\n                    style=\"max-width:100%;\"\n                \/>\n            <\/a>\n        <\/div>\n\t\t\t\t\t\t\t<\/div> \n\t\t\t\n        \n\t\t\t\t<div id=\"ngg-image-27\" class=\"ngg-gallery-thumbnail-box\" >\n\t\t\t\t        <div class=\"ngg-gallery-thumbnail\">\n            <a href=\"https:\/\/lungo800.it\/wp-content\/uploads\/2013\/11\/D1\/D1_026.jpg\"\n               title=\"Fig. 26 \u2013 Antonio Masutti, \u00abLa gloria\u00bb, in Michelangelo Pinto, \u201cDon Pirlone a Roma. Memorie di un italiano dal 1 settembre 1848 al 31 dicembre 1850\u201d, Torino 1853, incisione.\"\n               data-src=\"https:\/\/lungo800.it\/wp-content\/uploads\/2013\/11\/D1\/D1_026.jpg\"\n               data-thumbnail=\"https:\/\/lungo800.it\/wp-content\/uploads\/2013\/11\/D1\/thumbs\/thumbs_D1_026.jpg\"\n               data-image-id=\"579\"\n               data-title=\"Fig. 26 \u2013 Antonio Masutti, \u00abLa gloria\u00bb, in Michelangelo Pinto, \u201cDon Pirlone a Roma. Memorie di un italiano dal 1 settembre 1848 al 31 dicembre 1850\u201d, Torino 1853, incisione.\"\n               data-description=\"Fig. 26 \u2013 Antonio Masutti, \u00abLa gloria\u00bb, in Michelangelo Pinto, \u201cDon Pirlone a Roma. Memorie di un italiano dal 1 settembre 1848 al 31 dicembre 1850\u201d, Torino 1853, incisione.\"\n               data-image-slug=\"fig-26-antonio-masutti-la-gloria-in-michelangelo-pinto-don-pirlone-a-roma-memorie-di-un-italiano-dal-1-settembre-1848-al-31-dicembre-1850-torino-1853-inc\"\n               class=\"ngg-fancybox\" rel=\"131\">\n                <img\n                    title=\"Fig. 26 \u2013 Antonio Masutti, \u00abLa gloria\u00bb, in Michelangelo Pinto, \u201cDon Pirlone a Roma. Memorie di un italiano dal 1 settembre 1848 al 31 dicembre 1850\u201d, Torino 1853, incisione.\"\n                    alt=\"Fig. 26 \u2013 Antonio Masutti, \u00abLa gloria\u00bb, in Michelangelo Pinto, \u201cDon Pirlone a Roma. Memorie di un italiano dal 1 settembre 1848 al 31 dicembre 1850\u201d, Torino 1853, incisione.\"\n                    src=\"https:\/\/lungo800.it\/wp-content\/uploads\/2013\/11\/D1\/cache\/D1_026-nggid03579-ngg0dyn-150x150x100-00f0w010c011r110f110r010t010.jpg\"\n                    width=\"150\"\n                    height=\"150\"\n                    style=\"max-width:100%;\"\n                \/>\n            <\/a>\n        <\/div>\n\t\t\t\t\t\t\t<\/div> \n\t\t\t\n        \n\t\t\t\t<div id=\"ngg-image-28\" class=\"ngg-gallery-thumbnail-box\" >\n\t\t\t\t        <div class=\"ngg-gallery-thumbnail\">\n            <a href=\"https:\/\/lungo800.it\/wp-content\/uploads\/2013\/11\/D1\/D1_027.jpg\"\n               title=\"Fig. 27 \u2013 Cherubino Cornienti, \u00abIl 16 luglio 1846\u00bb, 1846-47, litografia (Civica Raccolta delle Stampe Achille Bertarelli, Milano).\"\n               data-src=\"https:\/\/lungo800.it\/wp-content\/uploads\/2013\/11\/D1\/D1_027.jpg\"\n               data-thumbnail=\"https:\/\/lungo800.it\/wp-content\/uploads\/2013\/11\/D1\/thumbs\/thumbs_D1_027.jpg\"\n               data-image-id=\"785\"\n               data-title=\"Fig. 27 \u2013 Cherubino Cornienti, \u00abIl 16 luglio 1846\u00bb, 1846-47, litografia (Civica Raccolta delle Stampe Achille Bertarelli, Milano).\"\n               data-description=\"Fig. 27 \u2013 Cherubino Cornienti, \u00abIl 16 luglio 1846\u00bb, 1846-47, litografia (Civica Raccolta delle Stampe Achille Bertarelli, Milano).\"\n               data-image-slug=\"fig-27-cherubino-cornienti-il-16-luglio-1846-1846-47-litografia-civica-raccolta-delle-stampe-achille-bertarelli-milano-2\"\n               class=\"ngg-fancybox\" rel=\"131\">\n                <img\n                    title=\"Fig. 27 \u2013 Cherubino Cornienti, \u00abIl 16 luglio 1846\u00bb, 1846-47, litografia (Civica Raccolta delle Stampe Achille Bertarelli, Milano).\"\n                    alt=\"Fig. 27 \u2013 Cherubino Cornienti, \u00abIl 16 luglio 1846\u00bb, 1846-47, litografia (Civica Raccolta delle Stampe Achille Bertarelli, Milano).\"\n                    src=\"https:\/\/lungo800.it\/wp-content\/uploads\/2013\/11\/D1\/cache\/D1_027-nggid03785-ngg0dyn-150x150x100-00f0w010c011r110f110r010t010.jpg\"\n                    width=\"150\"\n                    height=\"150\"\n                    style=\"max-width:100%;\"\n                \/>\n            <\/a>\n        <\/div>\n\t\t\t\t\t\t\t<\/div> \n\t\t\t\n        \n\t\t\t\t<div id=\"ngg-image-29\" class=\"ngg-gallery-thumbnail-box\" >\n\t\t\t\t        <div class=\"ngg-gallery-thumbnail\">\n            <a href=\"https:\/\/lungo800.it\/wp-content\/uploads\/2013\/11\/D1\/D1_028.jpg\"\n               title=\"Fig. 28 \u2013 S.n., \u00abNon si pu\u00f2 pi\u00f9 seder su due scranni!\u00bb, in \u00abLo Spirito Folletto\u00bb, 31 luglio 1848, litografia.\"\n               data-src=\"https:\/\/lungo800.it\/wp-content\/uploads\/2013\/11\/D1\/D1_028.jpg\"\n               data-thumbnail=\"https:\/\/lungo800.it\/wp-content\/uploads\/2013\/11\/D1\/thumbs\/thumbs_D1_028.jpg\"\n               data-image-id=\"720\"\n               data-title=\"Fig. 28 \u2013 S.n., \u00abNon si pu\u00f2 pi\u00f9 seder su due scranni!\u00bb, in \u00abLo Spirito Folletto\u00bb, 31 luglio 1848, litografia.\"\n               data-description=\"Fig. 28 \u2013 S.n., \u00abNon si pu\u00f2 pi\u00f9 seder su due scranni!\u00bb, in \u00abLo Spirito Folletto\u00bb, 31 luglio 1848, litografia.\"\n               data-image-slug=\"fig-28-s-n-non-si-puo-piu-seder-su-due-scranni-in-lo-spirito-folletto-31-luglio-1848-litografia\"\n               class=\"ngg-fancybox\" rel=\"131\">\n                <img\n                    title=\"Fig. 28 \u2013 S.n., \u00abNon si pu\u00f2 pi\u00f9 seder su due scranni!\u00bb, in \u00abLo Spirito Folletto\u00bb, 31 luglio 1848, litografia.\"\n                    alt=\"Fig. 28 \u2013 S.n., \u00abNon si pu\u00f2 pi\u00f9 seder su due scranni!\u00bb, in \u00abLo Spirito Folletto\u00bb, 31 luglio 1848, litografia.\"\n                    src=\"https:\/\/lungo800.it\/wp-content\/uploads\/2013\/11\/D1\/cache\/D1_028-nggid03720-ngg0dyn-150x150x100-00f0w010c011r110f110r010t010.jpg\"\n                    width=\"150\"\n                    height=\"150\"\n                    style=\"max-width:100%;\"\n                \/>\n            <\/a>\n        <\/div>\n\t\t\t\t\t\t\t<\/div> \n\t\t\t\n        \n\t\t\t\t<div id=\"ngg-image-30\" class=\"ngg-gallery-thumbnail-box\" >\n\t\t\t\t        <div class=\"ngg-gallery-thumbnail\">\n            <a href=\"https:\/\/lungo800.it\/wp-content\/uploads\/2013\/11\/D1\/D1_029.JPG\"\n               title=\"Fig. 29 \u2013 Antonio Masutti, \u00abIl papato\u00bb, in Michelangelo Pinto, \u201cMemorie di un italiano dal 1 settembre 1848 al 31 dicembre 1850\u201d, Torino 1853, incisione.\"\n               data-src=\"https:\/\/lungo800.it\/wp-content\/uploads\/2013\/11\/D1\/D1_029.JPG\"\n               data-thumbnail=\"https:\/\/lungo800.it\/wp-content\/uploads\/2013\/11\/D1\/thumbs\/thumbs_D1_029.JPG\"\n               data-image-id=\"581\"\n               data-title=\"Fig. 29 \u2013 Antonio Masutti, \u00abIl papato\u00bb, in Michelangelo Pinto, \u201cMemorie di un italiano dal 1 settembre 1848 al 31 dicembre 1850\u201d, Torino 1853, incisione.\"\n               data-description=\"Fig. 29 \u2013 Antonio Masutti, \u00abIl papato\u00bb, in Michelangelo Pinto, \u201cMemorie di un italiano dal 1 settembre 1848 al 31 dicembre 1850\u201d, Torino 1853, incisione.\"\n               data-image-slug=\"fig-29-antonio-masutti-il-papato-in-michelangelo-pinto-memorie-di-un-italiano-dal-1-settembre-1848-al-31-dicembre-1850-torino-1853-incisione\"\n               class=\"ngg-fancybox\" rel=\"131\">\n                <img\n                    title=\"Fig. 29 \u2013 Antonio Masutti, \u00abIl papato\u00bb, in Michelangelo Pinto, \u201cMemorie di un italiano dal 1 settembre 1848 al 31 dicembre 1850\u201d, Torino 1853, incisione.\"\n                    alt=\"Fig. 29 \u2013 Antonio Masutti, \u00abIl papato\u00bb, in Michelangelo Pinto, \u201cMemorie di un italiano dal 1 settembre 1848 al 31 dicembre 1850\u201d, Torino 1853, incisione.\"\n                    src=\"https:\/\/lungo800.it\/wp-content\/uploads\/2013\/11\/D1\/cache\/D1_029-nggid03581-ngg0dyn-150x150x100-00f0w010c011r110f110r010t010.JPG\"\n                    width=\"150\"\n                    height=\"150\"\n                    style=\"max-width:100%;\"\n                \/>\n            <\/a>\n        <\/div>\n\t\t\t\t\t\t\t<\/div> \n\t\t\t\n        \n\t\t\t\t<div id=\"ngg-image-31\" class=\"ngg-gallery-thumbnail-box\" >\n\t\t\t\t        <div class=\"ngg-gallery-thumbnail\">\n            <a href=\"https:\/\/lungo800.it\/wp-content\/uploads\/2013\/11\/D1\/D1_030.JPG\"\n               title=\"Fig. 30 \u2013 Francesco Redenti, \u00abLa donna dai quattro dolori\u00bb, in \u00abIl Fischietto\u00bb, 13 novembre 1853.\"\n               data-src=\"https:\/\/lungo800.it\/wp-content\/uploads\/2013\/11\/D1\/D1_030.JPG\"\n               data-thumbnail=\"https:\/\/lungo800.it\/wp-content\/uploads\/2013\/11\/D1\/thumbs\/thumbs_D1_030.JPG\"\n               data-image-id=\"582\"\n               data-title=\"Fig. 30 \u2013 Francesco Redenti, \u00abLa donna dai quattro dolori\u00bb, in \u00abIl Fischietto\u00bb, 13 novembre 1853.\"\n               data-description=\"Fig. 30 \u2013 Francesco Redenti, \u00abLa donna dai quattro dolori\u00bb, in \u00abIl Fischietto\u00bb, 13 novembre 1853.\"\n               data-image-slug=\"fig-30-francesco-redenti-la-donna-dai-quattro-dolori-in-il-fischietto-13-novembre-1853\"\n               class=\"ngg-fancybox\" rel=\"131\">\n                <img\n                    title=\"Fig. 30 \u2013 Francesco Redenti, \u00abLa donna dai quattro dolori\u00bb, in \u00abIl Fischietto\u00bb, 13 novembre 1853.\"\n                    alt=\"Fig. 30 \u2013 Francesco Redenti, \u00abLa donna dai quattro dolori\u00bb, in \u00abIl Fischietto\u00bb, 13 novembre 1853.\"\n                    src=\"https:\/\/lungo800.it\/wp-content\/uploads\/2013\/11\/D1\/cache\/D1_030-nggid03582-ngg0dyn-150x150x100-00f0w010c011r110f110r010t010.JPG\"\n                    width=\"150\"\n                    height=\"150\"\n                    style=\"max-width:100%;\"\n                \/>\n            <\/a>\n        <\/div>\n\t\t\t\t\t\t\t<\/div> \n\t\t\t\n        \n\t\t\t\t<div id=\"ngg-image-32\" class=\"ngg-gallery-thumbnail-box\" >\n\t\t\t\t        <div class=\"ngg-gallery-thumbnail\">\n            <a href=\"https:\/\/lungo800.it\/wp-content\/uploads\/2013\/11\/D1\/D1_031.jpg\"\n               title=\"Fig. 31 \u2013 Antonio Masutti, \u00abLe quattro piaghe\u00bb, in Michelangelo Pinto, \u201cMemorie di un italiano dal 1 settembre 1848 al 31 dicembre 1850\u201d, Torino 1853, incisione.\"\n               data-src=\"https:\/\/lungo800.it\/wp-content\/uploads\/2013\/11\/D1\/D1_031.jpg\"\n               data-thumbnail=\"https:\/\/lungo800.it\/wp-content\/uploads\/2013\/11\/D1\/thumbs\/thumbs_D1_031.jpg\"\n               data-image-id=\"583\"\n               data-title=\"Fig. 31 \u2013 Antonio Masutti, \u00abLe quattro piaghe\u00bb, in Michelangelo Pinto, \u201cMemorie di un italiano dal 1 settembre 1848 al 31 dicembre 1850\u201d, Torino 1853, incisione.\"\n               data-description=\"Fig. 31 \u2013 Antonio Masutti, \u00abLe quattro piaghe\u00bb, in Michelangelo Pinto, \u201cMemorie di un italiano dal 1 settembre 1848 al 31 dicembre 1850\u201d, Torino 1853, incisione.\"\n               data-image-slug=\"fig-31-antonio-masutti-le-quattro-piaghe-in-michelangelo-pinto-memorie-di-un-italiano-dal-1-settembre-1848-al-31-dicembre-1850-torino-1853-incisione\"\n               class=\"ngg-fancybox\" rel=\"131\">\n                <img\n                    title=\"Fig. 31 \u2013 Antonio Masutti, \u00abLe quattro piaghe\u00bb, in Michelangelo Pinto, \u201cMemorie di un italiano dal 1 settembre 1848 al 31 dicembre 1850\u201d, Torino 1853, incisione.\"\n                    alt=\"Fig. 31 \u2013 Antonio Masutti, \u00abLe quattro piaghe\u00bb, in Michelangelo Pinto, \u201cMemorie di un italiano dal 1 settembre 1848 al 31 dicembre 1850\u201d, Torino 1853, incisione.\"\n                    src=\"https:\/\/lungo800.it\/wp-content\/uploads\/2013\/11\/D1\/cache\/D1_031-nggid03583-ngg0dyn-150x150x100-00f0w010c011r110f110r010t010.jpg\"\n                    width=\"150\"\n                    height=\"150\"\n                    style=\"max-width:100%;\"\n                \/>\n            <\/a>\n        <\/div>\n\t\t\t\t\t\t\t<\/div> \n\t\t\t\n        \n\t\t\t\t<div id=\"ngg-image-33\" class=\"ngg-gallery-thumbnail-box\" >\n\t\t\t\t        <div class=\"ngg-gallery-thumbnail\">\n            <a href=\"https:\/\/lungo800.it\/wp-content\/uploads\/2013\/11\/D1\/D1_032_a.JPG\"\n               title=\"Fig. 32a \u2013 Luigi Taccani, \u00abIl Gabinetto di un\u2019italiana\u00bb, in \u00abLo Spirito Folletto\u00bb, 4 luglio 1861, litografia.\"\n               data-src=\"https:\/\/lungo800.it\/wp-content\/uploads\/2013\/11\/D1\/D1_032_a.JPG\"\n               data-thumbnail=\"https:\/\/lungo800.it\/wp-content\/uploads\/2013\/11\/D1\/thumbs\/thumbs_D1_032_a.JPG\"\n               data-image-id=\"584\"\n               data-title=\"Fig. 32a \u2013 Luigi Taccani, \u00abIl Gabinetto di un\u2019italiana\u00bb, in \u00abLo Spirito Folletto\u00bb, 4 luglio 1861, litografia.\"\n               data-description=\"Fig. 32a \u2013 Luigi Taccani, \u00abIl Gabinetto di un\u2019italiana\u00bb, in \u00abLo Spirito Folletto\u00bb, 4 luglio 1861, litografia.\"\n               data-image-slug=\"fig-32a-luigi-taccani-il-gabinetto-di-unitaliana-in-lo-spirito-folletto-4-luglio-1861-litografia\"\n               class=\"ngg-fancybox\" rel=\"131\">\n                <img\n                    title=\"Fig. 32a \u2013 Luigi Taccani, \u00abIl Gabinetto di un\u2019italiana\u00bb, in \u00abLo Spirito Folletto\u00bb, 4 luglio 1861, litografia.\"\n                    alt=\"Fig. 32a \u2013 Luigi Taccani, \u00abIl Gabinetto di un\u2019italiana\u00bb, in \u00abLo Spirito Folletto\u00bb, 4 luglio 1861, litografia.\"\n                    src=\"https:\/\/lungo800.it\/wp-content\/uploads\/2013\/11\/D1\/cache\/D1_032_a-nggid03584-ngg0dyn-150x150x100-00f0w010c011r110f110r010t010.JPG\"\n                    width=\"150\"\n                    height=\"150\"\n                    style=\"max-width:100%;\"\n                \/>\n            <\/a>\n        <\/div>\n\t\t\t\t\t\t\t<\/div> \n\t\t\t\n        \n\t\t\t\t<div id=\"ngg-image-34\" class=\"ngg-gallery-thumbnail-box\" >\n\t\t\t\t        <div class=\"ngg-gallery-thumbnail\">\n            <a href=\"https:\/\/lungo800.it\/wp-content\/uploads\/2013\/11\/D1\/D1_032_b.JPG\"\n               title=\"Fig. 32b \u2013 Luigi Taccani, \u00abIl volo d\u2019Italia\u00bb, in \u00abLo Spirito Folletto\u00bb, 4 luglio 1861, litografia.\"\n               data-src=\"https:\/\/lungo800.it\/wp-content\/uploads\/2013\/11\/D1\/D1_032_b.JPG\"\n               data-thumbnail=\"https:\/\/lungo800.it\/wp-content\/uploads\/2013\/11\/D1\/thumbs\/thumbs_D1_032_b.JPG\"\n               data-image-id=\"585\"\n               data-title=\"Fig. 32b \u2013 Luigi Taccani, \u00abIl volo d\u2019Italia\u00bb, in \u00abLo Spirito Folletto\u00bb, 4 luglio 1861, litografia.\"\n               data-description=\"Fig. 32b \u2013 Luigi Taccani, \u00abIl volo d\u2019Italia\u00bb, in \u00abLo Spirito Folletto\u00bb, 4 luglio 1861, litografia.\"\n               data-image-slug=\"fig-32b-luigi-taccani-il-volo-ditalia-in-lo-spirito-folletto-4-luglio-1861-litografia\"\n               class=\"ngg-fancybox\" rel=\"131\">\n                <img\n                    title=\"Fig. 32b \u2013 Luigi Taccani, \u00abIl volo d\u2019Italia\u00bb, in \u00abLo Spirito Folletto\u00bb, 4 luglio 1861, litografia.\"\n                    alt=\"Fig. 32b \u2013 Luigi Taccani, \u00abIl volo d\u2019Italia\u00bb, in \u00abLo Spirito Folletto\u00bb, 4 luglio 1861, litografia.\"\n                    src=\"https:\/\/lungo800.it\/wp-content\/uploads\/2013\/11\/D1\/cache\/D1_032_b-nggid03585-ngg0dyn-150x150x100-00f0w010c011r110f110r010t010.JPG\"\n                    width=\"150\"\n                    height=\"150\"\n                    style=\"max-width:100%;\"\n                \/>\n            <\/a>\n        <\/div>\n\t\t\t\t\t\t\t<\/div> \n\t\t\t\n        \n\t\t\t\t<div id=\"ngg-image-35\" class=\"ngg-gallery-thumbnail-box\" >\n\t\t\t\t        <div class=\"ngg-gallery-thumbnail\">\n            <a href=\"https:\/\/lungo800.it\/wp-content\/uploads\/2013\/11\/D1\/D1_033.JPG\"\n               title=\"Fig. 33 \u2013 Guido Gonin, \u00abLa Polonia\u00bb, in \u00abLo Spirito Folletto\u00bb, 5 marzo 1863, litografia su due pagine.\"\n               data-src=\"https:\/\/lungo800.it\/wp-content\/uploads\/2013\/11\/D1\/D1_033.JPG\"\n               data-thumbnail=\"https:\/\/lungo800.it\/wp-content\/uploads\/2013\/11\/D1\/thumbs\/thumbs_D1_033.JPG\"\n               data-image-id=\"586\"\n               data-title=\"Fig. 33 \u2013 Guido Gonin, \u00abLa Polonia\u00bb, in \u00abLo Spirito Folletto\u00bb, 5 marzo 1863, litografia su due pagine.\"\n               data-description=\"Fig. 33 \u2013 Guido Gonin, \u00abLa Polonia\u00bb, in \u00abLo Spirito Folletto\u00bb, 5 marzo 1863, litografia su due pagine.\"\n               data-image-slug=\"fig-33-guido-gonin-la-polonia-in-lo-spirito-folletto-5-marzo-1863-litografia-su-due-pagine\"\n               class=\"ngg-fancybox\" rel=\"131\">\n                <img\n                    title=\"Fig. 33 \u2013 Guido Gonin, \u00abLa Polonia\u00bb, in \u00abLo Spirito Folletto\u00bb, 5 marzo 1863, litografia su due pagine.\"\n                    alt=\"Fig. 33 \u2013 Guido Gonin, \u00abLa Polonia\u00bb, in \u00abLo Spirito Folletto\u00bb, 5 marzo 1863, litografia su due pagine.\"\n                    src=\"https:\/\/lungo800.it\/wp-content\/uploads\/2013\/11\/D1\/cache\/D1_033-nggid03586-ngg0dyn-150x150x100-00f0w010c011r110f110r010t010.JPG\"\n                    width=\"150\"\n                    height=\"150\"\n                    style=\"max-width:100%;\"\n                \/>\n            <\/a>\n        <\/div>\n\t\t\t\t\t\t\t<\/div> \n\t\t\t\n        \n\t\t\t\t<div id=\"ngg-image-36\" class=\"ngg-gallery-thumbnail-box\" >\n\t\t\t\t        <div class=\"ngg-gallery-thumbnail\">\n            <a href=\"https:\/\/lungo800.it\/wp-content\/uploads\/2013\/11\/D1\/D1_034.JPG\"\n               title=\"Fig. 34 \u2013 Antonio Masutti, \u00abLa grifagna ringalluzzita\u00bb, in Michelangelo Pinto, \u201cMemorie di un italiano dal 1 settembre 1848 al 31 dicembre 1850\u201d, Torino 1853, incisione.\"\n               data-src=\"https:\/\/lungo800.it\/wp-content\/uploads\/2013\/11\/D1\/D1_034.JPG\"\n               data-thumbnail=\"https:\/\/lungo800.it\/wp-content\/uploads\/2013\/11\/D1\/thumbs\/thumbs_D1_034.JPG\"\n               data-image-id=\"587\"\n               data-title=\"Fig. 34 \u2013 Antonio Masutti, \u00abLa grifagna ringalluzzita\u00bb, in Michelangelo Pinto, \u201cMemorie di un italiano dal 1 settembre 1848 al 31 dicembre 1850\u201d, Torino 1853, incisione.\"\n               data-description=\"Fig. 34 \u2013 Antonio Masutti, \u00abLa grifagna ringalluzzita\u00bb, in Michelangelo Pinto, \u201cMemorie di un italiano dal 1 settembre 1848 al 31 dicembre 1850\u201d, Torino 1853, incisione.\"\n               data-image-slug=\"fig-34-antonio-masutti-la-grifagna-ringalluzzita-in-michelangelo-pinto-memorie-di-un-italiano-dal-1-settembre-1848-al-31-dicembre-1850-torino-1853-incisio\"\n               class=\"ngg-fancybox\" rel=\"131\">\n                <img\n                    title=\"Fig. 34 \u2013 Antonio Masutti, \u00abLa grifagna ringalluzzita\u00bb, in Michelangelo Pinto, \u201cMemorie di un italiano dal 1 settembre 1848 al 31 dicembre 1850\u201d, Torino 1853, incisione.\"\n                    alt=\"Fig. 34 \u2013 Antonio Masutti, \u00abLa grifagna ringalluzzita\u00bb, in Michelangelo Pinto, \u201cMemorie di un italiano dal 1 settembre 1848 al 31 dicembre 1850\u201d, Torino 1853, incisione.\"\n                    src=\"https:\/\/lungo800.it\/wp-content\/uploads\/2013\/11\/D1\/cache\/D1_034-nggid03587-ngg0dyn-150x150x100-00f0w010c011r110f110r010t010.JPG\"\n                    width=\"150\"\n                    height=\"150\"\n                    style=\"max-width:100%;\"\n                \/>\n            <\/a>\n        <\/div>\n\t\t\t\t\t\t\t<\/div> \n\t\t\t\n        \n\t\t\t\t<div id=\"ngg-image-37\" class=\"ngg-gallery-thumbnail-box\" >\n\t\t\t\t        <div class=\"ngg-gallery-thumbnail\">\n            <a href=\"https:\/\/lungo800.it\/wp-content\/uploads\/2013\/11\/D1\/D1_035.jpg\"\n               title=\"Fig. 35 \u2013 Guido Gonin, \u00abLa Speranza d\u2019Italia\u00bb, in \u00abLo Spirito Folletto\u00bb, 26 giugno 1862, litografia su due pagine.\"\n               data-src=\"https:\/\/lungo800.it\/wp-content\/uploads\/2013\/11\/D1\/D1_035.jpg\"\n               data-thumbnail=\"https:\/\/lungo800.it\/wp-content\/uploads\/2013\/11\/D1\/thumbs\/thumbs_D1_035.jpg\"\n               data-image-id=\"608\"\n               data-title=\"Fig. 35 \u2013 Guido Gonin, \u00abLa Speranza d\u2019Italia\u00bb, in \u00abLo Spirito Folletto\u00bb, 26 giugno 1862, litografia su due pagine.\"\n               data-description=\"Fig. 35 \u2013 Guido Gonin, \u00abLa Speranza d\u2019Italia\u00bb, in \u00abLo Spirito Folletto\u00bb, 26 giugno 1862, litografia su due pagine.\"\n               data-image-slug=\"fig-35-guido-gonin-la-speranza-ditalia-in-lo-spirito-folletto-26-giugno-1862-litografia-su-due-pagine\"\n               class=\"ngg-fancybox\" rel=\"131\">\n                <img\n                    title=\"Fig. 35 \u2013 Guido Gonin, \u00abLa Speranza d\u2019Italia\u00bb, in \u00abLo Spirito Folletto\u00bb, 26 giugno 1862, litografia su due pagine.\"\n                    alt=\"Fig. 35 \u2013 Guido Gonin, \u00abLa Speranza d\u2019Italia\u00bb, in \u00abLo Spirito Folletto\u00bb, 26 giugno 1862, litografia su due pagine.\"\n                    src=\"https:\/\/lungo800.it\/wp-content\/uploads\/2013\/11\/D1\/cache\/D1_035-nggid03608-ngg0dyn-150x150x100-00f0w010c011r110f110r010t010.jpg\"\n                    width=\"150\"\n                    height=\"150\"\n                    style=\"max-width:100%;\"\n                \/>\n            <\/a>\n        <\/div>\n\t\t\t\t\t\t\t<\/div> \n\t\t\t\n        \n\t\t\n\t\t<!-- Pagination -->\n\t<div class='ngg-clear'><\/div>\t<\/div>\n<\/div>\n","protected":false},"excerpt":{"rendered":"<p>di Sandro Morachioli Il saggio analizza i contatti e le interferenze fra allegoria politica e figurazione satirica nella produzione grafica del 1848 italiano. Un punto di osservazione privilegiato \u00e8 costituito dal caso del Don Pirlone a Roma di Michelangelo Pinto, un libro illustrato stampato fra il 1850 e il 1853, concepito come una sorta di [&hellip;]<\/p>\n","protected":false},"author":1,"featured_media":0,"comment_status":"open","ping_status":"open","sticky":false,"template":"","format":"standard","meta":{"ngg_post_thumbnail":0},"categories":[5],"tags":[],"_links":{"self":[{"href":"https:\/\/lungo800.it\/index.php?rest_route=\/wp\/v2\/posts\/65"}],"collection":[{"href":"https:\/\/lungo800.it\/index.php?rest_route=\/wp\/v2\/posts"}],"about":[{"href":"https:\/\/lungo800.it\/index.php?rest_route=\/wp\/v2\/types\/post"}],"author":[{"embeddable":true,"href":"https:\/\/lungo800.it\/index.php?rest_route=\/wp\/v2\/users\/1"}],"replies":[{"embeddable":true,"href":"https:\/\/lungo800.it\/index.php?rest_route=%2Fwp%2Fv2%2Fcomments&post=65"}],"version-history":[{"count":5,"href":"https:\/\/lungo800.it\/index.php?rest_route=\/wp\/v2\/posts\/65\/revisions"}],"predecessor-version":[{"id":513,"href":"https:\/\/lungo800.it\/index.php?rest_route=\/wp\/v2\/posts\/65\/revisions\/513"}],"wp:attachment":[{"href":"https:\/\/lungo800.it\/index.php?rest_route=%2Fwp%2Fv2%2Fmedia&parent=65"}],"wp:term":[{"taxonomy":"category","embeddable":true,"href":"https:\/\/lungo800.it\/index.php?rest_route=%2Fwp%2Fv2%2Fcategories&post=65"},{"taxonomy":"post_tag","embeddable":true,"href":"https:\/\/lungo800.it\/index.php?rest_route=%2Fwp%2Fv2%2Ftags&post=65"}],"curies":[{"name":"wp","href":"https:\/\/api.w.org\/{rel}","templated":true}]}}