{"id":69,"date":"2014-01-03T21:49:19","date_gmt":"2014-01-03T20:49:19","guid":{"rendered":"http:\/\/lungo800.it\/?p=69"},"modified":"2014-01-08T18:08:51","modified_gmt":"2014-01-08T17:08:51","slug":"la-violenza-nelle-sperimentazioni-visuali-de-le-petit-journal-illustre-dispositivi-supporti-palinsesti-1890-1910","status":"publish","type":"post","link":"https:\/\/lungo800.it\/?p=69","title":{"rendered":"La violenza nelle sperimentazioni visuali del<br\/>\u00abPetit Journal Illustr\u00e9\u00bb.<br\/>Dispositivi, supporti, palinsesti (1890-1910)"},"content":{"rendered":"<p style=\"text-align: right;\">di Erica Grossi<\/p>\n<p>Nel corso del lungo Ottocento, i processi di nation ed empire building vedono il radicalizzarsi di pratiche e retoriche della violenza fondate sull\u2019identit\u00e0 di sangue e sull\u2019onore di una patria in armi che all\u2019alba della Grande Guerra intercettano il boom della stampa illustrata, borghese e popolare. Una generalizzata democratizzazione dei media e i cambiamenti percettivi dovuti alla fotografia sono gli strumenti privilegiati di creazione e \u201cassoggettamento\u201d di nuove masse identitarie, in un corto circuito tra etica ed estetica dalle dimensioni e implicazioni inedite. Il saggio prende in esame un periodico francese, \u00abLe Petit Journal Illustr\u00e9\u00bb, come sintomatico delle implicazioni di queste strategie discorsive e visuali. Nell\u2019ossessione fotografica per le catastrofi, nel riconoscimento visivo di \u201crazze\u201d, popoli e culture, nella serialit\u00e0 delle immagini dai fronti di guerra si ritrova infatti un\u2019iconografia della violenza le cui radici si estendono al Novecento dei totalitarismi.<\/p>\n<p>&nbsp;<\/p>\n<div style=\"margin: 0 11%;\"><!-- index.php -->\n<div\n\tclass=\"ngg-galleryoverview\"\n\tid=\"ngg-gallery-133-1\">\n\n    \t\t<!-- Thumbnails -->\n\t\t\t\t<div id=\"ngg-image-0\" class=\"ngg-gallery-thumbnail-box\" >\n\t\t\t\t        <div class=\"ngg-gallery-thumbnail\">\n            <a href=\"https:\/\/lungo800.it\/wp-content\/uploads\/2013\/11\/D3\/D3_001.Montparnasse.jpg\"\n               title=\"Fig. 1 \u00abAccident \u00e0 la gare de Montparnasse\u00bb (Anonimo, cartolina da fotografia, Parigi, 22 octobre 1895).\"\n               data-src=\"https:\/\/lungo800.it\/wp-content\/uploads\/2013\/11\/D3\/D3_001.Montparnasse.jpg\"\n               data-thumbnail=\"https:\/\/lungo800.it\/wp-content\/uploads\/2013\/11\/D3\/thumbs\/thumbs_D3_001.Montparnasse.jpg\"\n               data-image-id=\"786\"\n               data-title=\"Fig. 01 \u00abAccident \u00e0 la gare de Montparnasse\u00bb (Anonimo, cartolina da fotografia, Parigi, 22 octobre 1895).\"\n               data-description=\"Fig. 1 \u00abAccident \u00e0 la gare de Montparnasse\u00bb (Anonimo, cartolina da fotografia, Parigi, 22 octobre 1895).\"\n               data-image-slug=\"fig-01-accident-a-la-gare-de-montparnasse-anonimo-cartolina-da-fotografia-parigi-22-octobre-1895\"\n               class=\"ngg-fancybox\" rel=\"133\">\n                <img\n                    title=\"Fig. 01 \u00abAccident \u00e0 la gare de Montparnasse\u00bb (Anonimo, cartolina da fotografia, Parigi, 22 octobre 1895).\"\n                    alt=\"Fig. 01 \u00abAccident \u00e0 la gare de Montparnasse\u00bb (Anonimo, cartolina da fotografia, Parigi, 22 octobre 1895).\"\n                    src=\"https:\/\/lungo800.it\/wp-content\/uploads\/2013\/11\/D3\/cache\/D3_001.Montparnasse-nggid03786-ngg0dyn-150x150x100-00f0w010c011r110f110r010t010.jpg\"\n                    width=\"150\"\n                    height=\"150\"\n                    style=\"max-width:100%;\"\n                \/>\n            <\/a>\n        <\/div>\n\t\t\t\t\t\t\t<\/div> \n\t\t\t\n        \n\t\t\t\t<div id=\"ngg-image-1\" class=\"ngg-gallery-thumbnail-box\" >\n\t\t\t\t        <div class=\"ngg-gallery-thumbnail\">\n            <a href=\"https:\/\/lungo800.it\/wp-content\/uploads\/2013\/11\/D3\/D3_002.Montparnasse.jpg\"\n               title=\"Fig. 2 \u00abL\u2019accident de la gare de Montparnasse\u00bb, in \u00abLe Petit Journal Illustr\u00e9\u00bb, 3 novembre 1895, p. v.\"\n               data-src=\"https:\/\/lungo800.it\/wp-content\/uploads\/2013\/11\/D3\/D3_002.Montparnasse.jpg\"\n               data-thumbnail=\"https:\/\/lungo800.it\/wp-content\/uploads\/2013\/11\/D3\/thumbs\/thumbs_D3_002.Montparnasse.jpg\"\n               data-image-id=\"787\"\n               data-title=\"Fig. 02 \u00abL\u2019accident de la gare de Montparnasse\u00bb, in \u00abLe Petit Journal Illustr\u00e9\u00bb, 3 novembre 1895, p. v.\"\n               data-description=\"Fig. 2 \u00abL\u2019accident de la gare de Montparnasse\u00bb, in \u00abLe Petit Journal Illustr\u00e9\u00bb, 3 novembre 1895, p. v.\"\n               data-image-slug=\"fig-02-laccident-de-la-gare-de-montparnasse-in-le-petit-journal-illustre-3-novembre-1895-p-v\"\n               class=\"ngg-fancybox\" rel=\"133\">\n                <img\n                    title=\"Fig. 02 \u00abL\u2019accident de la gare de Montparnasse\u00bb, in \u00abLe Petit Journal Illustr\u00e9\u00bb, 3 novembre 1895, p. v.\"\n                    alt=\"Fig. 02 \u00abL\u2019accident de la gare de Montparnasse\u00bb, in \u00abLe Petit Journal Illustr\u00e9\u00bb, 3 novembre 1895, p. v.\"\n                    src=\"https:\/\/lungo800.it\/wp-content\/uploads\/2013\/11\/D3\/cache\/D3_002.Montparnasse-nggid03787-ngg0dyn-150x150x100-00f0w010c011r110f110r010t010.jpg\"\n                    width=\"150\"\n                    height=\"150\"\n                    style=\"max-width:100%;\"\n                \/>\n            <\/a>\n        <\/div>\n\t\t\t\t\t\t\t<\/div> \n\t\t\t\n        \n\t\t\t\t<div id=\"ngg-image-2\" class=\"ngg-gallery-thumbnail-box\" >\n\t\t\t\t        <div class=\"ngg-gallery-thumbnail\">\n            <a href=\"https:\/\/lungo800.it\/wp-content\/uploads\/2013\/11\/D3\/D3_003.Choisy-le-Roi.jpg\"\n               title=\"Fig. 3 \u00abLe tamponnement de Choisy-le-Roi. Apr\u00e8s l\u2019accident\u00bb, in \u00abLe Petit Journal Illustr\u00e9\u00bb, 25 novembre 1900, p. iv.\"\n               data-src=\"https:\/\/lungo800.it\/wp-content\/uploads\/2013\/11\/D3\/D3_003.Choisy-le-Roi.jpg\"\n               data-thumbnail=\"https:\/\/lungo800.it\/wp-content\/uploads\/2013\/11\/D3\/thumbs\/thumbs_D3_003.Choisy-le-Roi.jpg\"\n               data-image-id=\"788\"\n               data-title=\"Fig. 03 \u00abLe tamponnement de Choisy-le-Roi. Apr\u00e8s l\u2019accident\u00bb, in \u00abLe Petit Journal Illustr\u00e9\u00bb, 25 novembre 1900, p. iv.\"\n               data-description=\"Fig. 3 \u00abLe tamponnement de Choisy-le-Roi. Apr\u00e8s l\u2019accident\u00bb, in \u00abLe Petit Journal Illustr\u00e9\u00bb, 25 novembre 1900, p. iv.\"\n               data-image-slug=\"fig-03-le-tamponnement-de-choisy-le-roi-apres-laccident-in-le-petit-journal-illustre-25-novembre-1900-p-iv\"\n               class=\"ngg-fancybox\" rel=\"133\">\n                <img\n                    title=\"Fig. 03 \u00abLe tamponnement de Choisy-le-Roi. Apr\u00e8s l\u2019accident\u00bb, in \u00abLe Petit Journal Illustr\u00e9\u00bb, 25 novembre 1900, p. iv.\"\n                    alt=\"Fig. 03 \u00abLe tamponnement de Choisy-le-Roi. Apr\u00e8s l\u2019accident\u00bb, in \u00abLe Petit Journal Illustr\u00e9\u00bb, 25 novembre 1900, p. iv.\"\n                    src=\"https:\/\/lungo800.it\/wp-content\/uploads\/2013\/11\/D3\/cache\/D3_003.Choisy-le-Roi-nggid03788-ngg0dyn-150x150x100-00f0w010c011r110f110r010t010.jpg\"\n                    width=\"150\"\n                    height=\"150\"\n                    style=\"max-width:100%;\"\n                \/>\n            <\/a>\n        <\/div>\n\t\t\t\t\t\t\t<\/div> \n\t\t\t\n        \n\t\t\t\t<div id=\"ngg-image-3\" class=\"ngg-gallery-thumbnail-box\" >\n\t\t\t\t        <div class=\"ngg-gallery-thumbnail\">\n            <a href=\"https:\/\/lungo800.it\/wp-content\/uploads\/2013\/11\/D3\/D3_004.Boccioni.jpg\"\n               title=\"Fig. 4 Umberto Boccioni, \u00abLa strada che entra nella casa\u00bb, 1911, olio su tela (Sprengel Museum, Hannover).\"\n               data-src=\"https:\/\/lungo800.it\/wp-content\/uploads\/2013\/11\/D3\/D3_004.Boccioni.jpg\"\n               data-thumbnail=\"https:\/\/lungo800.it\/wp-content\/uploads\/2013\/11\/D3\/thumbs\/thumbs_D3_004.Boccioni.jpg\"\n               data-image-id=\"724\"\n               data-title=\"Fig. 04 Umberto Boccioni, \u00abLa strada che entra nella casa\u00bb, 1911, olio su tela (Sprengel Museum, Hannover).\"\n               data-description=\"Fig. 4 Umberto Boccioni, \u00abLa strada che entra nella casa\u00bb, 1911, olio su tela (Sprengel Museum, Hannover).\"\n               data-image-slug=\"fig-04-umberto-boccioni-la-strada-che-entra-nella-casa-1911-olio-su-tela-sprengel-museum-hannover\"\n               class=\"ngg-fancybox\" rel=\"133\">\n                <img\n                    title=\"Fig. 04 Umberto Boccioni, \u00abLa strada che entra nella casa\u00bb, 1911, olio su tela (Sprengel Museum, Hannover).\"\n                    alt=\"Fig. 04 Umberto Boccioni, \u00abLa strada che entra nella casa\u00bb, 1911, olio su tela (Sprengel Museum, Hannover).\"\n                    src=\"https:\/\/lungo800.it\/wp-content\/uploads\/2013\/11\/D3\/cache\/D3_004.Boccioni-nggid03724-ngg0dyn-150x150x100-00f0w010c011r110f110r010t010.jpg\"\n                    width=\"150\"\n                    height=\"150\"\n                    style=\"max-width:100%;\"\n                \/>\n            <\/a>\n        <\/div>\n\t\t\t\t\t\t\t<\/div> \n\t\t\t\n        \n\t\t\t\t<div id=\"ngg-image-4\" class=\"ngg-gallery-thumbnail-box\" >\n\t\t\t\t        <div class=\"ngg-gallery-thumbnail\">\n            <a href=\"https:\/\/lungo800.it\/wp-content\/uploads\/2013\/11\/D3\/D3_005.Choisy-le-Roi.jpg\"\n               title=\"Fig. 5 \u00abLe tamponnement de Choisy-le-Roi. Apr\u00e8s l\u2019accident\u00bb (particolare), in \u00abLe Petit Journal Illustr\u00e9\u00bb, 25 novembre 1900, p. iv.\"\n               data-src=\"https:\/\/lungo800.it\/wp-content\/uploads\/2013\/11\/D3\/D3_005.Choisy-le-Roi.jpg\"\n               data-thumbnail=\"https:\/\/lungo800.it\/wp-content\/uploads\/2013\/11\/D3\/thumbs\/thumbs_D3_005.Choisy-le-Roi.jpg\"\n               data-image-id=\"789\"\n               data-title=\"Fig. 05 \u00abLe tamponnement de Choisy-le-Roi. Apr\u00e8s l\u2019accident\u00bb (particolare), in \u00abLe Petit Journal Illustr\u00e9\u00bb, 25 novembre 1900, p. iv.\"\n               data-description=\"Fig. 5 \u00abLe tamponnement de Choisy-le-Roi. Apr\u00e8s l\u2019accident\u00bb (particolare), in \u00abLe Petit Journal Illustr\u00e9\u00bb, 25 novembre 1900, p. iv.\"\n               data-image-slug=\"fig-05-le-tamponnement-de-choisy-le-roi-apres-laccident-particolare-in-le-petit-journal-illustre-25-novembre-1900-p-iv\"\n               class=\"ngg-fancybox\" rel=\"133\">\n                <img\n                    title=\"Fig. 05 \u00abLe tamponnement de Choisy-le-Roi. Apr\u00e8s l\u2019accident\u00bb (particolare), in \u00abLe Petit Journal Illustr\u00e9\u00bb, 25 novembre 1900, p. iv.\"\n                    alt=\"Fig. 05 \u00abLe tamponnement de Choisy-le-Roi. Apr\u00e8s l\u2019accident\u00bb (particolare), in \u00abLe Petit Journal Illustr\u00e9\u00bb, 25 novembre 1900, p. iv.\"\n                    src=\"https:\/\/lungo800.it\/wp-content\/uploads\/2013\/11\/D3\/cache\/D3_005.Choisy-le-Roi-nggid03789-ngg0dyn-150x150x100-00f0w010c011r110f110r010t010.jpg\"\n                    width=\"150\"\n                    height=\"150\"\n                    style=\"max-width:100%;\"\n                \/>\n            <\/a>\n        <\/div>\n\t\t\t\t\t\t\t<\/div> \n\t\t\t\n        \n\t\t\t\t<div id=\"ngg-image-5\" class=\"ngg-gallery-thumbnail-box\" >\n\t\t\t\t        <div class=\"ngg-gallery-thumbnail\">\n            <a href=\"https:\/\/lungo800.it\/wp-content\/uploads\/2013\/11\/D3\/D3_006.jpg\"\n               title=\"Fig. 6 \u00abExposition de 1900. Pavillon de l\u2019Espagne\u00bb, in \u00abLe Petit Journal Illustr\u00e9\u00bb, 4 mars 1900, p. v.\"\n               data-src=\"https:\/\/lungo800.it\/wp-content\/uploads\/2013\/11\/D3\/D3_006.jpg\"\n               data-thumbnail=\"https:\/\/lungo800.it\/wp-content\/uploads\/2013\/11\/D3\/thumbs\/thumbs_D3_006.jpg\"\n               data-image-id=\"726\"\n               data-title=\"Fig. 06 \u00abExposition de 1900. Pavillon de l\u2019Espagne\u00bb, in \u00abLe Petit Journal Illustr\u00e9\u00bb, 4 mars 1900, p. v.\"\n               data-description=\"Fig. 6 \u00abExposition de 1900. Pavillon de l\u2019Espagne\u00bb, in \u00abLe Petit Journal Illustr\u00e9\u00bb, 4 mars 1900, p. v.\"\n               data-image-slug=\"fig-06-exposition-de-1900-pavillon-de-lespagne-in-le-petit-journal-illustre-4-mars-1900-p-v\"\n               class=\"ngg-fancybox\" rel=\"133\">\n                <img\n                    title=\"Fig. 06 \u00abExposition de 1900. Pavillon de l\u2019Espagne\u00bb, in \u00abLe Petit Journal Illustr\u00e9\u00bb, 4 mars 1900, p. v.\"\n                    alt=\"Fig. 06 \u00abExposition de 1900. Pavillon de l\u2019Espagne\u00bb, in \u00abLe Petit Journal Illustr\u00e9\u00bb, 4 mars 1900, p. v.\"\n                    src=\"https:\/\/lungo800.it\/wp-content\/uploads\/2013\/11\/D3\/cache\/D3_006-nggid03726-ngg0dyn-150x150x100-00f0w010c011r110f110r010t010.jpg\"\n                    width=\"150\"\n                    height=\"150\"\n                    style=\"max-width:100%;\"\n                \/>\n            <\/a>\n        <\/div>\n\t\t\t\t\t\t\t<\/div> \n\t\t\t\n        \n\t\t\t\t<div id=\"ngg-image-6\" class=\"ngg-gallery-thumbnail-box\" >\n\t\t\t\t        <div class=\"ngg-gallery-thumbnail\">\n            <a href=\"https:\/\/lungo800.it\/wp-content\/uploads\/2013\/11\/D3\/D3_007.jpg\"\n               title=\"Fig. 7 \u00abExposition de 1900. Pavillon de l\u2019Italie\u00bb, in \u00abLe Petit Journal Illustr\u00e9\u00bb, 29 avril 1900, p. v.\"\n               data-src=\"https:\/\/lungo800.it\/wp-content\/uploads\/2013\/11\/D3\/D3_007.jpg\"\n               data-thumbnail=\"https:\/\/lungo800.it\/wp-content\/uploads\/2013\/11\/D3\/thumbs\/thumbs_D3_007.jpg\"\n               data-image-id=\"727\"\n               data-title=\"Fig. 07 \u00abExposition de 1900. Pavillon de l\u2019Italie\u00bb, in \u00abLe Petit Journal Illustr\u00e9\u00bb, 29 avril 1900, p. v.\"\n               data-description=\"Fig. 7 \u00abExposition de 1900. Pavillon de l\u2019Italie\u00bb, in \u00abLe Petit Journal Illustr\u00e9\u00bb, 29 avril 1900, p. v.\"\n               data-image-slug=\"fig-07-exposition-de-1900-pavillon-de-litalie-in-le-petit-journal-illustre-29-avril-1900-p-v\"\n               class=\"ngg-fancybox\" rel=\"133\">\n                <img\n                    title=\"Fig. 07 \u00abExposition de 1900. Pavillon de l\u2019Italie\u00bb, in \u00abLe Petit Journal Illustr\u00e9\u00bb, 29 avril 1900, p. v.\"\n                    alt=\"Fig. 07 \u00abExposition de 1900. Pavillon de l\u2019Italie\u00bb, in \u00abLe Petit Journal Illustr\u00e9\u00bb, 29 avril 1900, p. v.\"\n                    src=\"https:\/\/lungo800.it\/wp-content\/uploads\/2013\/11\/D3\/cache\/D3_007-nggid03727-ngg0dyn-150x150x100-00f0w010c011r110f110r010t010.jpg\"\n                    width=\"150\"\n                    height=\"150\"\n                    style=\"max-width:100%;\"\n                \/>\n            <\/a>\n        <\/div>\n\t\t\t\t\t\t\t<\/div> \n\t\t\t\n        \n\t\t\t\t<div id=\"ngg-image-7\" class=\"ngg-gallery-thumbnail-box\" >\n\t\t\t\t        <div class=\"ngg-gallery-thumbnail\">\n            <a href=\"https:\/\/lungo800.it\/wp-content\/uploads\/2013\/11\/D3\/D3_008.jpg\"\n               title=\"Fig. 8 \u00abExposition de 1900. Pavillon de Madagascar\u00bb, in \u00abLe Petit Journal Illustr\u00e9\u00bb, 1 avril 1900, p. v.\"\n               data-src=\"https:\/\/lungo800.it\/wp-content\/uploads\/2013\/11\/D3\/D3_008.jpg\"\n               data-thumbnail=\"https:\/\/lungo800.it\/wp-content\/uploads\/2013\/11\/D3\/thumbs\/thumbs_D3_008.jpg\"\n               data-image-id=\"728\"\n               data-title=\"Fig. 08 \u00abExposition de 1900. Pavillon de Madagascar\u00bb, in \u00abLe Petit Journal Illustr\u00e9\u00bb, 1 avril 1900, p. v.\"\n               data-description=\"Fig. 8 \u00abExposition de 1900. Pavillon de Madagascar\u00bb, in \u00abLe Petit Journal Illustr\u00e9\u00bb, 1 avril 1900, p. v.\"\n               data-image-slug=\"fig-08-exposition-de-1900-pavillon-de-madagascar-in-le-petit-journal-illustre-1-avril-1900-p-v\"\n               class=\"ngg-fancybox\" rel=\"133\">\n                <img\n                    title=\"Fig. 08 \u00abExposition de 1900. Pavillon de Madagascar\u00bb, in \u00abLe Petit Journal Illustr\u00e9\u00bb, 1 avril 1900, p. v.\"\n                    alt=\"Fig. 08 \u00abExposition de 1900. Pavillon de Madagascar\u00bb, in \u00abLe Petit Journal Illustr\u00e9\u00bb, 1 avril 1900, p. v.\"\n                    src=\"https:\/\/lungo800.it\/wp-content\/uploads\/2013\/11\/D3\/cache\/D3_008-nggid03728-ngg0dyn-150x150x100-00f0w010c011r110f110r010t010.jpg\"\n                    width=\"150\"\n                    height=\"150\"\n                    style=\"max-width:100%;\"\n                \/>\n            <\/a>\n        <\/div>\n\t\t\t\t\t\t\t<\/div> \n\t\t\t\n        \n\t\t\t\t<div id=\"ngg-image-8\" class=\"ngg-gallery-thumbnail-box\" >\n\t\t\t\t        <div class=\"ngg-gallery-thumbnail\">\n            <a href=\"https:\/\/lungo800.it\/wp-content\/uploads\/2013\/11\/D3\/D3_009.jpg\"\n               title=\"Fig. 9 \u00abExposition de 1900. Pavillon de l\u2019Italie\u00bb (particolare), in \u00abLe Petit Journal Illustr\u00e9\u00bb, 29 avril 1900, p. v.\"\n               data-src=\"https:\/\/lungo800.it\/wp-content\/uploads\/2013\/11\/D3\/D3_009.jpg\"\n               data-thumbnail=\"https:\/\/lungo800.it\/wp-content\/uploads\/2013\/11\/D3\/thumbs\/thumbs_D3_009.jpg\"\n               data-image-id=\"729\"\n               data-title=\"Fig. 09 \u00abExposition de 1900. Pavillon de l\u2019Italie\u00bb (particolare), in \u00abLe Petit Journal Illustr\u00e9\u00bb, 29 avril 1900, p. v.\"\n               data-description=\"Fig. 9 \u00abExposition de 1900. Pavillon de l\u2019Italie\u00bb (particolare), in \u00abLe Petit Journal Illustr\u00e9\u00bb, 29 avril 1900, p. v.\"\n               data-image-slug=\"fig-09-exposition-de-1900-pavillon-de-litalie-particolare-in-le-petit-journal-illustre-29-avril-1900-p-v\"\n               class=\"ngg-fancybox\" rel=\"133\">\n                <img\n                    title=\"Fig. 09 \u00abExposition de 1900. Pavillon de l\u2019Italie\u00bb (particolare), in \u00abLe Petit Journal Illustr\u00e9\u00bb, 29 avril 1900, p. v.\"\n                    alt=\"Fig. 09 \u00abExposition de 1900. Pavillon de l\u2019Italie\u00bb (particolare), in \u00abLe Petit Journal Illustr\u00e9\u00bb, 29 avril 1900, p. v.\"\n                    src=\"https:\/\/lungo800.it\/wp-content\/uploads\/2013\/11\/D3\/cache\/D3_009-nggid03729-ngg0dyn-150x150x100-00f0w010c011r110f110r010t010.jpg\"\n                    width=\"150\"\n                    height=\"150\"\n                    style=\"max-width:100%;\"\n                \/>\n            <\/a>\n        <\/div>\n\t\t\t\t\t\t\t<\/div> \n\t\t\t\n        \n\t\t\t\t<div id=\"ngg-image-9\" class=\"ngg-gallery-thumbnail-box\" >\n\t\t\t\t        <div class=\"ngg-gallery-thumbnail\">\n            <a href=\"https:\/\/lungo800.it\/wp-content\/uploads\/2013\/11\/D3\/D3_010.jpg\"\n               title=\"Fig. 10 \u00abExposition de 1900. Pavillon de Madagascar\u00bb (particolare), in \u00abLe Petit Journal Illustr\u00e9\u00bb, 1 avril 1900, p. v.\"\n               data-src=\"https:\/\/lungo800.it\/wp-content\/uploads\/2013\/11\/D3\/D3_010.jpg\"\n               data-thumbnail=\"https:\/\/lungo800.it\/wp-content\/uploads\/2013\/11\/D3\/thumbs\/thumbs_D3_010.jpg\"\n               data-image-id=\"730\"\n               data-title=\"Fig. 10 \u00abExposition de 1900. Pavillon de Madagascar\u00bb (particolare), in \u00abLe Petit Journal Illustr\u00e9\u00bb, 1 avril 1900, p. v.\"\n               data-description=\"Fig. 10 \u00abExposition de 1900. Pavillon de Madagascar\u00bb (particolare), in \u00abLe Petit Journal Illustr\u00e9\u00bb, 1 avril 1900, p. v.\"\n               data-image-slug=\"fig-10-exposition-de-1900-pavillon-de-madagascar-particolare-in-le-petit-journal-illustre-1-avril-1900-p-v\"\n               class=\"ngg-fancybox\" rel=\"133\">\n                <img\n                    title=\"Fig. 10 \u00abExposition de 1900. Pavillon de Madagascar\u00bb (particolare), in \u00abLe Petit Journal Illustr\u00e9\u00bb, 1 avril 1900, p. v.\"\n                    alt=\"Fig. 10 \u00abExposition de 1900. Pavillon de Madagascar\u00bb (particolare), in \u00abLe Petit Journal Illustr\u00e9\u00bb, 1 avril 1900, p. v.\"\n                    src=\"https:\/\/lungo800.it\/wp-content\/uploads\/2013\/11\/D3\/cache\/D3_010-nggid03730-ngg0dyn-150x150x100-00f0w010c011r110f110r010t010.jpg\"\n                    width=\"150\"\n                    height=\"150\"\n                    style=\"max-width:100%;\"\n                \/>\n            <\/a>\n        <\/div>\n\t\t\t\t\t\t\t<\/div> \n\t\t\t\n        \n\t\t\t\t<div id=\"ngg-image-10\" class=\"ngg-gallery-thumbnail-box\" >\n\t\t\t\t        <div class=\"ngg-gallery-thumbnail\">\n            <a href=\"https:\/\/lungo800.it\/wp-content\/uploads\/2013\/11\/D3\/D3_011.jpg\"\n               title=\"Fig. 11 \u00abExposition de 1900. Pavillon de l\u2019Italie\u00bb (particolare), in \u00abLe Petit Journal Illustr\u00e9\u00bb, 29 avril 1900, p. v.\"\n               data-src=\"https:\/\/lungo800.it\/wp-content\/uploads\/2013\/11\/D3\/D3_011.jpg\"\n               data-thumbnail=\"https:\/\/lungo800.it\/wp-content\/uploads\/2013\/11\/D3\/thumbs\/thumbs_D3_011.jpg\"\n               data-image-id=\"731\"\n               data-title=\"Fig. 11 \u00abExposition de 1900. Pavillon de l\u2019Italie\u00bb (particolare), in \u00abLe Petit Journal Illustr\u00e9\u00bb, 29 avril 1900, p. v.\"\n               data-description=\"Fig. 11 \u00abExposition de 1900. Pavillon de l\u2019Italie\u00bb (particolare), in \u00abLe Petit Journal Illustr\u00e9\u00bb, 29 avril 1900, p. v.\"\n               data-image-slug=\"fig-11-exposition-de-1900-pavillon-de-litalie-particolare-in-le-petit-journal-illustre-29-avril-1900-p-v\"\n               class=\"ngg-fancybox\" rel=\"133\">\n                <img\n                    title=\"Fig. 11 \u00abExposition de 1900. Pavillon de l\u2019Italie\u00bb (particolare), in \u00abLe Petit Journal Illustr\u00e9\u00bb, 29 avril 1900, p. v.\"\n                    alt=\"Fig. 11 \u00abExposition de 1900. Pavillon de l\u2019Italie\u00bb (particolare), in \u00abLe Petit Journal Illustr\u00e9\u00bb, 29 avril 1900, p. v.\"\n                    src=\"https:\/\/lungo800.it\/wp-content\/uploads\/2013\/11\/D3\/cache\/D3_011-nggid03731-ngg0dyn-150x150x100-00f0w010c011r110f110r010t010.jpg\"\n                    width=\"150\"\n                    height=\"150\"\n                    style=\"max-width:100%;\"\n                \/>\n            <\/a>\n        <\/div>\n\t\t\t\t\t\t\t<\/div> \n\t\t\t\n        \n\t\t\t\t<div id=\"ngg-image-11\" class=\"ngg-gallery-thumbnail-box\" >\n\t\t\t\t        <div class=\"ngg-gallery-thumbnail\">\n            <a href=\"https:\/\/lungo800.it\/wp-content\/uploads\/2013\/11\/D3\/D3_012.H%C3%A9bert.jpg\"\n               title=\"Fig. 12 Ernest H\u00e9bert, \u00abLe filles d\u2019Alvito\u00bb, 1855, olio su tela (Mus\u00e9e d\u2019Orsay, Paris).\"\n               data-src=\"https:\/\/lungo800.it\/wp-content\/uploads\/2013\/11\/D3\/D3_012.H%C3%A9bert.jpg\"\n               data-thumbnail=\"https:\/\/lungo800.it\/wp-content\/uploads\/2013\/11\/D3\/thumbs\/thumbs_D3_012.H%C3%A9bert.jpg\"\n               data-image-id=\"732\"\n               data-title=\"Fig. 12 Ernest H\u00e9bert, \u00abLe filles d\u2019Alvito\u00bb, 1855, olio su tela (Mus\u00e9e d\u2019Orsay, Paris).\"\n               data-description=\"Fig. 12 Ernest H\u00e9bert, \u00abLe filles d\u2019Alvito\u00bb, 1855, olio su tela (Mus\u00e9e d\u2019Orsay, Paris).\"\n               data-image-slug=\"fig-12-ernest-hebert-le-filles-dalvito-1855-olio-su-tela-musee-dorsay-paris\"\n               class=\"ngg-fancybox\" rel=\"133\">\n                <img\n                    title=\"Fig. 12 Ernest H\u00e9bert, \u00abLe filles d\u2019Alvito\u00bb, 1855, olio su tela (Mus\u00e9e d\u2019Orsay, Paris).\"\n                    alt=\"Fig. 12 Ernest H\u00e9bert, \u00abLe filles d\u2019Alvito\u00bb, 1855, olio su tela (Mus\u00e9e d\u2019Orsay, Paris).\"\n                    src=\"https:\/\/lungo800.it\/wp-content\/uploads\/2013\/11\/D3\/cache\/D3_012.H%C3%A9bert-nggid03732-ngg0dyn-150x150x100-00f0w010c011r110f110r010t010.jpg\"\n                    width=\"150\"\n                    height=\"150\"\n                    style=\"max-width:100%;\"\n                \/>\n            <\/a>\n        <\/div>\n\t\t\t\t\t\t\t<\/div> \n\t\t\t\n        \n\t\t\t\t<div id=\"ngg-image-12\" class=\"ngg-gallery-thumbnail-box\" >\n\t\t\t\t        <div class=\"ngg-gallery-thumbnail\">\n            <a href=\"https:\/\/lungo800.it\/wp-content\/uploads\/2013\/11\/D3\/D3_013.Hayez.jpg\"\n               title=\"Fig. 13 Francesco Hayez, \u00abLa ciociara\u00bb, 1842, olio su tela (collezione privata)\"\n               data-src=\"https:\/\/lungo800.it\/wp-content\/uploads\/2013\/11\/D3\/D3_013.Hayez.jpg\"\n               data-thumbnail=\"https:\/\/lungo800.it\/wp-content\/uploads\/2013\/11\/D3\/thumbs\/thumbs_D3_013.Hayez.jpg\"\n               data-image-id=\"733\"\n               data-title=\"Fig. 13 Francesco Hayez, \u00abLa ciociara\u00bb, 1842, olio su tela (collezione privata)\"\n               data-description=\"Fig. 13 Francesco Hayez, \u00abLa ciociara\u00bb, 1842, olio su tela (collezione privata)\"\n               data-image-slug=\"fig-13-francesco-hayez-la-ciociara-1842-olio-su-tela-collezione-privata\"\n               class=\"ngg-fancybox\" rel=\"133\">\n                <img\n                    title=\"Fig. 13 Francesco Hayez, \u00abLa ciociara\u00bb, 1842, olio su tela (collezione privata)\"\n                    alt=\"Fig. 13 Francesco Hayez, \u00abLa ciociara\u00bb, 1842, olio su tela (collezione privata)\"\n                    src=\"https:\/\/lungo800.it\/wp-content\/uploads\/2013\/11\/D3\/cache\/D3_013.Hayez-nggid03733-ngg0dyn-150x150x100-00f0w010c011r110f110r010t010.jpg\"\n                    width=\"150\"\n                    height=\"150\"\n                    style=\"max-width:100%;\"\n                \/>\n            <\/a>\n        <\/div>\n\t\t\t\t\t\t\t<\/div> \n\t\t\t\n        \n\t\t\t\t<div id=\"ngg-image-13\" class=\"ngg-gallery-thumbnail-box\" >\n\t\t\t\t        <div class=\"ngg-gallery-thumbnail\">\n            <a href=\"https:\/\/lungo800.it\/wp-content\/uploads\/2013\/11\/D3\/D3_014.Chine.jpg\"\n               title=\"Fig. 14 \u00abLa Chine guerri\u00e8re\u00bb, in \u00abLe Petit Journal Illustr\u00e9\u00bb, 12 mars 1905, p. ii.\"\n               data-src=\"https:\/\/lungo800.it\/wp-content\/uploads\/2013\/11\/D3\/D3_014.Chine.jpg\"\n               data-thumbnail=\"https:\/\/lungo800.it\/wp-content\/uploads\/2013\/11\/D3\/thumbs\/thumbs_D3_014.Chine.jpg\"\n               data-image-id=\"790\"\n               data-title=\"Fig. 14 \u00abLa Chine guerri\u00e8re\u00bb, in \u00abLe Petit Journal Illustr\u00e9\u00bb, 12 mars 1905, p. ii.\"\n               data-description=\"Fig. 14 \u00abLa Chine guerri\u00e8re\u00bb, in \u00abLe Petit Journal Illustr\u00e9\u00bb, 12 mars 1905, p. ii.\"\n               data-image-slug=\"fig-14-la-chine-guerriere-in-le-petit-journal-illustre-12-mars-1905-p-ii-2\"\n               class=\"ngg-fancybox\" rel=\"133\">\n                <img\n                    title=\"Fig. 14 \u00abLa Chine guerri\u00e8re\u00bb, in \u00abLe Petit Journal Illustr\u00e9\u00bb, 12 mars 1905, p. ii.\"\n                    alt=\"Fig. 14 \u00abLa Chine guerri\u00e8re\u00bb, in \u00abLe Petit Journal Illustr\u00e9\u00bb, 12 mars 1905, p. ii.\"\n                    src=\"https:\/\/lungo800.it\/wp-content\/uploads\/2013\/11\/D3\/cache\/D3_014.Chine-nggid03790-ngg0dyn-150x150x100-00f0w010c011r110f110r010t010.jpg\"\n                    width=\"150\"\n                    height=\"150\"\n                    style=\"max-width:100%;\"\n                \/>\n            <\/a>\n        <\/div>\n\t\t\t\t\t\t\t<\/div> \n\t\t\t\n        \n\t\t\t\t<div id=\"ngg-image-14\" class=\"ngg-gallery-thumbnail-box\" >\n\t\t\t\t        <div class=\"ngg-gallery-thumbnail\">\n            <a href=\"https:\/\/lungo800.it\/wp-content\/uploads\/2013\/11\/D3\/D3_015.Supplices_chinois.jpg\"\n               title=\"Fig. 15 \u00abSupplices chinois. \u00c0 Kharbin, des condamn\u00e9s sont pendus par les pouces et battus \u00e0 coups de barres de fer\u00bb, in \u00abLe Petit Journal Illustr\u00e9\u00bb, 11 octobre 1908, p. viii.\"\n               data-src=\"https:\/\/lungo800.it\/wp-content\/uploads\/2013\/11\/D3\/D3_015.Supplices_chinois.jpg\"\n               data-thumbnail=\"https:\/\/lungo800.it\/wp-content\/uploads\/2013\/11\/D3\/thumbs\/thumbs_D3_015.Supplices_chinois.jpg\"\n               data-image-id=\"791\"\n               data-title=\"Fig. 15 \u00abSupplices chinois. \u00c0 Kharbin, des condamn\u00e9s sont pendus par les pouces et battus \u00e0 coups de barres de fer\u00bb, in \u00abLe Petit Journal Illustr\u00e9\u00bb, 11 octobre 1908, p. viii.\"\n               data-description=\"Fig. 15 \u00abSupplices chinois. \u00c0 Kharbin, des condamn\u00e9s sont pendus par les pouces et battus \u00e0 coups de barres de fer\u00bb, in \u00abLe Petit Journal Illustr\u00e9\u00bb, 11 octobre 1908, p. viii.\"\n               data-image-slug=\"fig-15-supplices-chinois-a-kharbin-des-condamnes-sont-pendus-par-les-pouces-et-battus-a-coups-de-barres-de-fer-in-le-petit-journal-illustre-11-octobre-1908-p-viii-2\"\n               class=\"ngg-fancybox\" rel=\"133\">\n                <img\n                    title=\"Fig. 15 \u00abSupplices chinois. \u00c0 Kharbin, des condamn\u00e9s sont pendus par les pouces et battus \u00e0 coups de barres de fer\u00bb, in \u00abLe Petit Journal Illustr\u00e9\u00bb, 11 octobre 1908, p. viii.\"\n                    alt=\"Fig. 15 \u00abSupplices chinois. \u00c0 Kharbin, des condamn\u00e9s sont pendus par les pouces et battus \u00e0 coups de barres de fer\u00bb, in \u00abLe Petit Journal Illustr\u00e9\u00bb, 11 octobre 1908, p. viii.\"\n                    src=\"https:\/\/lungo800.it\/wp-content\/uploads\/2013\/11\/D3\/cache\/D3_015.Supplices_chinois-nggid03791-ngg0dyn-150x150x100-00f0w010c011r110f110r010t010.jpg\"\n                    width=\"150\"\n                    height=\"150\"\n                    style=\"max-width:100%;\"\n                \/>\n            <\/a>\n        <\/div>\n\t\t\t\t\t\t\t<\/div> \n\t\t\t\n        \n\t\t\t\t<div id=\"ngg-image-15\" class=\"ngg-gallery-thumbnail-box\" >\n\t\t\t\t        <div class=\"ngg-gallery-thumbnail\">\n            <a href=\"https:\/\/lungo800.it\/wp-content\/uploads\/2013\/11\/D3\/D3_016.jpg\"\n               title=\"Fig. 16 \u00abSupplice marocain. Un ca\u00efd crucifi\u00e9 et coup\u00e9 en morceaux \u00e0 Marrakech\u00bb, in \u00abLe Petit Journal Illustr\u00e9\u00bb, 16 ao\u00fbt 1908, p. viii.\"\n               data-src=\"https:\/\/lungo800.it\/wp-content\/uploads\/2013\/11\/D3\/D3_016.jpg\"\n               data-thumbnail=\"https:\/\/lungo800.it\/wp-content\/uploads\/2013\/11\/D3\/thumbs\/thumbs_D3_016.jpg\"\n               data-image-id=\"741\"\n               data-title=\"Fig. 16 \u00abSupplice marocain. Un ca\u00efd crucifi\u00e9 et coup\u00e9 en morceaux \u00e0 Marrakech\u00bb, in \u00abLe Petit Journal Illustr\u00e9\u00bb, 16 ao\u00fbt 1908, p. viii.\"\n               data-description=\"Fig. 16 \u00abSupplice marocain. Un ca\u00efd crucifi\u00e9 et coup\u00e9 en morceaux \u00e0 Marrakech\u00bb, in \u00abLe Petit Journal Illustr\u00e9\u00bb, 16 ao\u00fbt 1908, p. viii.\"\n               data-image-slug=\"fig-16-supplice-marocain-un-caid-crucifie-et-coupe-en-morceaux-a-marrakech-in-le-petit-journal-illustre-16-aout-1908-p-viii\"\n               class=\"ngg-fancybox\" rel=\"133\">\n                <img\n                    title=\"Fig. 16 \u00abSupplice marocain. Un ca\u00efd crucifi\u00e9 et coup\u00e9 en morceaux \u00e0 Marrakech\u00bb, in \u00abLe Petit Journal Illustr\u00e9\u00bb, 16 ao\u00fbt 1908, p. viii.\"\n                    alt=\"Fig. 16 \u00abSupplice marocain. Un ca\u00efd crucifi\u00e9 et coup\u00e9 en morceaux \u00e0 Marrakech\u00bb, in \u00abLe Petit Journal Illustr\u00e9\u00bb, 16 ao\u00fbt 1908, p. viii.\"\n                    src=\"https:\/\/lungo800.it\/wp-content\/uploads\/2013\/11\/D3\/cache\/D3_016-nggid03741-ngg0dyn-150x150x100-00f0w010c011r110f110r010t010.jpg\"\n                    width=\"150\"\n                    height=\"150\"\n                    style=\"max-width:100%;\"\n                \/>\n            <\/a>\n        <\/div>\n\t\t\t\t\t\t\t<\/div> \n\t\t\t\n        \n\t\t\t\t<div id=\"ngg-image-16\" class=\"ngg-gallery-thumbnail-box\" >\n\t\t\t\t        <div class=\"ngg-gallery-thumbnail\">\n            <a href=\"https:\/\/lungo800.it\/wp-content\/uploads\/2013\/11\/D3\/D3_017.Perse.jpg\"\n               title=\"Fig. 17 \u00abEx\u00e9cutions sommaires en Perse. Le supplice de trois condamn\u00e9s\u00bb, in \u00abLe Petit Journal Illustr\u00e9\u00bb, 12 juillet 1908, p. i.\"\n               data-src=\"https:\/\/lungo800.it\/wp-content\/uploads\/2013\/11\/D3\/D3_017.Perse.jpg\"\n               data-thumbnail=\"https:\/\/lungo800.it\/wp-content\/uploads\/2013\/11\/D3\/thumbs\/thumbs_D3_017.Perse.jpg\"\n               data-image-id=\"792\"\n               data-title=\"Fig. 17 \u00abEx\u00e9cutions sommaires en Perse. Le supplice de trois condamn\u00e9s\u00bb, in \u00abLe Petit Journal Illustr\u00e9\u00bb, 12 juillet 1908, p. i.\"\n               data-description=\"Fig. 17 \u00abEx\u00e9cutions sommaires en Perse. Le supplice de trois condamn\u00e9s\u00bb, in \u00abLe Petit Journal Illustr\u00e9\u00bb, 12 juillet 1908, p. i.\"\n               data-image-slug=\"fig-17-executions-sommaires-en-perse-le-supplice-de-trois-condamnes-in-le-petit-journal-illustre-12-juillet-1908-p-i-2\"\n               class=\"ngg-fancybox\" rel=\"133\">\n                <img\n                    title=\"Fig. 17 \u00abEx\u00e9cutions sommaires en Perse. Le supplice de trois condamn\u00e9s\u00bb, in \u00abLe Petit Journal Illustr\u00e9\u00bb, 12 juillet 1908, p. i.\"\n                    alt=\"Fig. 17 \u00abEx\u00e9cutions sommaires en Perse. Le supplice de trois condamn\u00e9s\u00bb, in \u00abLe Petit Journal Illustr\u00e9\u00bb, 12 juillet 1908, p. i.\"\n                    src=\"https:\/\/lungo800.it\/wp-content\/uploads\/2013\/11\/D3\/cache\/D3_017.Perse-nggid03792-ngg0dyn-150x150x100-00f0w010c011r110f110r010t010.jpg\"\n                    width=\"150\"\n                    height=\"150\"\n                    style=\"max-width:100%;\"\n                \/>\n            <\/a>\n        <\/div>\n\t\t\t\t\t\t\t<\/div> \n\t\t\t\n        \n\t\t\t\t<div id=\"ngg-image-17\" class=\"ngg-gallery-thumbnail-box\" >\n\t\t\t\t        <div class=\"ngg-gallery-thumbnail\">\n            <a href=\"https:\/\/lungo800.it\/wp-content\/uploads\/2013\/11\/D3\/D3_018.Amerique.jpg\"\n               title=\"Fig. 18 \u00abLa peine de mort en Am\u00e9rique. Une \u00e9lectrocution\u00bb, in \u00abLe Petit Journal Illustr\u00e9\u00bb, 9 avril 1899, p. viii.\"\n               data-src=\"https:\/\/lungo800.it\/wp-content\/uploads\/2013\/11\/D3\/D3_018.Amerique.jpg\"\n               data-thumbnail=\"https:\/\/lungo800.it\/wp-content\/uploads\/2013\/11\/D3\/thumbs\/thumbs_D3_018.Amerique.jpg\"\n               data-image-id=\"793\"\n               data-title=\"Fig. 18 \u00abLa peine de mort en Am\u00e9rique. Une \u00e9lectrocution\u00bb, in \u00abLe Petit Journal Illustr\u00e9\u00bb, 9 avril 1899, p. viii.\"\n               data-description=\"Fig. 18 \u00abLa peine de mort en Am\u00e9rique. Une \u00e9lectrocution\u00bb, in \u00abLe Petit Journal Illustr\u00e9\u00bb, 9 avril 1899, p. viii.\"\n               data-image-slug=\"fig-18-la-peine-de-mort-en-amerique-une-electrocution-in-le-petit-journal-illustre-9-avril-1899-p-viii-2\"\n               class=\"ngg-fancybox\" rel=\"133\">\n                <img\n                    title=\"Fig. 18 \u00abLa peine de mort en Am\u00e9rique. Une \u00e9lectrocution\u00bb, in \u00abLe Petit Journal Illustr\u00e9\u00bb, 9 avril 1899, p. viii.\"\n                    alt=\"Fig. 18 \u00abLa peine de mort en Am\u00e9rique. Une \u00e9lectrocution\u00bb, in \u00abLe Petit Journal Illustr\u00e9\u00bb, 9 avril 1899, p. viii.\"\n                    src=\"https:\/\/lungo800.it\/wp-content\/uploads\/2013\/11\/D3\/cache\/D3_018.Amerique-nggid03793-ngg0dyn-150x150x100-00f0w010c011r110f110r010t010.jpg\"\n                    width=\"150\"\n                    height=\"150\"\n                    style=\"max-width:100%;\"\n                \/>\n            <\/a>\n        <\/div>\n\t\t\t\t\t\t\t<\/div> \n\t\t\t\n        \n\t\t\t\t<div id=\"ngg-image-18\" class=\"ngg-gallery-thumbnail-box\" >\n\t\t\t\t        <div class=\"ngg-gallery-thumbnail\">\n            <a href=\"https:\/\/lungo800.it\/wp-content\/uploads\/2013\/11\/D3\/D3_019.Cent_morceaux.jpg\"\n               title=\"Fig. 19 Anonimo, \u00abCento pezzi\u00bb, fotografia (tratto da: Georges Bataille, \u201cLe lacrime di Eros\u201d, Bollati Boringhieri, Torino 2004, p. 230).\"\n               data-src=\"https:\/\/lungo800.it\/wp-content\/uploads\/2013\/11\/D3\/D3_019.Cent_morceaux.jpg\"\n               data-thumbnail=\"https:\/\/lungo800.it\/wp-content\/uploads\/2013\/11\/D3\/thumbs\/thumbs_D3_019.Cent_morceaux.jpg\"\n               data-image-id=\"794\"\n               data-title=\"Fig. 19 Anonimo, \u00abCento pezzi\u00bb, fotografia (tratto da: Georges Bataille, \u201cLe lacrime di Eros\u201d, Bollati Boringhieri, Torino 2004, p. 230).\"\n               data-description=\"Fig. 19 Anonimo, \u00abCento pezzi\u00bb, fotografia (tratto da: Georges Bataille, \u201cLe lacrime di Eros\u201d, Bollati Boringhieri, Torino 2004, p. 230).\"\n               data-image-slug=\"fig-19-anonimo-cento-pezzi-fotografia-tratto-da-georges-bataille-le-lacrime-di-eros-bollati-boringhieri-torino-2004-p-230-2\"\n               class=\"ngg-fancybox\" rel=\"133\">\n                <img\n                    title=\"Fig. 19 Anonimo, \u00abCento pezzi\u00bb, fotografia (tratto da: Georges Bataille, \u201cLe lacrime di Eros\u201d, Bollati Boringhieri, Torino 2004, p. 230).\"\n                    alt=\"Fig. 19 Anonimo, \u00abCento pezzi\u00bb, fotografia (tratto da: Georges Bataille, \u201cLe lacrime di Eros\u201d, Bollati Boringhieri, Torino 2004, p. 230).\"\n                    src=\"https:\/\/lungo800.it\/wp-content\/uploads\/2013\/11\/D3\/cache\/D3_019.Cent_morceaux-nggid03794-ngg0dyn-150x150x100-00f0w010c011r110f110r010t010.jpg\"\n                    width=\"150\"\n                    height=\"150\"\n                    style=\"max-width:100%;\"\n                \/>\n            <\/a>\n        <\/div>\n\t\t\t\t\t\t\t<\/div> \n\t\t\t\n        \n\t\t\t\t<div id=\"ngg-image-19\" class=\"ngg-gallery-thumbnail-box\" >\n\t\t\t\t        <div class=\"ngg-gallery-thumbnail\">\n            <a href=\"https:\/\/lungo800.it\/wp-content\/uploads\/2013\/11\/D3\/D3_020.Anthropometrie.jpg\"\n               title=\"Fig. 20 \u00abL\u2019assassin de Choisy-le-Roi \u00e0 l\u2019anthropom\u00e9trie\u00bb, in \u00abLe Petit Journal Illustr\u00e9\u00bb, 7 mai 1899, p. viii.\"\n               data-src=\"https:\/\/lungo800.it\/wp-content\/uploads\/2013\/11\/D3\/D3_020.Anthropometrie.jpg\"\n               data-thumbnail=\"https:\/\/lungo800.it\/wp-content\/uploads\/2013\/11\/D3\/thumbs\/thumbs_D3_020.Anthropometrie.jpg\"\n               data-image-id=\"795\"\n               data-title=\"Fig. 20 \u00abL\u2019assassin de Choisy-le-Roi \u00e0 l\u2019anthropom\u00e9trie\u00bb, in \u00abLe Petit Journal Illustr\u00e9\u00bb, 7 mai 1899, p. viii.\"\n               data-description=\"Fig. 20 \u00abL\u2019assassin de Choisy-le-Roi \u00e0 l\u2019anthropom\u00e9trie\u00bb, in \u00abLe Petit Journal Illustr\u00e9\u00bb, 7 mai 1899, p. viii.\"\n               data-image-slug=\"fig-20-lassassin-de-choisy-le-roi-a-lanthropometrie-in-le-petit-journal-illustre-7-mai-1899-p-viii-2\"\n               class=\"ngg-fancybox\" rel=\"133\">\n                <img\n                    title=\"Fig. 20 \u00abL\u2019assassin de Choisy-le-Roi \u00e0 l\u2019anthropom\u00e9trie\u00bb, in \u00abLe Petit Journal Illustr\u00e9\u00bb, 7 mai 1899, p. viii.\"\n                    alt=\"Fig. 20 \u00abL\u2019assassin de Choisy-le-Roi \u00e0 l\u2019anthropom\u00e9trie\u00bb, in \u00abLe Petit Journal Illustr\u00e9\u00bb, 7 mai 1899, p. viii.\"\n                    src=\"https:\/\/lungo800.it\/wp-content\/uploads\/2013\/11\/D3\/cache\/D3_020.Anthropometrie-nggid03795-ngg0dyn-150x150x100-00f0w010c011r110f110r010t010.jpg\"\n                    width=\"150\"\n                    height=\"150\"\n                    style=\"max-width:100%;\"\n                \/>\n            <\/a>\n        <\/div>\n\t\t\t\t\t\t\t<\/div> \n\t\t\t\n        \n\t\t\t\t<div id=\"ngg-image-20\" class=\"ngg-gallery-thumbnail-box\" >\n\t\t\t\t        <div class=\"ngg-gallery-thumbnail\">\n            <a href=\"https:\/\/lungo800.it\/wp-content\/uploads\/2013\/11\/D3\/D3_021.Tuberculose.jpg\"\n               title=\"Fig. 21 \u00abLa cure de la tuberculose\u00bb, in \u00abLe Petit Journal Illustr\u00e9\u00bb, 1 septembre 1901, p. viii.\"\n               data-src=\"https:\/\/lungo800.it\/wp-content\/uploads\/2013\/11\/D3\/D3_021.Tuberculose.jpg\"\n               data-thumbnail=\"https:\/\/lungo800.it\/wp-content\/uploads\/2013\/11\/D3\/thumbs\/thumbs_D3_021.Tuberculose.jpg\"\n               data-image-id=\"796\"\n               data-title=\"Fig. 21 \u00abLa cure de la tuberculose\u00bb, in \u00abLe Petit Journal Illustr\u00e9\u00bb, 1 septembre 1901, p. viii.\"\n               data-description=\"Fig. 21 \u00abLa cure de la tuberculose\u00bb, in \u00abLe Petit Journal Illustr\u00e9\u00bb, 1 septembre 1901, p. viii.\"\n               data-image-slug=\"fig-21-la-cure-de-la-tuberculose-in-le-petit-journal-illustre-1-septembre-1901-p-viii-2\"\n               class=\"ngg-fancybox\" rel=\"133\">\n                <img\n                    title=\"Fig. 21 \u00abLa cure de la tuberculose\u00bb, in \u00abLe Petit Journal Illustr\u00e9\u00bb, 1 septembre 1901, p. viii.\"\n                    alt=\"Fig. 21 \u00abLa cure de la tuberculose\u00bb, in \u00abLe Petit Journal Illustr\u00e9\u00bb, 1 septembre 1901, p. viii.\"\n                    src=\"https:\/\/lungo800.it\/wp-content\/uploads\/2013\/11\/D3\/cache\/D3_021.Tuberculose-nggid03796-ngg0dyn-150x150x100-00f0w010c011r110f110r010t010.jpg\"\n                    width=\"150\"\n                    height=\"150\"\n                    style=\"max-width:100%;\"\n                \/>\n            <\/a>\n        <\/div>\n\t\t\t\t\t\t\t<\/div> \n\t\t\t\n        \n\t\t\n\t\t<!-- Pagination -->\n\t<div class='ngg-clear'><\/div>\t<\/div>\n<\/div>\n","protected":false},"excerpt":{"rendered":"<p>di Erica Grossi Nel corso del lungo Ottocento, i processi di nation ed empire building vedono il radicalizzarsi di pratiche e retoriche della violenza fondate sull\u2019identit\u00e0 di sangue e sull\u2019onore di una patria in armi che all\u2019alba della Grande Guerra intercettano il boom della stampa illustrata, borghese e popolare. Una generalizzata democratizzazione dei media e [&hellip;]<\/p>\n","protected":false},"author":1,"featured_media":0,"comment_status":"open","ping_status":"open","sticky":false,"template":"","format":"standard","meta":{"ngg_post_thumbnail":0},"categories":[5],"tags":[],"_links":{"self":[{"href":"https:\/\/lungo800.it\/index.php?rest_route=\/wp\/v2\/posts\/69"}],"collection":[{"href":"https:\/\/lungo800.it\/index.php?rest_route=\/wp\/v2\/posts"}],"about":[{"href":"https:\/\/lungo800.it\/index.php?rest_route=\/wp\/v2\/types\/post"}],"author":[{"embeddable":true,"href":"https:\/\/lungo800.it\/index.php?rest_route=\/wp\/v2\/users\/1"}],"replies":[{"embeddable":true,"href":"https:\/\/lungo800.it\/index.php?rest_route=%2Fwp%2Fv2%2Fcomments&post=69"}],"version-history":[{"count":7,"href":"https:\/\/lungo800.it\/index.php?rest_route=\/wp\/v2\/posts\/69\/revisions"}],"predecessor-version":[{"id":519,"href":"https:\/\/lungo800.it\/index.php?rest_route=\/wp\/v2\/posts\/69\/revisions\/519"}],"wp:attachment":[{"href":"https:\/\/lungo800.it\/index.php?rest_route=%2Fwp%2Fv2%2Fmedia&parent=69"}],"wp:term":[{"taxonomy":"category","embeddable":true,"href":"https:\/\/lungo800.it\/index.php?rest_route=%2Fwp%2Fv2%2Fcategories&post=69"},{"taxonomy":"post_tag","embeddable":true,"href":"https:\/\/lungo800.it\/index.php?rest_route=%2Fwp%2Fv2%2Ftags&post=69"}],"curies":[{"name":"wp","href":"https:\/\/api.w.org\/{rel}","templated":true}]}}